{"id":1347,"date":"2015-03-16T11:50:58","date_gmt":"2015-03-16T11:50:58","guid":{"rendered":"http:\/\/www.paginasdeldiariodesatan.com\/pdds\/?p=1347"},"modified":"2015-03-16T11:52:09","modified_gmt":"2015-03-16T11:52:09","slug":"iconofobia","status":"publish","type":"post","link":"http:\/\/www.paginas-del-diario-de-satan.com\/pdds\/?p=1347","title":{"rendered":"Iconofobia"},"content":{"rendered":"<p>&nbsp;<\/p>\n<p><img alt=\"\" src=\"http:\/\/cdn.larepublica.pe\/sites\/default\/files\/imagecache\/video_imagen_previa_520x312\/imagen\/2015\/03\/14\/imagen-mural.jpg\" \/><\/p>\n<p><strong>Foto: diario <em>La Rep\u00fablica<\/em><\/strong><\/p>\n<p>En la semana en que el mundo\u00a0celebra\u00a0el 120 aniversario de\u00a0las im\u00e1genes de los Lumi\u00e8re, en Lima asistimos a la m\u00e1s b\u00e1rbara exhibici\u00f3n de iconofobia.<\/p>\n<p>En el Per\u00fa de los a\u00f1os sesenta del siglo pasado se quemaron libros. En pleno siglo XXI, las autoridades peruanas niegan derechos civiles a sus ciudadanos, citan a Hitler para justificarse y se lanzan a\u00a0grotescas exhibiciones de su odio -miedo- a las im\u00e1genes. Pura iconofobia.<\/p>\n<p>En otros tiempos la iconoclasia era considerada herej\u00eda. Ahora, es exhibici\u00f3n\u00a0prepotente de\u00a0una ignorante autoridad.<\/p>\n<p><strong>Ricardo Bedoya<\/strong><\/p>\n","protected":false},"excerpt":{"rendered":"<p>&nbsp; Foto: diario La Rep\u00fablica En la semana en que el mundo\u00a0celebra\u00a0el 120 aniversario de\u00a0las im\u00e1genes de los Lumi\u00e8re, en Lima asistimos a la m\u00e1s b\u00e1rbara exhibici\u00f3n de iconofobia. En el Per\u00fa de los a\u00f1os sesenta del siglo pasado se quemaron libros. En pleno siglo XXI, las autoridades peruanas niegan derechos civiles a sus ciudadanos, [&hellip;]<\/p>\n","protected":false},"author":1,"featured_media":0,"comment_status":"open","ping_status":"open","sticky":false,"template":"","format":"standard","meta":[],"categories":[232,231],"tags":[],"_links":{"self":[{"href":"http:\/\/www.paginas-del-diario-de-satan.com\/pdds\/index.php?rest_route=\/wp\/v2\/posts\/1347"}],"collection":[{"href":"http:\/\/www.paginas-del-diario-de-satan.com\/pdds\/index.php?rest_route=\/wp\/v2\/posts"}],"about":[{"href":"http:\/\/www.paginas-del-diario-de-satan.com\/pdds\/index.php?rest_route=\/wp\/v2\/types\/post"}],"author":[{"embeddable":true,"href":"http:\/\/www.paginas-del-diario-de-satan.com\/pdds\/index.php?rest_route=\/wp\/v2\/users\/1"}],"replies":[{"embeddable":true,"href":"http:\/\/www.paginas-del-diario-de-satan.com\/pdds\/index.php?rest_route=%2Fwp%2Fv2%2Fcomments&post=1347"}],"version-history":[{"count":3,"href":"http:\/\/www.paginas-del-diario-de-satan.com\/pdds\/index.php?rest_route=\/wp\/v2\/posts\/1347\/revisions"}],"predecessor-version":[{"id":1350,"href":"http:\/\/www.paginas-del-diario-de-satan.com\/pdds\/index.php?rest_route=\/wp\/v2\/posts\/1347\/revisions\/1350"}],"wp:attachment":[{"href":"http:\/\/www.paginas-del-diario-de-satan.com\/pdds\/index.php?rest_route=%2Fwp%2Fv2%2Fmedia&parent=1347"}],"wp:term":[{"taxonomy":"category","embeddable":true,"href":"http:\/\/www.paginas-del-diario-de-satan.com\/pdds\/index.php?rest_route=%2Fwp%2Fv2%2Fcategories&post=1347"},{"taxonomy":"post_tag","embeddable":true,"href":"http:\/\/www.paginas-del-diario-de-satan.com\/pdds\/index.php?rest_route=%2Fwp%2Fv2%2Ftags&post=1347"}],"curies":[{"name":"wp","href":"https:\/\/api.w.org\/{rel}","templated":true}]}}