{"id":1362,"date":"2015-03-18T12:05:18","date_gmt":"2015-03-18T12:05:18","guid":{"rendered":"http:\/\/www.paginasdeldiariodesatan.com\/pdds\/?p=1362"},"modified":"2015-03-18T12:05:18","modified_gmt":"2015-03-18T12:05:18","slug":"critico-de-cine","status":"publish","type":"post","link":"http:\/\/www.paginas-del-diario-de-satan.com\/pdds\/?p=1362","title":{"rendered":"\u00bfCr\u00edtico de cine?"},"content":{"rendered":"<p>Alan Garc\u00eda P\u00e9rez ha dicho lo siguiente:<\/p>\n<p>&#8220;Podr\u00eda ser cr\u00edtico de cine o cuidar a mis nietos, pero creo que la vida exige que haga cosas m\u00e1s importantes. Tengo muchas ganas, muchos deseos porque, sin trabajar en cosas concretas por el Per\u00fa. \u00bfQu\u00e9 sentido tiene mi vida?&#8221; <a href=\"http:\/\/elcomercio.pe\/politica\/actualidad\/alan-garcia-esta-pensando-postular-presidencia-noticia-1796102\">Aqu\u00ed.<\/a><\/p>\n<p>Abrimos un juego: \u00bfQu\u00e9 piensan del dilema del se\u00f1or Garc\u00eda?<\/p>\n<p>\u00bfQu\u00e9 le aconsejar\u00edan ustedes?<\/p>\n<p>Un amigo nos pide consignar las primeras\u00a0opiniones:<\/p>\n<p>&#8211; &#8220;Truffaut dec\u00eda que todo el mundo tiene dos profesiones: la suya y la de cr\u00edtico de cine. Tal vez Garc\u00eda se equivoc\u00f3 al no ejercer esa segunda profesi\u00f3n, y todav\u00eda est\u00e9 a tiempo de enmendar su error, en vez de agobiar al pa\u00eds con una tercera candidatura.&#8221;<\/p>\n<p>&#8211; &#8220;No creo que podr\u00eda ser cr\u00edtico de cine, pues su ego colosal solo lo har\u00eda hablar de s\u00ed mismo en sus cr\u00edticas.&#8221;<\/p>\n<p>Se podr\u00eda agregar algunas otras:<\/p>\n<p>-&#8220;Tal vez no le convenga, porque las pel\u00edculas no llegan solas. Hay que ir a verlas o encontrarlas donde se hallen, como en Polvos.&#8221;<\/p>\n<p>&#8220;-Que ser\u00eda un peligro en las colas del Festival de Lima, ya que pretender\u00eda entrar con los modales que sufri\u00f3 el contuso se\u00f1or Lora.&#8221;<\/p>\n<p>&#8211; &#8220;Las pel\u00edculas andinas pagar\u00edan pato porque son de &#8216;segunda categor\u00eda&#8217;.<\/p>\n<p>-&#8220;Que\u00a0es m\u00e1s c\u00f3modo\u00a0caminar por la parisina\u00a0Rue de la Faisanderie que por los pasillos de la Cinemateca Francesa<strong>.&#8221;<\/strong><\/p>\n<p>&nbsp;<\/p>\n<p><strong>Ricardo Bedoya<\/strong><\/p>\n","protected":false},"excerpt":{"rendered":"<p>Alan Garc\u00eda P\u00e9rez ha dicho lo siguiente: &#8220;Podr\u00eda ser cr\u00edtico de cine o cuidar a mis nietos, pero creo que la vida exige que haga cosas m\u00e1s importantes. Tengo muchas ganas, muchos deseos porque, sin trabajar en cosas concretas por el Per\u00fa. \u00bfQu\u00e9 sentido tiene mi vida?&#8221; Aqu\u00ed. Abrimos un juego: \u00bfQu\u00e9 piensan del dilema [&hellip;]<\/p>\n","protected":false},"author":1,"featured_media":0,"comment_status":"open","ping_status":"open","sticky":false,"template":"","format":"standard","meta":[],"categories":[1],"tags":[],"_links":{"self":[{"href":"http:\/\/www.paginas-del-diario-de-satan.com\/pdds\/index.php?rest_route=\/wp\/v2\/posts\/1362"}],"collection":[{"href":"http:\/\/www.paginas-del-diario-de-satan.com\/pdds\/index.php?rest_route=\/wp\/v2\/posts"}],"about":[{"href":"http:\/\/www.paginas-del-diario-de-satan.com\/pdds\/index.php?rest_route=\/wp\/v2\/types\/post"}],"author":[{"embeddable":true,"href":"http:\/\/www.paginas-del-diario-de-satan.com\/pdds\/index.php?rest_route=\/wp\/v2\/users\/1"}],"replies":[{"embeddable":true,"href":"http:\/\/www.paginas-del-diario-de-satan.com\/pdds\/index.php?rest_route=%2Fwp%2Fv2%2Fcomments&post=1362"}],"version-history":[{"count":2,"href":"http:\/\/www.paginas-del-diario-de-satan.com\/pdds\/index.php?rest_route=\/wp\/v2\/posts\/1362\/revisions"}],"predecessor-version":[{"id":1373,"href":"http:\/\/www.paginas-del-diario-de-satan.com\/pdds\/index.php?rest_route=\/wp\/v2\/posts\/1362\/revisions\/1373"}],"wp:attachment":[{"href":"http:\/\/www.paginas-del-diario-de-satan.com\/pdds\/index.php?rest_route=%2Fwp%2Fv2%2Fmedia&parent=1362"}],"wp:term":[{"taxonomy":"category","embeddable":true,"href":"http:\/\/www.paginas-del-diario-de-satan.com\/pdds\/index.php?rest_route=%2Fwp%2Fv2%2Fcategories&post=1362"},{"taxonomy":"post_tag","embeddable":true,"href":"http:\/\/www.paginas-del-diario-de-satan.com\/pdds\/index.php?rest_route=%2Fwp%2Fv2%2Ftags&post=1362"}],"curies":[{"name":"wp","href":"https:\/\/api.w.org\/{rel}","templated":true}]}}