{"id":139,"date":"2013-05-29T11:06:23","date_gmt":"2013-05-29T11:06:23","guid":{"rendered":"http:\/\/www.paginasdeldiariodesatan.com\/pdds\/?p=139"},"modified":"2013-05-29T11:06:23","modified_gmt":"2013-05-29T11:06:23","slug":"fiacid-los-dias-y-ulises-morales","status":"publish","type":"post","link":"http:\/\/www.paginas-del-diario-de-satan.com\/pdds\/?p=139","title":{"rendered":"FIACID: Los d\u00edas y Ulises Morales"},"content":{"rendered":"<p>No empiezo con buen pie el FIACID.<\/p>\n<p>\u201cLos d\u00edas\u201d, del argentino Ezequiel Yanco, graba con las t\u00e9cnicas del documental de observaci\u00f3n el d\u00eda a d\u00eda de dos ni\u00f1as gemelas de nueve a\u00f1os. Con la c\u00e1mara casi pegada al rostro y los cuerpos de Martina y Micaela, la cr\u00f3nica se abre progresivamente a la mirada sobre el entorno pr\u00f3ximo: la presencia dominante de la madre, la discreci\u00f3n del padre, las lecciones de catecismo, la preparaci\u00f3n para un casting publicitario. Todo est\u00e1 registrado con minucia, solvencia, pulcritud, y la pel\u00edcula fluye con correcci\u00f3n. Sin recurrir al simbolismo, la pel\u00edcula muestra a las ni\u00f1as en la necesidad de valerse por s\u00ed mismas, de crecer.<\/p>\n<p>Es una pel\u00edcula interesante pero lastrada por su propio m\u00e9todo. El \u201cparti \u00a0pris\u201d de capturar la morosa cotidianeidad le pasa factura a la pel\u00edcula a los 50 minutos de proyecci\u00f3n. La pel\u00edcula pierde aliento cuando la receta minimalista se torna evidente. La reiterativa descripci\u00f3n de los gestos m\u00ednimos (por m\u00e1s carism\u00e1ticas que resulten las peque\u00f1as) y de la rutina dom\u00e9stica roza la banalidad. La proyecci\u00f3n en la sala Robles Godoy se interrumpi\u00f3 faltando poco para terminar: disco da\u00f1ado.<\/p>\n<p>La chilena \u201cUlises Morales\u201d, de V\u00edctor Cubillos, se apoya en una idea ingeniosa: un ciudadano decide imponer reglas de buen comportamiento y moralidad a los infractores de la convivencia urbana. \u00a0Pistola al cinto y en compa\u00f1\u00eda de un fronterizo asistente y camar\u00f3grafo, sale a las calles de Santiago a imponer el \u201corden\u201d.<\/p>\n<p>Lo que sigue es una sucesi\u00f3n de episodios m\u00e1s o menos ir\u00f3nicos, m\u00e1s o menos crueles, casi siempre anecd\u00f3ticos y coloridos, con toques de observaci\u00f3n costumbrista y gui\u00f1os de comentario social. Nada m\u00e1s. Lo que sostiene a la pel\u00edcula es la presencia de un buen actor, V\u00edctor \u00a0Montero, que le aporta a su personaje, ese pintoresco fan\u00e1tico, fascista de bolsillo, un toque de farsa, sin caer en lo grotesco. \u00a0\u00a0<\/p>\n<p>\u00a0<strong>Ricardo Bedoya<\/strong><\/p>\n","protected":false},"excerpt":{"rendered":"<p>No empiezo con buen pie el FIACID. \u201cLos d\u00edas\u201d, del argentino Ezequiel Yanco, graba con las t\u00e9cnicas del documental de observaci\u00f3n el d\u00eda a d\u00eda de dos ni\u00f1as gemelas de nueve a\u00f1os. Con la c\u00e1mara casi pegada al rostro y los cuerpos de Martina y Micaela, la cr\u00f3nica se abre progresivamente a la mirada sobre [&hellip;]<\/p>\n","protected":false},"author":1,"featured_media":0,"comment_status":"open","ping_status":"open","sticky":false,"template":"","format":"standard","meta":[],"categories":[6],"tags":[],"_links":{"self":[{"href":"http:\/\/www.paginas-del-diario-de-satan.com\/pdds\/index.php?rest_route=\/wp\/v2\/posts\/139"}],"collection":[{"href":"http:\/\/www.paginas-del-diario-de-satan.com\/pdds\/index.php?rest_route=\/wp\/v2\/posts"}],"about":[{"href":"http:\/\/www.paginas-del-diario-de-satan.com\/pdds\/index.php?rest_route=\/wp\/v2\/types\/post"}],"author":[{"embeddable":true,"href":"http:\/\/www.paginas-del-diario-de-satan.com\/pdds\/index.php?rest_route=\/wp\/v2\/users\/1"}],"replies":[{"embeddable":true,"href":"http:\/\/www.paginas-del-diario-de-satan.com\/pdds\/index.php?rest_route=%2Fwp%2Fv2%2Fcomments&post=139"}],"version-history":[{"count":2,"href":"http:\/\/www.paginas-del-diario-de-satan.com\/pdds\/index.php?rest_route=\/wp\/v2\/posts\/139\/revisions"}],"predecessor-version":[{"id":141,"href":"http:\/\/www.paginas-del-diario-de-satan.com\/pdds\/index.php?rest_route=\/wp\/v2\/posts\/139\/revisions\/141"}],"wp:attachment":[{"href":"http:\/\/www.paginas-del-diario-de-satan.com\/pdds\/index.php?rest_route=%2Fwp%2Fv2%2Fmedia&parent=139"}],"wp:term":[{"taxonomy":"category","embeddable":true,"href":"http:\/\/www.paginas-del-diario-de-satan.com\/pdds\/index.php?rest_route=%2Fwp%2Fv2%2Fcategories&post=139"},{"taxonomy":"post_tag","embeddable":true,"href":"http:\/\/www.paginas-del-diario-de-satan.com\/pdds\/index.php?rest_route=%2Fwp%2Fv2%2Ftags&post=139"}],"curies":[{"name":"wp","href":"https:\/\/api.w.org\/{rel}","templated":true}]}}