{"id":1392,"date":"2015-03-30T18:11:36","date_gmt":"2015-03-30T18:11:36","guid":{"rendered":"http:\/\/www.paginasdeldiariodesatan.com\/pdds\/?p=1392"},"modified":"2015-03-31T22:13:02","modified_gmt":"2015-03-31T22:13:02","slug":"tolima-bafici-y-un-foco-que-desenfoca","status":"publish","type":"post","link":"http:\/\/www.paginas-del-diario-de-satan.com\/pdds\/?p=1392","title":{"rendered":"Tolima, BAFICI, y un foco que desenfoca"},"content":{"rendered":"<p><img alt=\"\" src=\"https:\/\/fbcdn-sphotos-d-a.akamaihd.net\/hphotos-ak-xpf1\/v\/t1.0-9\/10981960_10153699389103032_4757620610797223462_n.jpg?oh=c6d816bd3dcd5e49e1d3bca36f648d05&amp;oe=55A6E55D&amp;__gda__=1437890594_2e25d83280698335deaa408154cced59\" \/><\/p>\n<p>&nbsp;<\/p>\n<p>En los pr\u00f3ximos d\u00edas se proyectar\u00e1n dos muestras en cine peruano en el extranjero.<\/p>\n<p>Una, en la Universidad de Tolima, en Colombia. La programaci\u00f3n la\u00a0pueden ver en la ilustraci\u00f3n de arriba. El responsable de la selecci\u00f3n es Farid Rodr\u00edguez.<\/p>\n<p>La otra es un Foco dentro de la programaci\u00f3n del Festival Internacional de Cine Independiente de Buenos Aires (BAFICI). El responsable de la selecci\u00f3n es John Campos G\u00f3mez, lleva el t\u00edtulo de <em>Per\u00fa: radiograf\u00eda de un pa\u00eds<\/em>, y comprende las siguientes pel\u00edculas: <span style=\"font-family: Times New Roman; font-size: medium;\">Runan Caycu, de Nora\u00a0de Izcue;\u00a0Miss Universo en el Per\u00fa, de Mar\u00eda Barea, Fernando Barreto, Fernando Espinoza, Stefan Kaspar, Alejandro Legaspi;\u00a0 Radio Bel\u00e9n, de Gianfranco Annichini;\u00a0Del verbo amar, de Mary Jim\u00e9nez;\u00a0Juliana, de Fernando Espinoza, Alejandro Legaspi;\u00a0Metal y melancol\u00eda, de Heddy Honigmann;\u00a0D\u00edas de Santiago, de Josu\u00e9 M\u00e9ndez;\u00a0Para\u00edso, de H\u00e9ctor G\u00e1lvez;\u00a0Lima bruja. Retratos de la m\u00fasica criolla, de Rafael Polar;\u00a0Me dicen Yovo, de Juan Alejandro Ram\u00edrez;\u00a0Solo un cargador, de Juan Alejandro Ram\u00edrez;\u00a0Nadie especial, de Juan Alejandro Ram\u00edrez.<\/span><\/p>\n<p>El ciclo que se proyectar\u00e1 en Colombia me parece m\u00e1s preciso, arriesgado y\u00a0coherente que el de\u00a0BAFICI. Es un cine digital que fuerza los est\u00e1ndares de la representaci\u00f3n y que expresa bien una vertiente de la producci\u00f3n y la realizaci\u00f3n cinematogr\u00e1fica en el Per\u00fa de los \u00faltimos a\u00f1os.<\/p>\n<p>En cambio, no logro entender el caj\u00f3n de sastre propuesto para BAFICI.<\/p>\n<p>Mejor dicho, me resulta incomprensible el concepto que sustenta\u00a0una &#8220;radiograf\u00eda del pa\u00eds&#8221; que abarca cuarenta a\u00f1os (una radiograf\u00eda es una foto\u00a0en tiempo acotado y a un \u00f3rgano preciso), pasa por alto la representaci\u00f3n del conflicto armado interno,\u00a0da la espalda a\u00a0asuntos \u00e1lgidos como el de los desaparecidos y las tumbas clandestinas,\u00a0\u00a0y excluye\u00a0el cine que se hace, desde hace dos d\u00e9cadas, en Ayacucho, Puno, entre otras regiones del Per\u00fa. Es en esos\u00a0lugares donde\u00a0se\u00a0realizan las radiograf\u00edas m\u00e1s penetrantes del pa\u00eds,\u00a0dramatizando o &#8220;performando&#8221; asuntos como el incesto, el alcoholismo,\u00a0los efectos de la econom\u00eda informal, el abandono del Estado, los traumas de la guerra, los conflictos entre la tradici\u00f3n y la modernidad, la negociaci\u00f3n entre\u00a0formas culturales de aqu\u00ed y de afuera, entre much\u00edsimos otros asuntos que ni asoman.\u00a0Ese foco, desenfoca.<\/p>\n<p><strong>Ricardo Bedoya<\/strong><\/p>\n","protected":false},"excerpt":{"rendered":"<p>&nbsp; En los pr\u00f3ximos d\u00edas se proyectar\u00e1n dos muestras en cine peruano en el extranjero. Una, en la Universidad de Tolima, en Colombia. La programaci\u00f3n la\u00a0pueden ver en la ilustraci\u00f3n de arriba. El responsable de la selecci\u00f3n es Farid Rodr\u00edguez. La otra es un Foco dentro de la programaci\u00f3n del Festival Internacional de Cine Independiente [&hellip;]<\/p>\n","protected":false},"author":1,"featured_media":0,"comment_status":"open","ping_status":"open","sticky":false,"template":"","format":"standard","meta":[],"categories":[247,39,200,3,6],"tags":[],"_links":{"self":[{"href":"http:\/\/www.paginas-del-diario-de-satan.com\/pdds\/index.php?rest_route=\/wp\/v2\/posts\/1392"}],"collection":[{"href":"http:\/\/www.paginas-del-diario-de-satan.com\/pdds\/index.php?rest_route=\/wp\/v2\/posts"}],"about":[{"href":"http:\/\/www.paginas-del-diario-de-satan.com\/pdds\/index.php?rest_route=\/wp\/v2\/types\/post"}],"author":[{"embeddable":true,"href":"http:\/\/www.paginas-del-diario-de-satan.com\/pdds\/index.php?rest_route=\/wp\/v2\/users\/1"}],"replies":[{"embeddable":true,"href":"http:\/\/www.paginas-del-diario-de-satan.com\/pdds\/index.php?rest_route=%2Fwp%2Fv2%2Fcomments&post=1392"}],"version-history":[{"count":4,"href":"http:\/\/www.paginas-del-diario-de-satan.com\/pdds\/index.php?rest_route=\/wp\/v2\/posts\/1392\/revisions"}],"predecessor-version":[{"id":1398,"href":"http:\/\/www.paginas-del-diario-de-satan.com\/pdds\/index.php?rest_route=\/wp\/v2\/posts\/1392\/revisions\/1398"}],"wp:attachment":[{"href":"http:\/\/www.paginas-del-diario-de-satan.com\/pdds\/index.php?rest_route=%2Fwp%2Fv2%2Fmedia&parent=1392"}],"wp:term":[{"taxonomy":"category","embeddable":true,"href":"http:\/\/www.paginas-del-diario-de-satan.com\/pdds\/index.php?rest_route=%2Fwp%2Fv2%2Fcategories&post=1392"},{"taxonomy":"post_tag","embeddable":true,"href":"http:\/\/www.paginas-del-diario-de-satan.com\/pdds\/index.php?rest_route=%2Fwp%2Fv2%2Ftags&post=1392"}],"curies":[{"name":"wp","href":"https:\/\/api.w.org\/{rel}","templated":true}]}}