{"id":1477,"date":"2015-05-10T18:02:04","date_gmt":"2015-05-10T18:02:04","guid":{"rendered":"http:\/\/www.paginasdeldiariodesatan.com\/pdds\/?p=1477"},"modified":"2015-05-10T18:02:04","modified_gmt":"2015-05-10T18:02:04","slug":"vengadores-la-era-de-ultron","status":"publish","type":"post","link":"http:\/\/www.paginas-del-diario-de-satan.com\/pdds\/?p=1477","title":{"rendered":"Vengadores: la era de Ultr\u00f3n"},"content":{"rendered":"<p><img alt=\"\" src=\"http:\/\/www.peliculatom.com\/wp-content\/uploads\/5ac9feed9cf2dc0156620a865fe7f884.jpg\" \/><\/p>\n<p>&nbsp;<\/p>\n<p>Lo mejor de &#8220;Vengadores: la era de Ultr\u00f3n&#8221; aparece espolvoreado en una narraci\u00f3n confusa y err\u00e1tica.<\/p>\n<p>Son im\u00e1genes, ideas sin desarrollar, apuntes.\u00a0El Capit\u00e1n Am\u00e9rica, el guerrero anacr\u00f3nico que no puede\u00a0retornar a casa; Visi\u00f3n apareciendo como encarnaci\u00f3n idealizada o rev\u00e9s\u00a0beat\u00edfico del lado oscuro de los h\u00e9roes; la imagen de Iron Man y de Ultr\u00f3n como pares y reveses; la aparici\u00f3n de la nueva generaci\u00f3n de\u00a0Vengadores como sacados de un cromo ingenuo de los a\u00f1os cincuenta; la auto iron\u00eda de Thor y el aturdimiento con su pasado de vikingo mitol\u00f3gico;\u00a0la incursi\u00f3n guerrera de Elizabeth Olsen; la presencia s\u00f3lida y cl\u00e1sica de Jeremy Renner;\u00a0la apelaci\u00f3n al mito de los cient\u00edficos locos, desbordados por su propia creaci\u00f3n, v\u00edctimas del\u00a0s\u00edndrome de Frankenstein que pasa factura a los personajes de Downey Jr. y Ruffalo.<\/p>\n<p>Lo peor, colindando con el humor involuntario: las explicaciones de la trama que\u00a0deben emprender los personajes, con gesto contrito, cada veinte minutos, para poner algo de orden en el disparate o en el desmadre; Downey Jr. con su pose altiva de siempre; el dialogado romance entre Ruffalo y Scarlett; los combates en c\u00e1mara lenta; la sensaci\u00f3n de pel\u00edcula acomodada en remontajes sucesivos, recortando personajes secundarios\u00a0e imponiendo\u00a0disciplina para que los superh\u00e9roes, pese a los\u00a0conflictos internos\u00a0sugeridos por el guion, nunca dejen de ser monol\u00edticos.<\/p>\n<p><strong>Ricardo Bedoya<\/strong><\/p>\n","protected":false},"excerpt":{"rendered":"<p>&nbsp; Lo mejor de &#8220;Vengadores: la era de Ultr\u00f3n&#8221; aparece espolvoreado en una narraci\u00f3n confusa y err\u00e1tica. Son im\u00e1genes, ideas sin desarrollar, apuntes.\u00a0El Capit\u00e1n Am\u00e9rica, el guerrero anacr\u00f3nico que no puede\u00a0retornar a casa; Visi\u00f3n apareciendo como encarnaci\u00f3n idealizada o rev\u00e9s\u00a0beat\u00edfico del lado oscuro de los h\u00e9roes; la imagen de Iron Man y de Ultr\u00f3n como [&hellip;]<\/p>\n","protected":false},"author":1,"featured_media":0,"comment_status":"open","ping_status":"open","sticky":false,"template":"","format":"standard","meta":[],"categories":[52,14,11,285,284],"tags":[],"_links":{"self":[{"href":"http:\/\/www.paginas-del-diario-de-satan.com\/pdds\/index.php?rest_route=\/wp\/v2\/posts\/1477"}],"collection":[{"href":"http:\/\/www.paginas-del-diario-de-satan.com\/pdds\/index.php?rest_route=\/wp\/v2\/posts"}],"about":[{"href":"http:\/\/www.paginas-del-diario-de-satan.com\/pdds\/index.php?rest_route=\/wp\/v2\/types\/post"}],"author":[{"embeddable":true,"href":"http:\/\/www.paginas-del-diario-de-satan.com\/pdds\/index.php?rest_route=\/wp\/v2\/users\/1"}],"replies":[{"embeddable":true,"href":"http:\/\/www.paginas-del-diario-de-satan.com\/pdds\/index.php?rest_route=%2Fwp%2Fv2%2Fcomments&post=1477"}],"version-history":[{"count":1,"href":"http:\/\/www.paginas-del-diario-de-satan.com\/pdds\/index.php?rest_route=\/wp\/v2\/posts\/1477\/revisions"}],"predecessor-version":[{"id":1478,"href":"http:\/\/www.paginas-del-diario-de-satan.com\/pdds\/index.php?rest_route=\/wp\/v2\/posts\/1477\/revisions\/1478"}],"wp:attachment":[{"href":"http:\/\/www.paginas-del-diario-de-satan.com\/pdds\/index.php?rest_route=%2Fwp%2Fv2%2Fmedia&parent=1477"}],"wp:term":[{"taxonomy":"category","embeddable":true,"href":"http:\/\/www.paginas-del-diario-de-satan.com\/pdds\/index.php?rest_route=%2Fwp%2Fv2%2Fcategories&post=1477"},{"taxonomy":"post_tag","embeddable":true,"href":"http:\/\/www.paginas-del-diario-de-satan.com\/pdds\/index.php?rest_route=%2Fwp%2Fv2%2Ftags&post=1477"}],"curies":[{"name":"wp","href":"https:\/\/api.w.org\/{rel}","templated":true}]}}