{"id":1519,"date":"2015-05-31T15:46:33","date_gmt":"2015-05-31T15:46:33","guid":{"rendered":"http:\/\/www.paginasdeldiariodesatan.com\/pdds\/?p=1519"},"modified":"2015-05-31T15:49:02","modified_gmt":"2015-05-31T15:49:02","slug":"semana-del-cine-frances-las-imprescindibles","status":"publish","type":"post","link":"http:\/\/www.paginas-del-diario-de-satan.com\/pdds\/?p=1519","title":{"rendered":"Semana del cine franc\u00e9s: las imprescindibles"},"content":{"rendered":"<p><img alt=\"\" src=\"http:\/\/www.cinemaldito.com\/wp-content\/uploads\/2013\/08\/La-jalousie-21.jpg\" \/><\/p>\n<p><strong>Esta semana empieza la Semana del cine franc\u00e9s que, este a\u00f1o, trae 22 pel\u00edculas. Como siempre, organizan la\u00a0Embajada de\u00a0Francia\u00a0y el Centro Cultural de la Pontificia Universidad Cat\u00f3lica. Va del\u00a0 3 al 17 de junio. <\/strong><\/p>\n<p><strong>Estas son las que no se pueden perder:<\/strong><\/p>\n<p><img alt=\"\" src=\"http:\/\/www.avoir-alire.com\/IMG\/jpg\/fifi.jpg\" \/><\/p>\n<p><b>Fifi hurle de joi (Fifi grita de alegr\u00eda)<\/b>, del iran\u00ed <span style=\"color: #000000;\">Mitra Farahani. Documental iran\u00ed -en coproducci\u00f3n con Francia- que esboza\u00a0el retrato de un personaje singular, un artista exiliado en Roma, y sus relaciones con el pa\u00eds del que sali\u00f3. Gan\u00f3 el premio a la mejor pel\u00edcula en el BAFICI del a\u00f1o pasado.<\/span><\/p>\n<p><b>Un amour de jeunesse (Primer Amor)<\/b>, de\u00a0<span style=\"color: #000000;\">Mia Hansen-L\u00f8ve, una de las realizadoras j\u00f3venes m\u00e1s importantes del cine franc\u00e9s de hoy. Una historia de amor juvenil tratada con \u00a0ese lirismo sensual y pegado a tierra que es una tradici\u00f3n del cine franc\u00e9s, desde Renoir hasta T\u00e9chin\u00e9.<\/span><\/p>\n<p><span style=\"color: #000000;\">\u00a0<\/span><b>Quelques heures de printemps (A pocas horas de Primavera)<\/b>, de <span style=\"color: #000000;\">St\u00e9phane Briz\u00e9. Un asunto &#8220;importante&#8221;, el del derecho a morir con dignidad y por decisi\u00f3n propia, es trabajado en clave intimista, de melodrama familiar. Con <span style=\"color: #000000;\">Vincent Lindon, reciente ganador al premio del mejor actor del Festival de Cannes, y la gran H\u00e9l\u00e8ne Vincent.<\/span><\/span><span style=\"color: #000000;\">\u00a0<\/span><\/p>\n<p><b>Quai d&#8217;Orsay (Cr\u00f3nicas Diplom\u00e1ticas)<\/b>, de\u00a0<span style=\"color: #000000;\">Bertrand Tavernier. Gran cin\u00e9filo, brillante cr\u00edtico, cineasta irregular, Tavernier aborda la comedia\u00a0sat\u00edrica con resultados discutibles. Aun as\u00ed, tiene inter\u00e9s.\u00a0\u00a0<\/span><\/p>\n<p><b>La jalousie\u00a0 (Celos)<\/b>, de <span style=\"color: #000000;\">Philippe Garrel. Plato fuerte de la semana. De las que no se pueden perder.\u00a0<\/span><span style=\"color: #000000;\">\u00a0<\/span><\/p>\n<p><b>Grand Central (Grand Central), <\/b>de <span style=\"color: #000000;\">Rebecca Zlotowski.\u00a0S\u00f3lida y atractiva historia de una relaci\u00f3n amorosa dif\u00edcil.<\/span><\/p>\n<p><img alt=\"\" src=\"http:\/\/www.clubpresse06.com\/wp-content\/uploads\/2013\/09\/Capture-d%E2%80%99e%CC%81cran-2013-09-25-a%CC%80-10.29.47.png\" \/><\/p>\n<p>&nbsp;<\/p>\n<p><span style=\"color: #000000;\">\u00a0<\/span><b>Vandal (V\u00e1ndalo)<\/b>, de\u00a0<span style=\"color: #000000;\">H\u00e9lier Cisterne. Una &#8220;primera obra&#8221; que viene precedida de los mejores comentarios.<\/span><\/p>\n<p><b>Neuf mois ferme (Nueve meses)<\/b>, de <span style=\"color: #000000;\">Albert Dupontel. Una comedia que gust\u00f3 mucho a la cr\u00edtica francesa m\u00e1s confiable.<\/span><\/p>\n<p><img alt=\"\" src=\"http:\/\/fr.web.img4.acsta.net\/pictures\/210\/329\/21032927_20130829103737803.jpg\" \/><\/p>\n<p>&nbsp;<\/p>\n<p><b>Elle s&#8217;en va (El Viaje de Bettie), <\/b>de <span style=\"color: #000000;\">Emmanuelle Bercot.\u00a0<\/span><span style=\"color: #000000;\">Catherine Deneuve en crisis personal, decide viajar y emprende una\u00a0interesante deriva por la\u00a0Francia de los peque\u00f1os pueblos.\u00a0De las mejores en la Semana.\u00a0<\/span><\/p>\n<p><b>L&#8217;homme qu&#8217;on aimait trop (El Hombre que Amaba Demasiado)<\/b>, de\u00a0<span style=\"color: #000000;\">Andr\u00e9 T\u00e9chin\u00e9. Basada en un caso criminal c\u00e9lebre, el &#8220;affaire&#8221;\u00a0<\/span><span style=\"color: #000000;\">Le Roux, T\u00e9chin\u00e9 hace una pel\u00edcula que recibi\u00f3 comentarios matizados y se program\u00f3, fuera de concurso, en el Festival de Cannes del a\u00f1o pasado.<\/span><\/p>\n<p><b>Respire (Respira)<\/b>, de\u00a0<span style=\"color: #000000;\">M\u00e9lanie Laurent. Segunda pel\u00edcula dirigida por la actriz de Bastardos sin gloria y de la tercera pel\u00edcula de Claudia Llosa.\u00a0<\/span><\/p>\n<p><img alt=\"\" src=\"http:\/\/p1cdn05.thewrap.com\/images\/2014\/10\/Timbuktu-Poster.jpg\" \/><\/p>\n<p><b>Timbuktu (Timbukt\u00fa)<\/b>, de <span style=\"color: #000000;\">Abderrahmane Sissako, se ambienta en\u00a0Mali, asolado por yihadistas. Uno de los t\u00edtulos m\u00e1s pol\u00e9micos del cine reciente. Indispensable. <\/span><\/p>\n<p>&nbsp;<\/p>\n","protected":false},"excerpt":{"rendered":"<p>Esta semana empieza la Semana del cine franc\u00e9s que, este a\u00f1o, trae 22 pel\u00edculas. Como siempre, organizan la\u00a0Embajada de\u00a0Francia\u00a0y el Centro Cultural de la Pontificia Universidad Cat\u00f3lica. Va del\u00a0 3 al 17 de junio. Estas son las que no se pueden perder: Fifi hurle de joi (Fifi grita de alegr\u00eda), del iran\u00ed Mitra Farahani. Documental [&hellip;]<\/p>\n","protected":false},"author":1,"featured_media":0,"comment_status":"open","ping_status":"open","sticky":false,"template":"","format":"standard","meta":[],"categories":[17],"tags":[],"_links":{"self":[{"href":"http:\/\/www.paginas-del-diario-de-satan.com\/pdds\/index.php?rest_route=\/wp\/v2\/posts\/1519"}],"collection":[{"href":"http:\/\/www.paginas-del-diario-de-satan.com\/pdds\/index.php?rest_route=\/wp\/v2\/posts"}],"about":[{"href":"http:\/\/www.paginas-del-diario-de-satan.com\/pdds\/index.php?rest_route=\/wp\/v2\/types\/post"}],"author":[{"embeddable":true,"href":"http:\/\/www.paginas-del-diario-de-satan.com\/pdds\/index.php?rest_route=\/wp\/v2\/users\/1"}],"replies":[{"embeddable":true,"href":"http:\/\/www.paginas-del-diario-de-satan.com\/pdds\/index.php?rest_route=%2Fwp%2Fv2%2Fcomments&post=1519"}],"version-history":[{"count":3,"href":"http:\/\/www.paginas-del-diario-de-satan.com\/pdds\/index.php?rest_route=\/wp\/v2\/posts\/1519\/revisions"}],"predecessor-version":[{"id":1521,"href":"http:\/\/www.paginas-del-diario-de-satan.com\/pdds\/index.php?rest_route=\/wp\/v2\/posts\/1519\/revisions\/1521"}],"wp:attachment":[{"href":"http:\/\/www.paginas-del-diario-de-satan.com\/pdds\/index.php?rest_route=%2Fwp%2Fv2%2Fmedia&parent=1519"}],"wp:term":[{"taxonomy":"category","embeddable":true,"href":"http:\/\/www.paginas-del-diario-de-satan.com\/pdds\/index.php?rest_route=%2Fwp%2Fv2%2Fcategories&post=1519"},{"taxonomy":"post_tag","embeddable":true,"href":"http:\/\/www.paginas-del-diario-de-satan.com\/pdds\/index.php?rest_route=%2Fwp%2Fv2%2Ftags&post=1519"}],"curies":[{"name":"wp","href":"https:\/\/api.w.org\/{rel}","templated":true}]}}