{"id":1545,"date":"2015-06-10T12:34:36","date_gmt":"2015-06-10T12:34:36","guid":{"rendered":"http:\/\/www.paginasdeldiariodesatan.com\/pdds\/?p=1545"},"modified":"2015-06-11T18:07:19","modified_gmt":"2015-06-11T18:07:19","slug":"sobre-un-viaje-a-chile-y-el-cineplanet-de-aqui-y-el-de-alla","status":"publish","type":"post","link":"http:\/\/www.paginas-del-diario-de-satan.com\/pdds\/?p=1545","title":{"rendered":"Sobre un viaje a Chile: el Cineplanet de aqu\u00ed y el de all\u00e1"},"content":{"rendered":"<p><span style=\"font-family: Calibri;\"><span style=\"font-size: medium;\"><span style=\"color: #000000;\">Estuve unos d\u00edas en Santiago de Chile. Fui a presentar un ciclo de pel\u00edculas peruanas que eleg\u00ed para ser exhibido en un singular evento que \u201cmarid\u00f3\u201d el cine y la gastronom\u00eda. \u00a0<\/span><\/span><\/span><\/p>\n<p><span style=\"font-family: Calibri;\"><span style=\"color: #000000; font-size: medium;\">Durante cuatro d\u00edas, en el auditorio de la Fundaci\u00f3n Cultural Providencia , con la producci\u00f3n de Carolina Pita, <\/span><span style=\"color: #000000; font-size: medium;\">\u00a0<\/span><span style=\"color: #000000; font-size: medium;\">se vieron, <\/span><span style=\"color: #000000; font-size: medium;\">\u00a0<\/span><span style=\"color: #000000; font-size: medium;\">con mucho \u00e9xito, <\/span><span style=\"font-size: medium;\"><span style=\"color: #000000;\">\u00a0<i>Raccaya-Umasi<\/i><\/span><\/span><span style=\"color: #000000; font-size: medium;\">, de Vicente Cueto<\/span><i><span style=\"color: #000000; font-size: medium;\">; Mecanismo velador, <\/span><\/i><span style=\"color: #000000; font-size: medium;\">de Diego Vizcarra; <\/span><i><span style=\"color: #000000; font-size: medium;\">Las malas intenciones<\/span><\/i><span style=\"color: #000000; font-size: medium;\">, de Rosario Garc\u00eda Montero; <\/span><span style=\"font-size: medium;\"><span style=\"color: #000000;\">\u00a0<i>El espacio entre las cosas, <\/i><\/span><\/span><span style=\"color: #000000; font-size: medium;\">de Ra\u00fal del Busto; <\/span><i><span style=\"color: #000000; font-size: medium;\">El evangelio de la carne<\/span><\/i><span style=\"color: #000000; font-size: medium;\">, de Eduardo Mendoza; <\/span><i><span style=\"color: #000000; font-size: medium;\">Retrato peruano del Per\u00fa<\/span><\/i><span style=\"color: #000000; font-size: medium;\">, de Sof\u00eda Vel\u00e1squez y Carlos S\u00e1nchez Giraldo; <\/span><i><span style=\"color: #000000; font-size: medium;\">El otro cine<\/span><\/i><span style=\"color: #000000; font-size: medium;\">, de Sof\u00eda Vel\u00e1squez <\/span><span style=\"color: #000000; font-size: medium;\">\u00a0<\/span><span style=\"color: #000000; font-size: medium;\">y <\/span><span style=\"color: #000000; font-size: medium;\">\u00a0<\/span><span style=\"color: #000000; font-size: medium;\">Javier Becerra, y <\/span><i><span style=\"color: #000000; font-size: medium;\">Para\u00edso<\/span><\/i><span style=\"color: #000000; font-size: medium;\">, de H\u00e9ctor G\u00e1lvez.\u00a0<\/span><span style=\"color: #000000; font-size: medium;\">\u00a0<\/span><\/span><\/p>\n<p><span style=\"color: #000000; font-family: Calibri; font-size: medium;\">Una oportunidad para conversar sobre las pel\u00edculas, difundirlas y conectarlas con nuevos p\u00fablicos.<\/span><\/p>\n<p><span style=\"font-family: Calibri;\"><span style=\"font-size: medium;\"><span style=\"color: #000000;\">Aqu\u00ed pueden escuchar una conversaci\u00f3n que mantuve al respecto con H\u00e9ctor Soto, Alberto Fuguet y Mat\u00edas del R\u00edo en el programa <i>Terapia Chilensis,<\/i><\/span><\/span><span style=\"color: #000000; font-size: medium;\"> de Radio Duna de Santiago: <\/span><\/span><a href=\"http:\/\/www.duna.cl\/programas\/terapia-chilensis\/2015\/06\/05\/la-once\/\"><span style=\"color: #0000ff; font-family: Calibri; font-size: medium;\">http:\/\/www.duna.cl\/programas\/terapia-chilensis\/2015\/06\/05\/la-once\/<\/span><\/a><\/p>\n<p><span style=\"font-family: Calibri;\"><span style=\"font-size: medium;\"><span style=\"color: #000000;\">Durante el viaje pude ver tres pel\u00edculas chilenas: <i>El club<\/i><\/span><\/span><span style=\"color: #000000; font-size: medium;\">, de Pablo Larra\u00edn, <\/span><i><span style=\"color: #000000; font-size: medium;\">El bosque Karadima<\/span><\/i><span style=\"color: #000000; font-size: medium;\">, de Mat\u00edas Lira, y <\/span><i><span style=\"color: #000000; font-size: medium;\">La once<\/span><\/i><span style=\"color: #000000; font-size: medium;\">, de Maite Alberdi.<\/span><\/span><\/p>\n<p><span style=\"font-family: Calibri;\"><i><span style=\"color: #000000; font-size: medium;\">El club<\/span><\/i><span style=\"font-size: medium;\"><span style=\"color: #000000;\"> es una pel\u00edcula s\u00f3lida, personal\u00a0 <\/span><\/span><span style=\"color: #000000; font-size: medium;\">y con una excelente direcci\u00f3n de actores. Pero es tambi\u00e9n un ejercicio de misantrop\u00eda, manipulaci\u00f3n emocional y ensa\u00f1amiento sistem\u00e1tico con personajes que, teniendo un pasado repugnante, est\u00e1n ah\u00ed para recibir golpe tras golpe por obra y gracia de un guion inflexible y determinista. El trabajo visual, con un formato anam\u00f3rfico que distorsiona algunas zonas del encuadre y un tratamiento del color de paleta fr\u00eda, congelada, acent\u00faa el costado hostil e inclemente que se impone en la pel\u00edcula. <\/span><\/span><\/p>\n<p><span style=\"font-family: Calibri;\"><i><span style=\"color: #000000; font-size: medium;\">El club<\/span><\/i><span style=\"font-size: medium;\"><span style=\"color: #000000;\"> dar\u00e1 mucho que hablar si la programa, como es de esperar, el Festival de Lima. \u00a0<\/span><\/span><span style=\"color: #000000; font-size: medium;\">Entonces volveremos sobre ella, luego de verla una vez m\u00e1s. <\/span><\/span><\/p>\n<p><span style=\"font-size: medium;\"><span style=\"color: #000000;\"><span style=\"font-family: Calibri;\"><i>El bosque Karadima<\/i> narra, de modo aplicado y convencional, un caso sensacional y doloroso: el del cura Fernando Karadima, p\u00e1rroco en un barrio de la clase alta santiaguina, ped\u00f3filo contumaz, delincuente avezado y personaje verdaderamente monstruoso. <\/span><\/span><\/span><\/p>\n<p><span style=\"color: #000000; font-family: Calibri; font-size: medium;\">Gran \u00e9xito de p\u00fablico, la pel\u00edcula es solvente en la realizaci\u00f3n y dura en la denuncia, pero nunca logra sacudirse de un tratamiento rutinario.<\/span><\/p>\n<p><span style=\"font-size: medium;\"><span style=\"color: #000000;\"><span style=\"font-family: Calibri;\"><i>La once<\/i> (un chilenismo que designa el rito de tomar el lonche) muestra a un grupo de ancianas que se re\u00fane una vez por mes para conversar y recordar episodios de una amistad que se remonta a m\u00e1s de seis d\u00e9cadas atr\u00e1s, desde los d\u00edas del colegio. Hasta que perciben que el grupo va mermando, que cada vez son menos. L a pel\u00edcula empieza como una celebraci\u00f3n del pasado; luego, se extiende a registrar la nostalgia por los proyectos que quedaron truncos en la vida de cada una de esas damas, hasta que todo desemboca en una eleg\u00eda por la amiga que se fue. <\/span><\/span><\/span><\/p>\n<p><span style=\"font-size: medium;\"><span style=\"color: #000000;\"><span style=\"font-family: Calibri;\">Los primeros planos sobre los rostros de las interlocutoras dan cuenta de esos personajes atrapados en sus burbujas de memoria. Un buen documental en el l\u00edmite de la acci\u00f3n reconstruida, con\u00a0ocuaces se\u00f1oras\u00a0represent\u00e1ndose\u00a0a s\u00ed mismas. \u00a0\u00a0\u00a0<\/span><\/span><\/span><\/p>\n<p><span style=\"color: #000000; font-family: Calibri; font-size: medium;\">Al regreso de Chile leo algunas opiniones que vale la pena discutir.<\/span><\/p>\n<p><span style=\"font-family: Calibri;\"><span style=\"font-size: medium;\"><span style=\"color: #000000;\">Por ejemplo, las declaraciones del \u00a0<\/span><\/span><span style=\"color: #000000; font-size: medium;\">Gerente General de Cineplanet, que pueden leer aqu\u00ed:\u00a0<\/span><span style=\"color: #000000;\"><span style=\"font-size: medium;\">\u00a0<\/span><\/span><\/span><a href=\"http:\/\/semanaeconomica.com\/article\/servicios\/comercio\/161821-cineplanet-el-cine-sigue-siendo-un-entretenimiento-barato\/\"><span style=\"color: #0000ff; font-family: Calibri; font-size: medium;\">http:\/\/semanaeconomica.com\/article\/servicios\/comercio\/161821-cineplanet-el-cine-sigue-siendo-un-entretenimiento-barato\/<\/span><\/a><\/p>\n<p><span style=\"font-family: Calibri;\"><span style=\"font-size: medium;\"><span style=\"color: #000000;\">Repite la monserga de siempre.\u00a0 <\/span><\/span><span style=\"color: #000000; font-size: medium;\">\u201cPara las pel\u00edculas comerciales, las caracter\u00edsticas m\u00e1s importantes son el di\u00e1logo f\u00e1cil [de entender], un desenlace casi conocido a la mitad de la pel\u00edcula, que la pel\u00edcula no sea muy larga y que tenga un final feliz. Eso es lo que le gusta al p\u00fablico peruano promedio y en general\u201d<\/span><\/span><\/p>\n<p><span style=\"font-family: Calibri;\"><span style=\"font-size: medium;\"><span style=\"color: #000000;\">En otras palabras, el p\u00fablico peruano adolece de limitaciones cognitivas severas que le impiden sostener la atenci\u00f3n, \u00a0<\/span><\/span><span style=\"color: #000000; font-size: medium;\">le dejan en babia ante lo que escucha (y, <\/span><span style=\"color: #000000; font-size: medium;\">\u00a0<\/span><span style=\"color: #000000; font-size: medium;\">al parecer, tambi\u00e9n ante lo que lee, a juzgar por el volumen creciente de pel\u00edculas dobladas que estrenan), le impulsan a reaccionar solo ante lo previsible y a sonre\u00edr con gesto beat\u00edfico en los <\/span><i><span style=\"color: #000000; font-size: medium;\">happy end<\/span><\/i><span style=\"color: #000000; font-size: medium;\">. <\/span><\/span><\/p>\n<p><span style=\"color: #000000; font-family: Calibri; font-size: medium;\">Ni una palabra sobre el generoso modo en que su empresa contribuye a eso. Es decir, a convertirnos en seres cada vez m\u00e1s est\u00fapidos.<\/span><\/p>\n<p><span style=\"color: #000000; font-family: Calibri; font-size: medium;\">Pero no vale la pena insistir en ello.<\/span><\/p>\n<p><span style=\"font-size: medium;\"><span style=\"color: #000000;\"><span style=\"font-family: Calibri;\">Lo que quiero contar es mi experiencia en algunas salas de Cineplanet de Santiago de Chile. Es decir, la empresa peruana que est\u00e1 teniendo un gran crecimiento por all\u00e1. \u00a0\u00a0<\/span><\/span><\/span><\/p>\n<p><span style=\"font-family: Calibri;\"><span style=\"font-size: medium;\"><span style=\"color: #000000;\">Vi <i>El club, El bosque Karadima <\/i><\/span><\/span><span style=\"color: #000000; font-size: medium;\">y <\/span><i><span style=\"color: #000000; font-size: medium;\">La once<\/span><\/i><span style=\"color: #000000; font-size: medium;\"> en tres salas del complejo Cineplanet ubicado en Costanera Center, en Providencia. Es decir, en una zona residencial y financiera. El \u201cSanhattan\u201d, como le llaman. <\/span><span style=\"font-size: medium;\"><span style=\"color: #000000;\">\u00a0\u00a0<\/span><\/span><\/span><\/p>\n<p><span style=\"color: #000000; font-family: Calibri; font-size: medium;\">Dos cosas me llamaron la atenci\u00f3n. <\/span><\/p>\n<p><span style=\"color: #000000; font-family: Calibri; font-size: medium;\">La primera: nunca circul\u00f3 sobre mi cabeza un combo de cancha y gaseosa traficado en medio de la proyecci\u00f3n.<\/span><\/p>\n<p><span style=\"font-family: Calibri;\"><span style=\"font-size: medium;\"><span style=\"color: #000000;\">La segunda.\u00a0 <\/span><\/span><span style=\"color: #000000; font-size: medium;\">El ejemplar trato ofrecido a las pel\u00edculas chilenas por parte de la empresa peruana.<\/span><\/span><\/p>\n<p><span style=\"font-family: Calibri;\"><span style=\"font-size: medium;\"><span style=\"color: #000000;\">\u00a1Qu\u00e9 envidia! \u00a1Qu\u00e9 diferencia con el plant\u00f3n recibido por <i>El espacio entre las cosas <\/i><\/span><\/span><span style=\"color: #000000; font-size: medium;\">o <\/span><i><span style=\"color: #000000; font-size: medium;\">Climas<\/span><\/i><span style=\"color: #000000; font-size: medium;\"> en su propio pa\u00eds! <\/span><\/span><\/p>\n<p><span style=\"font-family: Calibri;\"><span style=\"font-size: medium;\"><span style=\"color: #000000;\">Y ninguna de las pel\u00edculas chilenas que vi era de \u201cdi\u00e1logo f\u00e1cil\u201d, \u00a0<\/span><\/span><span style=\"color: #000000; font-size: medium;\">desenlace conocido ni dem\u00e1s bober\u00edas.<\/span><\/span><\/p>\n<p><span style=\"font-family: Calibri;\"><span style=\"font-size: medium;\"><span style=\"color: #000000;\">Por el contrario: <i>El club<\/i><\/span><\/span><span style=\"color: #000000; font-size: medium;\"> es cine de autor ortodoxo, denso, exigente, inc\u00f3modo, con un final que deja al p\u00fablico entre desconcertado e inquieto. Y <\/span><span style=\"color: #000000; font-size: medium;\">\u00a0<\/span><span style=\"color: #000000; font-size: medium;\">ya est\u00e1 en su segunda semana de exhibici\u00f3n, y en cuatro funciones diarias.<\/span><\/span><\/p>\n<p><span style=\"font-family: Calibri;\"><span style=\"font-size: medium;\"><span style=\"color: #000000;\">Pero m\u00e1s sorprendente a\u00fan: Cineplanet \u00a0<\/span><\/span><span style=\"color: #000000; font-size: medium;\">anuncia para el 18 de junio el estreno exclusivo de <\/span><i><span style=\"color: #000000; font-size: medium;\">Invierno<\/span><\/i><span style=\"color: #000000; font-size: medium;\">, de Alberto Fuguet <\/span><span style=\"color: #000000; font-size: medium;\">\u00a0<\/span><span style=\"color: #000000; font-size: medium;\">(ver aqu\u00ed: <\/span><\/span><a href=\"http:\/\/www.inviernolapelicula.com\/\"><span style=\"color: #0000ff; font-family: Calibri; font-size: medium;\">http:\/\/www.inviernolapelicula.com\/<\/span><\/a><span style=\"color: #000000; font-family: Calibri; font-size: medium;\">), una pel\u00edcula de 240 minutos que veremos muy pronto en Lima (pero no en Cineplanet, por supuesto)<\/span><\/p>\n<p><span style=\"color: #000000; font-family: Calibri; font-size: medium;\">Vi el tr\u00e1iler tres veces, en cada una de las funciones a las que asist\u00ed.<\/span><\/p>\n<p><span style=\"color: #000000; font-family: Calibri; font-size: medium;\">\u00bfSe imaginan la reacci\u00f3n de la peruan\u00edsima cadena Cineplanet ante una pel\u00edcula peruana de \u201cautor\u201d que dure 240 minutos?<\/span><\/p>\n<p><span style=\"color: #000000; font-family: Calibri; font-size: medium;\">\u00bfUstedes creen que el Alc\u00e1zar, por ejemplo, la programar\u00eda?<\/span><\/p>\n<p><span style=\"font-size: medium;\"><span style=\"color: #000000;\"><span style=\"font-family: Calibri;\">\u00bfCreen que una pel\u00edcula as\u00ed recibir\u00eda una cobertura publicitaria equivalente en la sala? \u00a0<\/span><\/span><\/span><\/p>\n<p><span style=\"color: #000000; font-family: Calibri; font-size: medium;\">\u00bfQu\u00e9 explica esa diferencia en el trato de la misma empresa en un (en su) pa\u00eds y en el otro?<\/span><\/p>\n<p><span style=\"color: #000000; font-family: Calibri; font-size: medium;\">En Chile no existe \u201ccuota de pantalla\u201d ni ning\u00fan otro recurso proteccionista. Solo un acuerdo entre los cineastas y las cadenas para lograr un m\u00ednimo de tiempo de exhibici\u00f3n en las pantallas. <\/span><\/p>\n<p><span style=\"color: #000000; font-family: Calibri; font-size: medium;\">Y tienen una conciencia clara de que el cine es una industria creativa que merece respeto y visibilidad.<\/span><\/p>\n<p><span style=\"color: #000000; font-family: Calibri; font-size: medium;\">Una conciencia que es compartida entre cineastas y exhibidores. <\/span><\/p>\n<p><span style=\"color: #000000; font-family: Calibri; font-size: medium;\">Y la l\u00f3gica de programaci\u00f3n de las multisalas en Chile (as\u00ed sean peruanas en su origen) respetan un \u201csentido com\u00fan\u201d, una convicci\u00f3n que no requiere estar escrita en un texto legal: las pel\u00edculas est\u00e1n hechas para ser vistas por el publico y en las mismas condiciones que cualquier pel\u00edcula extranjera. <\/span><\/p>\n<p><span style=\"color: #000000;\"><span style=\"font-size: medium;\"><span style=\"font-family: Calibri;\">Por eso, aunque coincido con muchas de las apreciaciones de Laslo Rojas en el art\u00edculo publicado en Cinencuentro (\u00a0<\/span><\/span><\/span><a href=\"http:\/\/www.cinencuentro.com\/2015\/06\/08\/sobre-ir-al-multicine-y-ver-peliculas-en-el-peru\/\"><span style=\"color: #0000ff; font-family: Calibri; font-size: medium;\">http:\/\/www.cinencuentro.com\/2015\/06\/08\/sobre-ir-al-multicine-y-ver-peliculas-en-el-peru\/)<\/span><\/a><span style=\"color: #000000; font-family: Calibri; font-size: medium;\">, tengo algunas discrepancias. <\/span><\/p>\n<p><span style=\"color: #000000; font-family: Calibri; font-size: medium;\">Es verdad que los multicines son espacios concebidos para rentabilizar todo: desde el tiempo de permanencia del espectador en la sala hasta su consumo de comestibles, los m\u00e1s caros de la ciudad.<\/span><\/p>\n<p><span style=\"color: #000000; font-family: Calibri; font-size: medium;\">Pero un m\u00ednimo de racionalidad y sentido de la convivencia exige que las transacciones no se hagan con la luz apagada, entre linternas cegadoras, y con la pel\u00edcula iniciada hace veinte minutos. <\/span><\/p>\n<p><span style=\"font-family: Calibri;\"><span style=\"font-size: medium;\"><span style=\"color: #000000;\">Tal vez a muchos espectadores no les importe ser perturbados y prefieran el delivery. \u00a0<\/span><\/span><span style=\"color: #000000; font-size: medium;\">As\u00ed como tampoco les preocupe colarse en la fila del Cineplanet. <\/span><\/span><\/p>\n<p><span style=\"font-size: medium;\"><span style=\"color: #000000;\"><span style=\"font-family: Calibri;\">S\u00ed, tal vez no importe, pero resulta un problema cuando se \u201cnormaliza\u201d el caos, estimulado por la propia empresa. Un caos de mercachifle que Cineplanet alienta en el Peru, pero que no se atreve a propiciar en otro pa\u00eds. \u00a0\u00a0\u00a0\u00a0<\/span><\/span><\/span><\/p>\n<p><span style=\"color: #000000; font-family: Calibri; font-size: medium;\">\u201cNo creo que el multicine sea el lugar ideal para esperar ver ese \u201cotro cine\u201d, el peruano o de otras procedencias.\u201d, dice Laslo. <\/span><\/p>\n<p><span style=\"font-size: medium;\"><span style=\"color: #000000;\"><span style=\"font-family: Calibri;\">En efecto, tal vez no sea el espacio \u201cideal\u201d para ver el \u201ccine de autor\u201d peruano, pero es a\u00fan un espacio necesario.\u00a0 <\/span><\/span><\/span><\/p>\n<p><span style=\"color: #000000; font-family: Calibri; font-size: medium;\">Nadie discute la urgencia de hallar canales alternativos, plataformas distintas y espacios adicionales para las \u201cotras\u201d pel\u00edculas peruanas. Pero esos, por ahora, son lugares minoritarios que solo pueden generar beneficios residuales y reducida exposici\u00f3n\u00a0para las pel\u00edculas. <\/span><\/p>\n<p><span style=\"color: #000000; font-family: Calibri; font-size: medium;\">Tal vez, en el futuro pr\u00f3ximo, eso cambie. Pero a\u00fan no lo ha hecho. <\/span><\/p>\n<p><span style=\"font-family: Calibri;\"><span style=\"font-size: medium;\"><span style=\"color: #000000;\">Las salas p\u00fablicas son espacios de encuentro (dentro de <i>malls<\/i><\/span><\/span><span style=\"color: #000000; font-size: medium;\"> de asistencia masiva) y lugares que aseguran visibilidad para las pel\u00edculas. Y las que generan ingresos. <\/span><\/span><\/p>\n<p><span style=\"font-family: Calibri;\"><span style=\"font-size: medium;\"><span style=\"color: #000000;\">No es posible concentrar en un gueto -elitista a todo dar- \u00a0<\/span><\/span><span style=\"color: #000000; font-size: medium;\">a todo el cine peruano que no aspire a difundirse como <\/span><i><span style=\"color: #000000; font-size: medium;\">\u00a1Asu mare!<\/span><\/i><span style=\"color: #000000; font-size: medium;\">\u00a0<\/span><span style=\"color: #000000; font-size: medium;\">Ni confinarlo a ser visto solo por las personas que cuenten con los dispositivos electr\u00f3nicos para ello. <\/span><\/span><\/p>\n<p><span style=\"color: #000000; font-family: Calibri; font-size: medium;\">Laslo Rojas dice: \u201clas empresas exhibidoras han dejado de considerar al \u201ccine peruano\u201d como una categor\u00eda \u00fanica. Para los multicines las pel\u00edculas peruanas ahora son o \u201cpel\u00edculas de g\u00e9neros comerciales\u201d o \u201cel otro cine\u201d, tal como subdividen al resto de pel\u00edculas de otras latitudes. Para bien o para mal.\u201d<\/span><\/p>\n<p><span style=\"font-family: Calibri;\"><span style=\"font-size: medium;\"><span style=\"color: #000000;\">\u00bfNo ser\u00e1 m\u00e1s bien que las categor\u00edas son ahora dos: <i>\u00a1Asu mare!<\/i><\/span><\/span><span style=\"color: #000000; font-size: medium;\">\u00a0<\/span><span style=\"color: #000000; font-size: medium;\">y las \u201cotras\u201d, teniendo en cuenta la asistencia decreciente de las pel\u00edculas de g\u00e9nero (comparen las cifras de <\/span><i><span style=\"color: #000000; font-size: medium;\">Cementerio general<\/span><\/i><span style=\"color: #000000; font-size: medium;\"> y las de <\/span><i><span style=\"color: #000000; font-size: medium;\">La entidad<\/span><\/i><span style=\"color: #000000; font-size: medium;\"> o <\/span><i><span style=\"color: #000000; font-size: medium;\">Pose\u00eddas<\/span><\/i><span style=\"color: #000000; font-size: medium;\">). <\/span><\/span><\/p>\n<p><span style=\"color: #000000; font-family: Calibri; font-size: medium;\">Me temo que la experiencia de Laslo, provisto de pantallas m\u00faltiples entre las que reparte su atenci\u00f3n mientras ve pel\u00edculas, convertido en una reencarnaci\u00f3n de Mabuse y sus mil ojos, no sea la usual ni la m\u00e1s extendida entre los peruanos. <\/span><\/p>\n<p><span style=\"font-family: Calibri;\"><span style=\"font-size: medium;\"><span style=\"color: #000000;\">Hay que adaptarse a los nuevos tiempos. S\u00ed, \u00a0<\/span><\/span><span style=\"color: #000000; font-size: medium;\">claro. Es indispensable hacerlo. Pero sin renunciar a que cada pel\u00edcula \u2013aun las que carezcan de <\/span><i><span style=\"color: #000000; font-size: medium;\">happy end<\/span><\/i><span style=\"color: #000000; font-size: medium;\">&#8211; busque su propio p\u00fablico, intente obtener beneficios econ\u00f3micos y se lance al mercado para competir, aun corriendo el\u00a0riesgo de\u00a0estrellarse contra \u00e9l. <\/span><\/span><\/p>\n<p><span style=\"color: #000000; font-family: Calibri; font-size: medium;\">Y sin renunciar tampoco al derecho a la protesta cuando ocurran esos atropellos usuales entre nosotros, pero que en Chile no parecen ser tan frecuentes.<\/span><\/p>\n<p><span style=\"color: #000000; font-family: Calibri; font-size: medium;\"><strong>Ricardo Bedoya<\/strong> <\/span><\/p>\n","protected":false},"excerpt":{"rendered":"<p>Estuve unos d\u00edas en Santiago de Chile. Fui a presentar un ciclo de pel\u00edculas peruanas que eleg\u00ed para ser exhibido en un singular evento que \u201cmarid\u00f3\u201d el cine y la gastronom\u00eda. \u00a0 Durante cuatro d\u00edas, en el auditorio de la Fundaci\u00f3n Cultural Providencia , con la producci\u00f3n de Carolina Pita, \u00a0se vieron, \u00a0con mucho \u00e9xito, [&hellip;]<\/p>\n","protected":false},"author":1,"featured_media":0,"comment_status":"open","ping_status":"open","sticky":false,"template":"","format":"standard","meta":[],"categories":[26,38,312,313],"tags":[],"_links":{"self":[{"href":"http:\/\/www.paginas-del-diario-de-satan.com\/pdds\/index.php?rest_route=\/wp\/v2\/posts\/1545"}],"collection":[{"href":"http:\/\/www.paginas-del-diario-de-satan.com\/pdds\/index.php?rest_route=\/wp\/v2\/posts"}],"about":[{"href":"http:\/\/www.paginas-del-diario-de-satan.com\/pdds\/index.php?rest_route=\/wp\/v2\/types\/post"}],"author":[{"embeddable":true,"href":"http:\/\/www.paginas-del-diario-de-satan.com\/pdds\/index.php?rest_route=\/wp\/v2\/users\/1"}],"replies":[{"embeddable":true,"href":"http:\/\/www.paginas-del-diario-de-satan.com\/pdds\/index.php?rest_route=%2Fwp%2Fv2%2Fcomments&post=1545"}],"version-history":[{"count":7,"href":"http:\/\/www.paginas-del-diario-de-satan.com\/pdds\/index.php?rest_route=\/wp\/v2\/posts\/1545\/revisions"}],"predecessor-version":[{"id":1547,"href":"http:\/\/www.paginas-del-diario-de-satan.com\/pdds\/index.php?rest_route=\/wp\/v2\/posts\/1545\/revisions\/1547"}],"wp:attachment":[{"href":"http:\/\/www.paginas-del-diario-de-satan.com\/pdds\/index.php?rest_route=%2Fwp%2Fv2%2Fmedia&parent=1545"}],"wp:term":[{"taxonomy":"category","embeddable":true,"href":"http:\/\/www.paginas-del-diario-de-satan.com\/pdds\/index.php?rest_route=%2Fwp%2Fv2%2Fcategories&post=1545"},{"taxonomy":"post_tag","embeddable":true,"href":"http:\/\/www.paginas-del-diario-de-satan.com\/pdds\/index.php?rest_route=%2Fwp%2Fv2%2Ftags&post=1545"}],"curies":[{"name":"wp","href":"https:\/\/api.w.org\/{rel}","templated":true}]}}