{"id":1582,"date":"2015-06-19T12:33:51","date_gmt":"2015-06-19T12:33:51","guid":{"rendered":"http:\/\/www.paginasdeldiariodesatan.com\/pdds\/?p=1582"},"modified":"2015-06-19T12:33:51","modified_gmt":"2015-06-19T12:33:51","slug":"pronunciamiento-de-cineastas-sobre-el-maltrato-a-las-peliculas-peruanas","status":"publish","type":"post","link":"http:\/\/www.paginas-del-diario-de-satan.com\/pdds\/?p=1582","title":{"rendered":"Pronunciamiento de cineastas: sobre el maltrato a las pel\u00edculas peruanas"},"content":{"rendered":"<p>El conjunto de cineastas que hemos participado en el 2do Festival de cine de Trujillo, felicitamos y valoramos a sus organizadores por ser el \u00fanico festival de nuestro pa\u00eds dedicado exclusivamente a difundir y analizar el cine peruano. En ese sentido, desde este espacio queremos pronunciarnos sobre un asunto crucial para la cinematograf\u00eda nacional: la accidentada distribuci\u00f3n y exhibici\u00f3n de filmes peruanos en el circuito comercial de salas de cine.<\/p>\n<p>Cada d\u00eda est\u00e1 m\u00e1s claro que, sin contrato firmado en la mayor\u00eda de los casos, el cine peruano ajeno a la f\u00f3rmula m\u00e1s comercial sostiene una pelea desigual con los responsables de los cines, dejando a las pel\u00edculas con horarios inadecuados e incompletos, complicando a\u00fan m\u00e1s a las apuestas art\u00edsticas la posibilidad de encontrar su p\u00fablico.<\/p>\n<p>Por ejemplo, hemos visto en los \u00faltimos d\u00edas un nuevo caso: la \u00f3pera prima de Enrica P\u00e9rez, <em>\u201cClimas\u201d<\/em>, que tiene positivos comentarios en diferente diarios y p\u00e1ginas web, ya est\u00e1 con un pie fuera de la cartelera porque sali\u00f3 a competir en total desventaja con otros estrenos de presupuesto y promoci\u00f3n mucho mayores. Los productores, lamentablemente, no tiene c\u00f3mo defenderse frente a esta situaci\u00f3n.<\/p>\n<p>Es importante que, de una vez por todas, el mismo Estado peruano que abort\u00f3 la nueva Ley de Cine que elabor\u00f3 durante largos meses con los gremios cinematogr\u00e1ficos nacionales, y que incluso financia estas apuestas de diversidad expresiva con los premios de sus concursos, se involucre en la defensa de su exhibici\u00f3n. En esa l\u00ednea, reclamamos mayor presencia del Ministerio de Cultura, a trav\u00e9s de la Direcci\u00f3n del Audiovisual, la Fonograf\u00eda y los Nuevos Medios (DAFO), para que afronte esta problem\u00e1tica y cese este maltrato sistem\u00e1tico.<\/p>\n<p>Si las cintas peruanas no encuentran su p\u00fablico que sea por su responsabilidad y no por la influencia de factores f\u00e1cticos que, ante la ausencia de par\u00e1metros razonables, impiden unilateralmente las m\u00ednimas condiciones para que cada estreno nacional compita equitativamente en la cartelera dominada por la megaindustria de Hollywood.<\/p>\n<p>Trujillo, 13 de junio de 2015<\/p>\n<p>Atentamente,<\/p>\n<p>Gabriel Quispe, Gustavo S\u00e1nchez, Enid Campos, Enrica P\u00e9rez, H\u00e9ctor Galvez, Francisco Adrianz\u00e9n, Frank P\u00e9rez Garland, Rolando Toledo, Patricia Pereyra, Roberto Barba, H\u00e9ctor Turco, Flaviano Quispe, Miguel Barreda Delgado, Isaac Le\u00f3n Fr\u00edas, Ren\u00e9 Weber, Juan Alejandro Ramirez, Roc\u00edo Llad\u00f3, Juan Manuel Ochoa, Christian Esquivel, Antol\u00edn Prieto, Manuel Eyzaguirre, Diego Sarmiento, Fernando Bacilio, Hugo Valdez.<\/p>\n","protected":false},"excerpt":{"rendered":"<p>El conjunto de cineastas que hemos participado en el 2do Festival de cine de Trujillo, felicitamos y valoramos a sus organizadores por ser el \u00fanico festival de nuestro pa\u00eds dedicado exclusivamente a difundir y analizar el cine peruano. En ese sentido, desde este espacio queremos pronunciarnos sobre un asunto crucial para la cinematograf\u00eda nacional: la [&hellip;]<\/p>\n","protected":false},"author":1,"featured_media":0,"comment_status":"open","ping_status":"open","sticky":false,"template":"","format":"standard","meta":[],"categories":[14,200,8,3,315,38,130,312],"tags":[],"_links":{"self":[{"href":"http:\/\/www.paginas-del-diario-de-satan.com\/pdds\/index.php?rest_route=\/wp\/v2\/posts\/1582"}],"collection":[{"href":"http:\/\/www.paginas-del-diario-de-satan.com\/pdds\/index.php?rest_route=\/wp\/v2\/posts"}],"about":[{"href":"http:\/\/www.paginas-del-diario-de-satan.com\/pdds\/index.php?rest_route=\/wp\/v2\/types\/post"}],"author":[{"embeddable":true,"href":"http:\/\/www.paginas-del-diario-de-satan.com\/pdds\/index.php?rest_route=\/wp\/v2\/users\/1"}],"replies":[{"embeddable":true,"href":"http:\/\/www.paginas-del-diario-de-satan.com\/pdds\/index.php?rest_route=%2Fwp%2Fv2%2Fcomments&post=1582"}],"version-history":[{"count":2,"href":"http:\/\/www.paginas-del-diario-de-satan.com\/pdds\/index.php?rest_route=\/wp\/v2\/posts\/1582\/revisions"}],"predecessor-version":[{"id":1585,"href":"http:\/\/www.paginas-del-diario-de-satan.com\/pdds\/index.php?rest_route=\/wp\/v2\/posts\/1582\/revisions\/1585"}],"wp:attachment":[{"href":"http:\/\/www.paginas-del-diario-de-satan.com\/pdds\/index.php?rest_route=%2Fwp%2Fv2%2Fmedia&parent=1582"}],"wp:term":[{"taxonomy":"category","embeddable":true,"href":"http:\/\/www.paginas-del-diario-de-satan.com\/pdds\/index.php?rest_route=%2Fwp%2Fv2%2Fcategories&post=1582"},{"taxonomy":"post_tag","embeddable":true,"href":"http:\/\/www.paginas-del-diario-de-satan.com\/pdds\/index.php?rest_route=%2Fwp%2Fv2%2Ftags&post=1582"}],"curies":[{"name":"wp","href":"https:\/\/api.w.org\/{rel}","templated":true}]}}