{"id":1719,"date":"2015-08-09T15:03:49","date_gmt":"2015-08-09T15:03:49","guid":{"rendered":"http:\/\/www.paginasdeldiariodesatan.com\/pdds\/?p=1719"},"modified":"2015-08-09T15:03:49","modified_gmt":"2015-08-09T15:03:49","slug":"19-festival-de-lima-50-anos-hablando-de-cine","status":"publish","type":"post","link":"http:\/\/www.paginas-del-diario-de-satan.com\/pdds\/?p=1719","title":{"rendered":"19 Festival de Lima: 50 a\u00f1os hablando de cine"},"content":{"rendered":"<p><img alt=\"\" src=\"http:\/\/www.dartmouth.edu\/~library\/digital\/publishing\/books\/middents2009\/html\/xhtml\/images\/3_img01.jpg\" \/><\/p>\n<p>El Festival de Lima rinde homenaje a la tarea cr\u00edtica de Isaac Le\u00f3n Fr\u00edas y de Federico de C\u00e1rdenas al cumplirse 50 a\u00f1os de la primera edici\u00f3n de la revista Hablemos de cine.<\/p>\n<p>Ser\u00e1 ma\u00f1ana a las 7 de la noche en la Sala de Conferencias del quinto piso del Centro Cultural de la Universidad Cat\u00f3lica. Estar\u00e9 con Javier Porta-Fouz y con Edgar Sober\u00f3n, miembros del jurado de la cr\u00edtica internacional del festival, para hacer lo que esa revista nos ense\u00f1\u00f3: hablar de cine.<\/p>\n<div>\n<p>Est\u00e1n invitados.<\/p>\n<p><strong>Ricardo Bedoya<\/strong><\/p>\n<\/div>\n","protected":false},"excerpt":{"rendered":"<p>El Festival de Lima rinde homenaje a la tarea cr\u00edtica de Isaac Le\u00f3n Fr\u00edas y de Federico de C\u00e1rdenas al cumplirse 50 a\u00f1os de la primera edici\u00f3n de la revista Hablemos de cine. Ser\u00e1 ma\u00f1ana a las 7 de la noche en la Sala de Conferencias del quinto piso del Centro Cultural de la Universidad [&hellip;]<\/p>\n","protected":false},"author":1,"featured_media":0,"comment_status":"open","ping_status":"open","sticky":false,"template":"","format":"standard","meta":[],"categories":[355,24,6,198,124],"tags":[],"_links":{"self":[{"href":"http:\/\/www.paginas-del-diario-de-satan.com\/pdds\/index.php?rest_route=\/wp\/v2\/posts\/1719"}],"collection":[{"href":"http:\/\/www.paginas-del-diario-de-satan.com\/pdds\/index.php?rest_route=\/wp\/v2\/posts"}],"about":[{"href":"http:\/\/www.paginas-del-diario-de-satan.com\/pdds\/index.php?rest_route=\/wp\/v2\/types\/post"}],"author":[{"embeddable":true,"href":"http:\/\/www.paginas-del-diario-de-satan.com\/pdds\/index.php?rest_route=\/wp\/v2\/users\/1"}],"replies":[{"embeddable":true,"href":"http:\/\/www.paginas-del-diario-de-satan.com\/pdds\/index.php?rest_route=%2Fwp%2Fv2%2Fcomments&post=1719"}],"version-history":[{"count":1,"href":"http:\/\/www.paginas-del-diario-de-satan.com\/pdds\/index.php?rest_route=\/wp\/v2\/posts\/1719\/revisions"}],"predecessor-version":[{"id":1720,"href":"http:\/\/www.paginas-del-diario-de-satan.com\/pdds\/index.php?rest_route=\/wp\/v2\/posts\/1719\/revisions\/1720"}],"wp:attachment":[{"href":"http:\/\/www.paginas-del-diario-de-satan.com\/pdds\/index.php?rest_route=%2Fwp%2Fv2%2Fmedia&parent=1719"}],"wp:term":[{"taxonomy":"category","embeddable":true,"href":"http:\/\/www.paginas-del-diario-de-satan.com\/pdds\/index.php?rest_route=%2Fwp%2Fv2%2Fcategories&post=1719"},{"taxonomy":"post_tag","embeddable":true,"href":"http:\/\/www.paginas-del-diario-de-satan.com\/pdds\/index.php?rest_route=%2Fwp%2Fv2%2Ftags&post=1719"}],"curies":[{"name":"wp","href":"https:\/\/api.w.org\/{rel}","templated":true}]}}