{"id":251,"date":"2013-07-06T01:53:32","date_gmt":"2013-07-06T01:53:32","guid":{"rendered":"http:\/\/www.paginasdeldiariodesatan.com\/pdds\/?p=251"},"modified":"2013-07-06T12:16:54","modified_gmt":"2013-07-06T12:16:54","slug":"festival-transcinema-algunos-titulos-indispensables","status":"publish","type":"post","link":"http:\/\/www.paginas-del-diario-de-satan.com\/pdds\/?p=251","title":{"rendered":"Festival Transcinema: algunos t\u00edtulos indispensables"},"content":{"rendered":"<p>\u00a0\u00a0\u00a0\u00a0\u00a0\u00a0\u00a0\u00a0\u00a0\u00a0\u00a0\u00a0\u00a0\u00a0\u00a0\u00a0\u00a0\u00a0\u00a0\u00a0\u00a0\u00a0\u00a0\u00a0\u00a0\u00a0\u00a0\u00a0\u00a0\u00a0\u00a0\u00a0\u00a0\u00a0\u00a0\u00a0\u00a0\u00a0\u00a0\u00a0\u00a0\u00a0\u00a0\u00a0\u00a0\u00a0\u00a0\u00a0\u00a0\u00a0\u00a0\u00a0\u00a0\u00a0\u00a0 <img loading=\"lazy\" id=\"il_fi\" alt=\"\" src=\"http:\/\/www.ondacinema.it\/images\/locandine\/Carmela_salvata_locandina.jpg\" width=\"366\" height=\"523\" \/><\/p>\n<p>&nbsp;<\/p>\n<p><strong>Se ha iniciado el Festival Transcinema que ofrece un panorama del cine de no ficci\u00f3n. Figuran algunos t\u00edtulos que no se pueden perder.<\/strong><\/p>\n<p><strong>Como soy jurado del premio que otorga la Maestr\u00eda en Antropolog\u00eda Visual de la Universidad Cat\u00f3lica, en la lista\u00a0de recomendadas no incluyo a ninguna de las pel\u00edculas que compiten por \u00e9l. Tampoco las comentar\u00e9 en el curso del Festival.<\/strong><\/p>\n<p><strong>No incluyo las pel\u00edculas peuanas en estreno porque no tengo referencias de ellas ni las que se han presentado en otros festivales, como Avanti Popolo o The Act of Killing.<\/strong><\/p>\n<p><strong>Aqu\u00ed van algunas fijas:<\/strong><\/p>\n<p>Mitote, de Eugenio Polgovsky (M\u00e9xico)<\/p>\n<p>Inori, de Pedro Gonz\u00e1lez Rubio (Jap\u00f3n)<\/p>\n<p>Dos metros de esta tierra, de Ahmad Natche (Palestina)<\/p>\n<p>Arraianos, de Eloy Enciso (Espa\u00f1a)<\/p>\n<p>Carmela, salvata dai filibustieri, de Giovanni Maderna y Mauro Santini (Italia)\u00a0<\/p>\n<p>5 broken cameras, de Emad Burnat y Guy Davidi (Palestina)<\/p>\n<p>Lacrau, de Joao Vladimiro (Portugal) Estreno latinoamericano<\/p>\n<p>Los posibles, de Santiago Mitre y Juan Onofri Barbato (Argentina)\u00a0<\/p>\n<p>H\u00e1bitat, de Ignacio Masllorens (Argentina)<\/p>\n<p>Seems so long, Nancy, de Tatiana Macedo (Portugal)<\/p>\n<p>My first mountain, de Erich Langjahr (Suiza)<\/p>\n<p>La multitud, de Mart\u00edn Oesterheld (Argentina) \u00a0<\/p>\n<p>The Juan Bushwick diaries, de David Guti\u00e9rrez Camps (Espa\u00f1a)\u00a0\u00a0<\/p>\n<p>Los ilusos, de Jon\u00e1s Trueba (Espa\u00f1a)<\/p>\n<p>Soles de primavera, de Stefan Ivan?i? (Serbia)\u00a0<\/p>\n<p>Los mejores temas, de Nicol\u00e1s Pereda<\/p>\n<p>Matar extra\u00f1os, de Nicol\u00e1s Pereda<\/p>\n<p>Las canciones, de Eduardo Coutinho (Brasil)<\/p>\n<p>La danza, el ballet de l&#8217;Op\u00e9ra de Par\u00eds, de Frederick Wiseman\u00a0<\/p>\n<p>El destapador, de Jos\u00e9 Luis Sep\u00falveda y Carolina Adriazola (Chile)<\/p>\n<p>Tambi\u00e9n las\u00a0pel\u00edculas de los\u00a0focos dedicados a MAT\u00cdAS PI\u00d1EIRO (sobre todo Viola) a\u00a0IGNACIO AGUERO (sobre todo El otro d\u00eda) y a MARY JIMENEZ. Es muy atractiva la secci\u00f3n ReMEMORIA: Un pasado y un presente en el documental peruano.<\/p>\n<p><strong>Ricardo Bedoya<\/strong><\/p>\n","protected":false},"excerpt":{"rendered":"<p>\u00a0\u00a0\u00a0\u00a0\u00a0\u00a0\u00a0\u00a0\u00a0\u00a0\u00a0\u00a0\u00a0\u00a0\u00a0\u00a0\u00a0\u00a0\u00a0\u00a0\u00a0\u00a0\u00a0\u00a0\u00a0\u00a0\u00a0\u00a0\u00a0\u00a0\u00a0\u00a0\u00a0\u00a0\u00a0\u00a0\u00a0\u00a0\u00a0\u00a0\u00a0\u00a0\u00a0\u00a0\u00a0\u00a0\u00a0\u00a0\u00a0\u00a0\u00a0\u00a0\u00a0\u00a0\u00a0 &nbsp; Se ha iniciado el Festival Transcinema que ofrece un panorama del cine de no ficci\u00f3n. Figuran algunos t\u00edtulos que no se pueden perder. Como soy jurado del premio que otorga la Maestr\u00eda en Antropolog\u00eda Visual de la Universidad Cat\u00f3lica, en la lista\u00a0de recomendadas no incluyo a ninguna de las pel\u00edculas que compiten por [&hellip;]<\/p>\n","protected":false},"author":1,"featured_media":0,"comment_status":"open","ping_status":"open","sticky":false,"template":"","format":"standard","meta":[],"categories":[13,6,21,20],"tags":[],"_links":{"self":[{"href":"http:\/\/www.paginas-del-diario-de-satan.com\/pdds\/index.php?rest_route=\/wp\/v2\/posts\/251"}],"collection":[{"href":"http:\/\/www.paginas-del-diario-de-satan.com\/pdds\/index.php?rest_route=\/wp\/v2\/posts"}],"about":[{"href":"http:\/\/www.paginas-del-diario-de-satan.com\/pdds\/index.php?rest_route=\/wp\/v2\/types\/post"}],"author":[{"embeddable":true,"href":"http:\/\/www.paginas-del-diario-de-satan.com\/pdds\/index.php?rest_route=\/wp\/v2\/users\/1"}],"replies":[{"embeddable":true,"href":"http:\/\/www.paginas-del-diario-de-satan.com\/pdds\/index.php?rest_route=%2Fwp%2Fv2%2Fcomments&post=251"}],"version-history":[{"count":5,"href":"http:\/\/www.paginas-del-diario-de-satan.com\/pdds\/index.php?rest_route=\/wp\/v2\/posts\/251\/revisions"}],"predecessor-version":[{"id":256,"href":"http:\/\/www.paginas-del-diario-de-satan.com\/pdds\/index.php?rest_route=\/wp\/v2\/posts\/251\/revisions\/256"}],"wp:attachment":[{"href":"http:\/\/www.paginas-del-diario-de-satan.com\/pdds\/index.php?rest_route=%2Fwp%2Fv2%2Fmedia&parent=251"}],"wp:term":[{"taxonomy":"category","embeddable":true,"href":"http:\/\/www.paginas-del-diario-de-satan.com\/pdds\/index.php?rest_route=%2Fwp%2Fv2%2Fcategories&post=251"},{"taxonomy":"post_tag","embeddable":true,"href":"http:\/\/www.paginas-del-diario-de-satan.com\/pdds\/index.php?rest_route=%2Fwp%2Fv2%2Ftags&post=251"}],"curies":[{"name":"wp","href":"https:\/\/api.w.org\/{rel}","templated":true}]}}