{"id":2549,"date":"2016-02-12T23:27:51","date_gmt":"2016-02-12T23:27:51","guid":{"rendered":"http:\/\/www.paginasdeldiariodesatan.com\/pdds\/?p=2549"},"modified":"2016-03-31T23:09:49","modified_gmt":"2016-03-31T23:09:49","slug":"informe-general-ii-el-nuevo-rapto-de-europa","status":"publish","type":"post","link":"http:\/\/www.paginas-del-diario-de-satan.com\/pdds\/?p=2549","title":{"rendered":"Informe general II. El nuevo rapto de Europa"},"content":{"rendered":"<p>&#8220;Informe general II. El nuevo rapto de Europa&#8221;, la nueva pel\u00edcula de Pere Portabella, prolonga el Informe General que filmara hace cuarenta a\u00f1os para dar cuenta de los tiempos complejos de la Transici\u00f3n a la democracia en Espa\u00f1a.<\/p>\n<p>Ahora, el catal\u00e1n \u00a0Portabella, cineasta veterano, productor de Bu\u00f1uel, director de culto, documenta el malestar ciudadano por la crisis, los ajustes econ\u00f3micos, la corrupci\u00f3n y el desastre institucional en la Espa\u00f1a de los \u00faltimos a\u00f1os.<\/p>\n<p>Como su nombre lo indica, la pel\u00edcula es como un expediente abierto que incorpora piezas informativas diversas: entrevistas, fragmentos de mesas redondas, materiales de archivo, y pone en escena debates y conversaciones con fil\u00f3sofos, pol\u00edticos, funcionarios. Ellos, desde Antonio Negri hasta Paul B. Preciado, pasando por \u00ed\u00f1igo Errej\u00f3n, entre otros, abordan los efectos del descalabro y trazan las l\u00edneas de los cambios radicales que deben producirse.<\/p>\n<p>Reiterativo en el se\u00f1alamiento de las causas y moroso en su discurrir, este Informe general es un dossier incompleto, zigzagueante, ambicioso y aproximativo. \u00a0Y no por defecto. Portabella lo quiere as\u00ed: es un modo de mostrar su perplejidad ante lo que ocurre.<\/p>\n<p>Una conversaci\u00f3n entre cuatro cient\u00edficos da cuenta de una Europa que se acerca cada vez mas a los est\u00e1ndares latinoamericanos. Los profesionales lamentan el recorte de los presupuestos p\u00fablicos para la investigaci\u00f3n y muestran su desaliento ante la aplicaci\u00f3n de criterios de eficiencia empresarial al campo de la creaci\u00f3n de conocimientos b\u00e1sicos. \u00a0Un discurso que suena familiar en el mundo acad\u00e9mico de nuestros pa\u00edses.<\/p>\n<p>Pero la perplejidad de Portabella no supone neutralidad. La pel\u00edcula asume una postura ideol\u00f3gica y se identifica con una militancia: la de Podemos. Y por la independencia de Catalu\u00f1a.<\/p>\n<p>Ricardo Bedoya (Desde Barcelona)<\/p>\n","protected":false},"excerpt":{"rendered":"<p>&#8220;Informe general II. El nuevo rapto de Europa&#8221;, la nueva pel\u00edcula de Pere Portabella, prolonga el Informe General que filmara hace cuarenta a\u00f1os para dar cuenta de los tiempos complejos de la Transici\u00f3n a la democracia en Espa\u00f1a. Ahora, el catal\u00e1n \u00a0Portabella, cineasta veterano, productor de Bu\u00f1uel, director de culto, documenta el malestar ciudadano por [&hellip;]<\/p>\n","protected":false},"author":1,"featured_media":2561,"comment_status":"open","ping_status":"open","sticky":false,"template":"","format":"standard","meta":[],"categories":[499,28,498,1],"tags":[],"_links":{"self":[{"href":"http:\/\/www.paginas-del-diario-de-satan.com\/pdds\/index.php?rest_route=\/wp\/v2\/posts\/2549"}],"collection":[{"href":"http:\/\/www.paginas-del-diario-de-satan.com\/pdds\/index.php?rest_route=\/wp\/v2\/posts"}],"about":[{"href":"http:\/\/www.paginas-del-diario-de-satan.com\/pdds\/index.php?rest_route=\/wp\/v2\/types\/post"}],"author":[{"embeddable":true,"href":"http:\/\/www.paginas-del-diario-de-satan.com\/pdds\/index.php?rest_route=\/wp\/v2\/users\/1"}],"replies":[{"embeddable":true,"href":"http:\/\/www.paginas-del-diario-de-satan.com\/pdds\/index.php?rest_route=%2Fwp%2Fv2%2Fcomments&post=2549"}],"version-history":[{"count":4,"href":"http:\/\/www.paginas-del-diario-de-satan.com\/pdds\/index.php?rest_route=\/wp\/v2\/posts\/2549\/revisions"}],"predecessor-version":[{"id":2704,"href":"http:\/\/www.paginas-del-diario-de-satan.com\/pdds\/index.php?rest_route=\/wp\/v2\/posts\/2549\/revisions\/2704"}],"wp:featuredmedia":[{"embeddable":true,"href":"http:\/\/www.paginas-del-diario-de-satan.com\/pdds\/index.php?rest_route=\/wp\/v2\/media\/2561"}],"wp:attachment":[{"href":"http:\/\/www.paginas-del-diario-de-satan.com\/pdds\/index.php?rest_route=%2Fwp%2Fv2%2Fmedia&parent=2549"}],"wp:term":[{"taxonomy":"category","embeddable":true,"href":"http:\/\/www.paginas-del-diario-de-satan.com\/pdds\/index.php?rest_route=%2Fwp%2Fv2%2Fcategories&post=2549"},{"taxonomy":"post_tag","embeddable":true,"href":"http:\/\/www.paginas-del-diario-de-satan.com\/pdds\/index.php?rest_route=%2Fwp%2Fv2%2Ftags&post=2549"}],"curies":[{"name":"wp","href":"https:\/\/api.w.org\/{rel}","templated":true}]}}