{"id":257,"date":"2013-07-10T20:43:09","date_gmt":"2013-07-10T20:43:09","guid":{"rendered":"http:\/\/www.paginasdeldiariodesatan.com\/pdds\/?p=257"},"modified":"2013-07-12T13:40:44","modified_gmt":"2013-07-12T13:40:44","slug":"festival-transcinema-dos-metros-de-esta-tierra","status":"publish","type":"post","link":"http:\/\/www.paginas-del-diario-de-satan.com\/pdds\/?p=257","title":{"rendered":"Festival Transcinema: Dos metros de esta tierra"},"content":{"rendered":"<p>\u00a0\u00a0\u00a0<\/p>\n<p><img loading=\"lazy\" alt=\"\" src=\"https:\/\/oliva.ulima.edu.pe\/ulima\/Rbedoya\/Inbox\/RV:%20del%20cineasta%20hispano-palestino%20de%20FICUNAM.EML\/Metran_photo1_15x10cm_300dpi.jpg\/C58EA28C-18C0-4a97-9AF2-036E93DDAFB3\/Metran_photo1_15x10cm_300dpi.jpg?attach=1\" width=\"587\" height=\"391\" \/><\/p>\n<p>Una de los films m\u00e1s sugestivos que se exhibe en la primera edici\u00f3n del Festival Transcinema es esta producci\u00f3n palestina del director hispano-palestino Ahmed Natche. El t\u00edtulo proviene de uno de los \u00faltimos poemas de Mahmud Darwich, considerado el poeta nacional palestino m\u00e1s importante y el espacio de la acci\u00f3n se sit\u00faa al lado de la tumba del poeta. Pr\u00e1cticamente todo lo que vemos corresponde a la parte exterior de un teatro que cuenta con un escenario al aire libre, y en algunos camerinos y peque\u00f1os interiores, en una aparente zona suburbana de Ramala. En esos espacios circulan y dialogan periodistas, t\u00e9cnicos y artistas, tanto palestinos como extranjeros, que van a participar en un concierto de m\u00fasica popular. El relato se concentra en una tarde de verano.<\/p>\n<p>\u00a0En un cierto sentido la pel\u00edcula se limita a los ejes se\u00f1alados: exteriores de un teatro m\u00e1s unos pocos interiores, personajes que dialogan, tarde de verano, concierto que se avecina\u2026\u00a0 Sin embargo, y contra lo que algunos pudiesen esperar, no vemos el concierto, y no porque la acci\u00f3n previa anticipe que lo vamos a ver, sino porque es una de las expectativas posibles si se tratara de un documental o un semidocumental convencional, con preparaci\u00f3n y desarrollo de un espect\u00e1culo. No va por ah\u00ed la propuesta de <i>Dos metros de tierra<\/i>. A Natche no le interesa el concierto como tal, ni siquiera en rigor la preparaci\u00f3n del mismo, sino la ocasi\u00f3n en que diversos participantes se re\u00fanen y conversan en torno a sus propias inquietudes y deseos, sin el menor tono sentencioso y de una manera libre y espont\u00e1nea en la que casi no aparece el trasfondo pol\u00edtico que abruma a la naci\u00f3n palestina, lo que muchos esperar\u00edan dado que estamos habituados a verlo, pr\u00e1cticamente en todas las pel\u00edculas palestinas a las que hemos tenido acceso.<\/p>\n<p><img loading=\"lazy\" alt=\"\" src=\"https:\/\/oliva.ulima.edu.pe\/ulima\/Rbedoya\/Inbox\/RV:%20del%20cineasta%20hispano-palestino%20de%20FICUNAM.EML\/Metran_photo2_15x10cm_300dpi.jpg\/C58EA28C-18C0-4a97-9AF2-036E93DDAFB3\/Metran_photo2_15x10cm_300dpi.jpg?attach=1\" width=\"587\" height=\"391\" \/><\/p>\n<p>\u00a0Pero una pel\u00edcula puede aludir a un contexto sin necesidad de hacerlo de manera expl\u00edcita y esta es un ejemplo de esa opci\u00f3n. <i>Dos metros de esta tierra<\/i> se limita desde su t\u00edtulo (literal y metaf\u00f3ricamente preciso) a un espacio reducido, que no es en este caso un lugar de encierro propiamente dicho, y en esa \u201catadura\u201d de los encuadres (pr\u00e1cticamente sin movilidad de la c\u00e1mara) a esos peque\u00f1os reductos, alude de manera muy elocuente al \u201cencierro\u201d de toda una naci\u00f3n en \u201ctiempo de espera\u201d, cuya existencia se ve privada de ese horizonte que s\u00f3lo en el plano final que mira hacia las afueras se abre levemente, como un impulso de aire y libertad.<\/p>\n<p>\u00a0<strong>Isaac Le\u00f3n Fr\u00edas<\/strong><\/p>\n","protected":false},"excerpt":{"rendered":"<p>\u00a0\u00a0\u00a0 Una de los films m\u00e1s sugestivos que se exhibe en la primera edici\u00f3n del Festival Transcinema es esta producci\u00f3n palestina del director hispano-palestino Ahmed Natche. El t\u00edtulo proviene de uno de los \u00faltimos poemas de Mahmud Darwich, considerado el poeta nacional palestino m\u00e1s importante y el espacio de la acci\u00f3n se sit\u00faa al lado [&hellip;]<\/p>\n","protected":false},"author":1,"featured_media":0,"comment_status":"open","ping_status":"open","sticky":false,"template":"","format":"standard","meta":[],"categories":[6,21],"tags":[],"_links":{"self":[{"href":"http:\/\/www.paginas-del-diario-de-satan.com\/pdds\/index.php?rest_route=\/wp\/v2\/posts\/257"}],"collection":[{"href":"http:\/\/www.paginas-del-diario-de-satan.com\/pdds\/index.php?rest_route=\/wp\/v2\/posts"}],"about":[{"href":"http:\/\/www.paginas-del-diario-de-satan.com\/pdds\/index.php?rest_route=\/wp\/v2\/types\/post"}],"author":[{"embeddable":true,"href":"http:\/\/www.paginas-del-diario-de-satan.com\/pdds\/index.php?rest_route=\/wp\/v2\/users\/1"}],"replies":[{"embeddable":true,"href":"http:\/\/www.paginas-del-diario-de-satan.com\/pdds\/index.php?rest_route=%2Fwp%2Fv2%2Fcomments&post=257"}],"version-history":[{"count":3,"href":"http:\/\/www.paginas-del-diario-de-satan.com\/pdds\/index.php?rest_route=\/wp\/v2\/posts\/257\/revisions"}],"predecessor-version":[{"id":259,"href":"http:\/\/www.paginas-del-diario-de-satan.com\/pdds\/index.php?rest_route=\/wp\/v2\/posts\/257\/revisions\/259"}],"wp:attachment":[{"href":"http:\/\/www.paginas-del-diario-de-satan.com\/pdds\/index.php?rest_route=%2Fwp%2Fv2%2Fmedia&parent=257"}],"wp:term":[{"taxonomy":"category","embeddable":true,"href":"http:\/\/www.paginas-del-diario-de-satan.com\/pdds\/index.php?rest_route=%2Fwp%2Fv2%2Fcategories&post=257"},{"taxonomy":"post_tag","embeddable":true,"href":"http:\/\/www.paginas-del-diario-de-satan.com\/pdds\/index.php?rest_route=%2Fwp%2Fv2%2Ftags&post=257"}],"curies":[{"name":"wp","href":"https:\/\/api.w.org\/{rel}","templated":true}]}}