{"id":2646,"date":"2016-03-18T16:40:21","date_gmt":"2016-03-18T16:40:21","guid":{"rendered":"http:\/\/www.paginasdeldiariodesatan.com\/pdds\/?p=2646"},"modified":"2016-03-19T13:58:30","modified_gmt":"2016-03-19T13:58:30","slug":"jose-carlos-avellar-1936-2016","status":"publish","type":"post","link":"http:\/\/www.paginas-del-diario-de-satan.com\/pdds\/?p=2646","title":{"rendered":"Jose Carlos Avellar (1936-2016)"},"content":{"rendered":"<p><span style=\"color: #000000; font-family: Cambria; font-size: medium;\">Como ocurre con muchos cr\u00edticos cinematogr\u00e1ficos, el brasile\u00f1o Jose Carlos Avellar no era muy conocido fuera de su pa\u00eds, salvo en peque\u00f1os c\u00edrculos. Entre nosotros, por ejemplo, mucho le debe el Festival de Lima, al que aport\u00f3 informaci\u00f3n y contactos desde las primeras ediciones.<\/span><\/p>\n<p><span style=\"color: #000000; font-family: Cambria; font-size: medium;\">Avellar acaba de morir a los 79 a\u00f1os y se hace m\u00e1s fuerte que nunca el sentimiento de gratitud que sentimos por \u00e9l aqu\u00ed y en diversos pa\u00edses en los que apoy\u00f3 iniciativas festivaleras y culturales. En Brasil, por cierto, fue una figura clave no s\u00f3lo en la cr\u00edtica y la teorizaci\u00f3n del cine de ese pa\u00eds y de otras partes, sino en la difusi\u00f3n cultural a trav\u00e9s de la Cinemateca del MAM por muchos a\u00f1os y, m\u00e1s adelante, de la empresa Rio Filmes, que distribuy\u00f3 cine brasile\u00f1o. En los a\u00f1os del Cinema Novo acompa\u00f1\u00f3 al movimiento y m\u00e1s tarde escribi\u00f3 un libro sobre Glauber Rocha, dentro de una amplia producci\u00f3n editorial.<\/span><\/p>\n<p><span style=\"color: #000000; font-family: Cambria; font-size: medium;\">Tuve la suerte de ser amigo personal de Jose Carlos por muchos a\u00f1os, y de coincidir con \u00e9l repetidamente en el Festival de Berlin, pero tambi\u00e9n en los de Guadalajara,\u00a0 R\u00edo de Janeiro,\u00a0 Buenos Aires, Valladolid, Lima tambi\u00e9n, y de otras ciudades. Asimismo, compart\u00ed con \u00e9l jurados de la cr\u00edtica en varias ocasiones.<\/span><\/p>\n<p><span style=\"color: #000000; font-family: Cambria; font-size: medium;\">Con Avellar se pierde una de esas pocas personas cuya actividad en la cultura cinematogr\u00e1fica,\u00a0 enorme en Brasil, trascendi\u00f3 a otros pa\u00edses, sin que en ello buscara la menor figuraci\u00f3n. Avellar era un hombre sencillo y discreto, de voz m\u00e1s bien baja, con enorme capacidad de escucha. Nunca lo vi imponer la autoridad intelectual que sin duda pose\u00eda y s\u00ed, m\u00e1s bien, hacer del di\u00e1logo y del intercambio de ideas el modo de tender puentes con los otros y de contribuir a<\/span><\/p>\n<p><span style=\"color: #000000; font-family: Cambria; font-size: medium;\">hacer del cine menos favorecido por la publicidad y el mercado algo m\u00e1s conocido y cercano. El cine nuestro y el de todas partes porque fue un conocedor voraz y siempre al d\u00eda con lo que se hac\u00eda aqu\u00ed y all\u00e1. A Avellar se le pod\u00eda preguntar por lo m\u00e1s reciente y no recuerdo ninguna ocasi\u00f3n en que no hubiera visto ya la o las pel\u00edculas por las que indagaba.\u00a0 Era un enciclopedista del cine, pese a su mayor dedicaci\u00f3n al cine de su pa\u00eds y, en segundo lugar, al de Am\u00e9rica Latina. Una p\u00e9rdida realmente lamentable de quien casi hasta el final prosigui\u00f3 sin descanso una labor indesmayable<\/span><span style=\"color: #000000; font-family: Cambria; font-size: medium;\">.<\/span><\/p>\n<p><strong><span style=\"color: #000000; font-family: Cambria; font-size: medium;\">Isaac Le\u00f3n Fr\u00edas<\/span><\/strong><\/p>\n<p>Foto: cortes\u00eda del Festival de Lima<\/p>\n","protected":false},"excerpt":{"rendered":"<p>Como ocurre con muchos cr\u00edticos cinematogr\u00e1ficos, el brasile\u00f1o Jose Carlos Avellar no era muy conocido fuera de su pa\u00eds, salvo en peque\u00f1os c\u00edrculos. Entre nosotros, por ejemplo, mucho le debe el Festival de Lima, al que aport\u00f3 informaci\u00f3n y contactos desde las primeras ediciones. Avellar acaba de morir a los 79 a\u00f1os y se hace [&hellip;]<\/p>\n","protected":false},"author":1,"featured_media":2654,"comment_status":"open","ping_status":"open","sticky":false,"template":"","format":"standard","meta":[],"categories":[199,477],"tags":[],"_links":{"self":[{"href":"http:\/\/www.paginas-del-diario-de-satan.com\/pdds\/index.php?rest_route=\/wp\/v2\/posts\/2646"}],"collection":[{"href":"http:\/\/www.paginas-del-diario-de-satan.com\/pdds\/index.php?rest_route=\/wp\/v2\/posts"}],"about":[{"href":"http:\/\/www.paginas-del-diario-de-satan.com\/pdds\/index.php?rest_route=\/wp\/v2\/types\/post"}],"author":[{"embeddable":true,"href":"http:\/\/www.paginas-del-diario-de-satan.com\/pdds\/index.php?rest_route=\/wp\/v2\/users\/1"}],"replies":[{"embeddable":true,"href":"http:\/\/www.paginas-del-diario-de-satan.com\/pdds\/index.php?rest_route=%2Fwp%2Fv2%2Fcomments&post=2646"}],"version-history":[{"count":3,"href":"http:\/\/www.paginas-del-diario-de-satan.com\/pdds\/index.php?rest_route=\/wp\/v2\/posts\/2646\/revisions"}],"predecessor-version":[{"id":2656,"href":"http:\/\/www.paginas-del-diario-de-satan.com\/pdds\/index.php?rest_route=\/wp\/v2\/posts\/2646\/revisions\/2656"}],"wp:featuredmedia":[{"embeddable":true,"href":"http:\/\/www.paginas-del-diario-de-satan.com\/pdds\/index.php?rest_route=\/wp\/v2\/media\/2654"}],"wp:attachment":[{"href":"http:\/\/www.paginas-del-diario-de-satan.com\/pdds\/index.php?rest_route=%2Fwp%2Fv2%2Fmedia&parent=2646"}],"wp:term":[{"taxonomy":"category","embeddable":true,"href":"http:\/\/www.paginas-del-diario-de-satan.com\/pdds\/index.php?rest_route=%2Fwp%2Fv2%2Fcategories&post=2646"},{"taxonomy":"post_tag","embeddable":true,"href":"http:\/\/www.paginas-del-diario-de-satan.com\/pdds\/index.php?rest_route=%2Fwp%2Fv2%2Ftags&post=2646"}],"curies":[{"name":"wp","href":"https:\/\/api.w.org\/{rel}","templated":true}]}}