{"id":2668,"date":"2016-03-30T23:10:31","date_gmt":"2016-03-30T23:10:31","guid":{"rendered":"http:\/\/www.paginasdeldiariodesatan.com\/pdds\/?p=2668"},"modified":"2016-03-30T23:50:49","modified_gmt":"2016-03-30T23:50:49","slug":"ventana-indiscreta","status":"publish","type":"post","link":"http:\/\/www.paginas-del-diario-de-satan.com\/pdds\/?p=2668","title":{"rendered":"Ventana indiscreta"},"content":{"rendered":"<p><strong>Jos\u00e9 Carlos Cabrejo env\u00eda la siguiente nota informativa sobre la revista Ventana indiscreta:<\/strong><\/p>\n<p>&#8220;A cinco a\u00f1os de su lanzamiento, la revista de cine\u00a0<b>Ventana Indiscreta<\/b>\u00a0anuncia su distribuci\u00f3n digital gratuita a trav\u00e9s del nuevo <a href=\"http:\/\/revistas.ulima.edu.pe\/\"><strong>portal web<\/strong><\/a> del Fondo editorial de la Universidad de Lima.<\/p>\n<p><span style=\"color: #0066cc;\">\u00a0<\/span>Se planea poner a disposici\u00f3n de los lectores, de forma totalmente gratuita, todo el contenido producido en estos\u00a0cinco a\u00f1os de publicaciones pero, por lo pronto, en el portal se pueden encontrar los art\u00edculos digitalizados desde la edici\u00f3n N\u00b09 hasta su \u00faltima entrega, la edici\u00f3n N\u00b014.<\/p>\n<p>Para el p\u00fablico interesado, se ha habilitado el servicio de suscripci\u00f3n por correo electr\u00f3nico. La revista, adem\u00e1s, puede ser seguida a trav\u00e9s de su cuenta en\u00a0<b>Twitter<\/b>: @revventanaind\u00a0o <a href=\"https:\/\/www.facebook.com\/ventana.indiscretaimpresa\"><strong>en Facebook<\/strong><\/a><\/p>\n<p>La versi\u00f3n impresa seguir\u00e1 siendo distribuida a las librer\u00edas\u00a0<b>m\u00e1s importantes del pa\u00eds<\/b>.<\/p>\n<p>Ventana Indiscreta es una publicaci\u00f3n semestral que va en su decimocuarta edici\u00f3n. En ella escriben tanto colaboradores nacionales como extranjeros. La \u00faltima publicaci\u00f3n trata sobre \u201cLos Espacios en el Cine\u201d y tambi\u00e9n la pueden encontrar en el\u00a0portal web.<\/p>\n","protected":false},"excerpt":{"rendered":"<p>Jos\u00e9 Carlos Cabrejo env\u00eda la siguiente nota informativa sobre la revista Ventana indiscreta: &#8220;A cinco a\u00f1os de su lanzamiento, la revista de cine\u00a0Ventana Indiscreta\u00a0anuncia su distribuci\u00f3n digital gratuita a trav\u00e9s del nuevo portal web del Fondo editorial de la Universidad de Lima. \u00a0Se planea poner a disposici\u00f3n de los lectores, de forma totalmente gratuita, todo [&hellip;]<\/p>\n","protected":false},"author":1,"featured_media":2669,"comment_status":"open","ping_status":"open","sticky":false,"template":"","format":"standard","meta":[],"categories":[1],"tags":[],"_links":{"self":[{"href":"http:\/\/www.paginas-del-diario-de-satan.com\/pdds\/index.php?rest_route=\/wp\/v2\/posts\/2668"}],"collection":[{"href":"http:\/\/www.paginas-del-diario-de-satan.com\/pdds\/index.php?rest_route=\/wp\/v2\/posts"}],"about":[{"href":"http:\/\/www.paginas-del-diario-de-satan.com\/pdds\/index.php?rest_route=\/wp\/v2\/types\/post"}],"author":[{"embeddable":true,"href":"http:\/\/www.paginas-del-diario-de-satan.com\/pdds\/index.php?rest_route=\/wp\/v2\/users\/1"}],"replies":[{"embeddable":true,"href":"http:\/\/www.paginas-del-diario-de-satan.com\/pdds\/index.php?rest_route=%2Fwp%2Fv2%2Fcomments&post=2668"}],"version-history":[{"count":5,"href":"http:\/\/www.paginas-del-diario-de-satan.com\/pdds\/index.php?rest_route=\/wp\/v2\/posts\/2668\/revisions"}],"predecessor-version":[{"id":2671,"href":"http:\/\/www.paginas-del-diario-de-satan.com\/pdds\/index.php?rest_route=\/wp\/v2\/posts\/2668\/revisions\/2671"}],"wp:featuredmedia":[{"embeddable":true,"href":"http:\/\/www.paginas-del-diario-de-satan.com\/pdds\/index.php?rest_route=\/wp\/v2\/media\/2669"}],"wp:attachment":[{"href":"http:\/\/www.paginas-del-diario-de-satan.com\/pdds\/index.php?rest_route=%2Fwp%2Fv2%2Fmedia&parent=2668"}],"wp:term":[{"taxonomy":"category","embeddable":true,"href":"http:\/\/www.paginas-del-diario-de-satan.com\/pdds\/index.php?rest_route=%2Fwp%2Fv2%2Fcategories&post=2668"},{"taxonomy":"post_tag","embeddable":true,"href":"http:\/\/www.paginas-del-diario-de-satan.com\/pdds\/index.php?rest_route=%2Fwp%2Fv2%2Ftags&post=2668"}],"curies":[{"name":"wp","href":"https:\/\/api.w.org\/{rel}","templated":true}]}}