{"id":274,"date":"2013-08-01T16:45:48","date_gmt":"2013-08-01T16:45:48","guid":{"rendered":"http:\/\/www.paginasdeldiariodesatan.com\/pdds\/?p=274"},"modified":"2013-08-07T04:12:35","modified_gmt":"2013-08-07T04:12:35","slug":"festival-de-lima-2013-las-fijas-y-las-atractivas","status":"publish","type":"post","link":"http:\/\/www.paginas-del-diario-de-satan.com\/pdds\/?p=274","title":{"rendered":"Festival de Lima 2013: las fijas y las atractivas"},"content":{"rendered":"<p>\u00a0\u00a0\u00a0\u00a0\u00a0\u00a0\u00a0\u00a0\u00a0\u00a0\u00a0\u00a0\u00a0\u00a0\u00a0\u00a0\u00a0\u00a0\u00a0\u00a0\u00a0\u00a0\u00a0\u00a0\u00a0\u00a0\u00a0\u00a0\u00a0\u00a0\u00a0\u00a0\u00a0\u00a0\u00a0\u00a0\u00a0\u00a0\u00a0\u00a0\u00a0\u00a0\u00a0\u00a0 <img loading=\"lazy\" id=\"il_fi\" alt=\"\" src=\"http:\/\/blahcultural.com\/wp-content\/uploads\/2013\/02\/cartaz-o-som-ao-redor.jpeg\" width=\"258\" height=\"377\" \/><\/p>\n<p><strong>La pr\u00f3xima semana arranca el Festival de Lima. Aqu\u00ed van las listas de pel\u00edculas recomendadas.<\/strong><\/p>\n<p><strong>\u00a0Las divido en dos categor\u00edas. \u201cLas fijas\u201d son pel\u00edculas que he visto y considero buenas o notables, o que llegan con recomendaciones entusiastas. \u201cLas atractivas\u201d son las que han recibido comentarios mixtos o, habi\u00e9ndolas visto, me parecen parcialmente logradas.<\/strong><\/p>\n<p><strong>\u00a0Quedan por descubrir las pel\u00edculas de las que no tengo mayores referencias. Tambi\u00e9n los t\u00edtulos\u00a0que nadie ha visto a\u00fan (o han visto pocos). \u00a0Es el caso de las pel\u00edculas peruanas de ficci\u00f3n o documentales que se estrenan\u00a0en el Festival. Por eso no est\u00e1n incluidas. \u00a0<\/strong><\/p>\n<p>\u00a0No considero los t\u00edtulos que tienen estreno anunciado para las pr\u00f3ximas semanas, como <b>SPRING BREAKERS<\/b> de Harmony Korine o <b>BEAST OF THE SOUTHERN WILD<\/b> de Benh Zeitlin. Tampoco las pel\u00edculas que se vieron antes, como <strong>LA CEREMONIA<\/strong>, de Claude Chabrol, que est\u00e1 programada en el ciclo de Sandrine Bonnaire.<\/p>\n<p><strong>1) <em>Las fijas<\/em><\/strong><\/p>\n<p><em><strong>En la competencia oficial de ficci\u00f3n:<\/strong><\/em><\/p>\n<p><strong>LA PAZ<\/strong> de Santiago Loza<\/p>\n<p>\u00a0<strong>WAKOLDA<\/strong><b> <\/b>de Luc\u00eda Puenzo<\/p>\n<p>\u00a0<strong>EL SONIDO ALREDEDOR <\/strong>de Kleber Mendon\u00e7a Filho (<strong>pel\u00edcula fuerte de la competencia y de gran inter\u00e9s<\/strong>)<\/p>\n<p><strong>GLORIA<\/strong> de Sebasti\u00e1n Lelio (<strong>llega con\u00a0referencias muy buenas<\/strong>)<b> <\/b><\/p>\n<p>\u00a0<b>EL VERANO DE LOS PECES VOLADORES<\/b> de Marcela Said<\/p>\n<p>\u00a0<strong>HELI<\/strong>, de\u00a0Amat Escalante (<strong>muy controversial<\/strong>)<\/p>\n<p><b>LA JAULA DE ORO <\/b>de Diego Quemada-Diez<\/p>\n<p><b>TANTA AGUA<\/b> de Ana Guevara y Leticia Jorge<\/p>\n<p>&nbsp;<\/p>\n<p><em><strong>En la competencia oficial de documentales<\/strong><\/em><\/p>\n<p>\u00a0\u00a0\u00a0\u00a0\u00a0\u00a0\u00a0\u00a0\u00a0\u00a0\u00a0\u00a0\u00a0\u00a0\u00a0\u00a0\u00a0\u00a0\u00a0\u00a0\u00a0\u00a0\u00a0\u00a0\u00a0\u00a0\u00a0\u00a0\u00a0\u00a0\u00a0\u00a0\u00a0\u00a0\u00a0 <img loading=\"lazy\" id=\"il_fi\" alt=\"\" src=\"http:\/\/www.eldia.com.ar\/Blog22\/pt\/uploads\/Lachicadelsur.jpg\" width=\"282\" height=\"377\" \/><\/p>\n<p>&nbsp;<\/p>\n<p><b>LA CHICA DEL SUR <\/b>de Jos\u00e9 Luis Garc\u00eda.<\/p>\n<p><b>ELENA<\/b> de Petra Costa<b><\/b><\/p>\n<p><b>LA \u00daLTIMA ESTACI\u00d3N<\/b> de Christian Soto y Catalina Vergara<\/p>\n<p><b>LA ETERNA NOCHE DE LAS DOCE LUNAS<\/b> de Priscilla Padilla<\/p>\n<p>&nbsp;<\/p>\n<p>\u00a0<img loading=\"lazy\" id=\"il_fi\" alt=\"\" src=\"http:\/\/indieethos.files.wordpress.com\/2013\/03\/la-noche-de-enfrente-raul-ruiz-00.jpg\" width=\"444\" height=\"249\" \/><\/p>\n<p><em><strong>En\u00a0Galas<\/strong><\/em><\/p>\n<p><b>LA NOCHE DE ENFRENTE<\/b> de Ra\u00fal Ruiz (en la foto)<\/p>\n<p>\u00a0<img loading=\"lazy\" id=\"il_fi\" alt=\"\" src=\"https:\/\/fbcdn-sphotos-g-a.akamaihd.net\/hphotos-ak-prn1\/p480x480\/527200_440644062686869_1047865145_n.jpg\" width=\"444\" height=\"249\" \/><\/p>\n<p><b><em>En m\u00faltiples miradas<\/em>\u00a0<\/b><\/p>\n<p><b>LA PASI\u00d3N DE MICHELANGELO<\/b> de Esteban Larra\u00edn<\/p>\n<p><b>YO SOY MEJOR QUE VOS <\/b>de Che Sandoval (en la foto)<b><\/b><\/p>\n<p><b>NO QUIERO DORMIR SOLA<\/b> de Natalia Beristain Egurrola<\/p>\n<p>&nbsp;<\/p>\n<p><img loading=\"lazy\" id=\"rg_hi\" alt=\"\" src=\"http:\/\/t3.gstatic.com\/images?q=tbn:ANd9GcRoYrks3ckH5_H6Kgsibz-yPE3-vhyYv9o0tPXH_qgW_OnMgxEPlQ\" width=\"187\" height=\"270\" data-height=\"270\" data-width=\"187\" \/><\/p>\n<p><em><b>En La vuelta al mundo en 8 d\u00edas<\/b><\/em><\/p>\n<p><b>\u00a0<\/b><b>CENTRO HIST\u00d3RICO<\/b> de Manoel de Oliveira, Aki Kaurismaki, V\u00edctor Erice, Pedro Costa.<\/p>\n<p><b>\u00a0<\/b><b>C\u00c9SAR DEBE MORIR<\/b> de Paolo y Vittorio Taviani<\/p>\n<p><b>\u00a0<\/b><b>EL POLICIA<\/b> de Nadav Lapid \u00a0( <strong>atenci\u00f3n con esta pel\u00edcula, que es muy lograda<\/strong>)<\/p>\n<p><em><strong>En la Semana de la Cr\u00edtica de Cannes<\/strong><\/em><\/p>\n<p><b>LE D\u00c9MANT\u00c8LEMENT<\/b> de S\u00e9bastien Pilote<\/p>\n<p><b>SALVO<\/b> de Antonio Piazza and Fabio Grassadonia (<strong>atenci\u00f3n con esta pel\u00edcula que tiene los mejores comentarios)<\/strong><\/p>\n<p><b>SUZANNE<\/b> de Katell Quill\u00e9v\u00e9r\u00e9<\/p>\n<p><b>3X3D<\/b> de Jean-Luc Godard, Peter Greenaway and Edgar P\u00eara<\/p>\n<p><b>BROKEN<\/b> de Rufus Norris<\/p>\n<p>\u00a0\u00a0\u00a0\u00a0\u00a0\u00a0\u00a0\u00a0\u00a0\u00a0\u00a0\u00a0 <img loading=\"lazy\" id=\"il_fi\" alt=\"\" src=\"http:\/\/pics.filmaffinity.com\/You_Make_Me_Feel_So_Young-107652230-large.jpg\" width=\"320\" height=\"180\" \/><\/p>\n<p><strong><em>En cine independiente norteamericano<\/em>\u00a0<\/strong>\u00a0<\/p>\n<p><b>YOU MAKE ME FEEL SO YOUNG<\/b> de Zach Weintraub<\/p>\n<p>\u00a0\u00a0\u00a0\u00a0\u00a0\u00a0\u00a0\u00a0\u00a0\u00a0\u00a0\u00a0\u00a0\u00a0\u00a0\u00a0\u00a0\u00a0\u00a0\u00a0\u00a0\u00a0\u00a0\u00a0\u00a0\u00a0\u00a0\u00a0\u00a0\u00a0\u00a0\u00a0\u00a0\u00a0\u00a0\u00a0\u00a0\u00a0\u00a0 <img loading=\"lazy\" id=\"il_fi\" alt=\"\" src=\"http:\/\/www.offtoseetheelephant.com\/wp-content\/uploads\/2013\/02\/SWT-poster.jpeg\" width=\"261\" height=\"377\" \/><\/p>\n<p>\u00a0<em><b>En Ambulante: gira de documentales 2013\u00a0<\/b><\/em><\/p>\n<p><b>STORIES WE TELL \/ LAS HISTORIAS QUE CONTAMOS <\/b>de Sarah Polley <strong>(Atenci\u00f3n: llega con\u00a0las mejores referencias)<\/strong><\/p>\n<p><b>\u00a0<\/b><b>LES INVISIBLES <\/b>de S\u00e9bastien Lifshitz<\/p>\n<p>\u00a0<b>LA REINA DE VERSALLES <\/b>de Lauren Greenfield<\/p>\n<p>&nbsp;<\/p>\n<p><strong><em>En la retrospectiva Sandrine Bonnaire\u00a0<\/em><\/strong><\/p>\n<p><b><i>\u00a0<\/i><\/b><b>A NOS AMOURS, de Maurice Pialat (que es una obra maestra)<\/b><\/p>\n<p>&nbsp;<\/p>\n<p><em><strong>En Espacio Filmoteca<\/strong>\u00a0<\/em><\/p>\n<p><b>BUENOS AIRES, VERANO 1912<\/b> de Oscar Kantor<\/p>\n<p><b>MIRADAS MULTIPLES, LA MAQUINA LOCA <\/b>de Emilio Maille<\/p>\n<p>&nbsp;<\/p>\n<p><em><strong>2) Las atractivas<\/strong><\/em>\u00a0<b><\/b><\/p>\n<p>&nbsp;<\/p>\n<p><em><strong>En la competencia oficial de ficci\u00f3n<\/strong><\/em><\/p>\n<p>\u00a0<b>TESIS SOBRE UN HOMICIDIO<\/b> de Hern\u00e1n Goldfrid<\/p>\n<p><b>IL FUTURO<\/b> de Alicia Scherson<\/p>\n<p><b>JIRAFAS<\/b> de Enrique Alvarez<\/p>\n<p><b>7 CAJAS <\/b>de Juan Carlos Maneglia y Tana Sch\u00e9mbori<\/p>\n<p>\u00a0<img loading=\"lazy\" id=\"il_fi\" alt=\"\" src=\"http:\/\/www.fusion-freak.com\/images\/stories\/2013-04\/1_IMAGENES_CINE\/7-Cajas-Poster.jpg\" width=\"251\" height=\"377\" \/><\/p>\n<p><em><b>En la competencia oficial de documentales\u00a0<\/b><\/em><\/p>\n<p>\u00a0<b>LA GENTE DEL RIO\u00a0<\/b>de Pablo Aparo y Mart\u00edn Benchilom<\/p>\n<p><b>NARCO CULTURA<\/b> de Shaul\u00a0 Shwarz<b> <\/b><\/p>\n<p><b>I WILL BE MURDERED<\/b> de Justin Webster<\/p>\n<p><b>LA REVOLUCI\u00d3N DE LOS ALCATRACES<\/b> de Luciana Kaplan<b> <\/b><\/p>\n<p><b>EL ALCALDE <\/b>de Emiliano Altuna, Diego Enrique Osorno<b><\/b><\/p>\n<p>&nbsp;<\/p>\n<p><em><b>En galas <\/b><\/em><\/p>\n<p><strong>\u00c9RASE UNA VEZ VER\u00d3NICA <\/strong>de Marcelo Gomes<\/p>\n<p><b>CIUDADANO BUELNA<\/b> de Felipe Cazals<\/p>\n<p><b>D\u00cdAS DE PESCA<\/b> de Carlos Sor\u00edn<\/p>\n<p><b>\u00a0<\/b><\/p>\n<p><em><b>En M\u00faltiples miradas <\/b><\/em><\/p>\n<p><b>LAS COSAS COMO SON <\/b>de Fernando Lavanderos <b><\/b><\/p>\n<p>&nbsp;<\/p>\n<p><em><b>En La semana de la cr\u00edtica de Cannes<\/b><b><\/b><\/em><\/p>\n<p><b>THE LUNCHBOX<\/b> de Ritesh Batra<\/p>\n<p><b>J&#8217;ENRAGE DE SON ABSENCE<\/b> de Sandrine Bonnaire<\/p>\n<p>&nbsp;<\/p>\n<p>\u00a0<strong>Ricardo Bedoya<\/strong><\/p>\n<p>&nbsp;<\/p>\n","protected":false},"excerpt":{"rendered":"<p>\u00a0\u00a0\u00a0\u00a0\u00a0\u00a0\u00a0\u00a0\u00a0\u00a0\u00a0\u00a0\u00a0\u00a0\u00a0\u00a0\u00a0\u00a0\u00a0\u00a0\u00a0\u00a0\u00a0\u00a0\u00a0\u00a0\u00a0\u00a0\u00a0\u00a0\u00a0\u00a0\u00a0\u00a0\u00a0\u00a0\u00a0\u00a0\u00a0\u00a0\u00a0\u00a0\u00a0\u00a0 La pr\u00f3xima semana arranca el Festival de Lima. Aqu\u00ed van las listas de pel\u00edculas recomendadas. \u00a0Las divido en dos categor\u00edas. \u201cLas fijas\u201d son pel\u00edculas que he visto y considero buenas o notables, o que llegan con recomendaciones entusiastas. \u201cLas atractivas\u201d son las que han recibido comentarios mixtos o, habi\u00e9ndolas visto, me parecen parcialmente logradas. [&hellip;]<\/p>\n","protected":false},"author":1,"featured_media":0,"comment_status":"open","ping_status":"open","sticky":false,"template":"","format":"standard","meta":[],"categories":[8,13,24,6],"tags":[],"_links":{"self":[{"href":"http:\/\/www.paginas-del-diario-de-satan.com\/pdds\/index.php?rest_route=\/wp\/v2\/posts\/274"}],"collection":[{"href":"http:\/\/www.paginas-del-diario-de-satan.com\/pdds\/index.php?rest_route=\/wp\/v2\/posts"}],"about":[{"href":"http:\/\/www.paginas-del-diario-de-satan.com\/pdds\/index.php?rest_route=\/wp\/v2\/types\/post"}],"author":[{"embeddable":true,"href":"http:\/\/www.paginas-del-diario-de-satan.com\/pdds\/index.php?rest_route=\/wp\/v2\/users\/1"}],"replies":[{"embeddable":true,"href":"http:\/\/www.paginas-del-diario-de-satan.com\/pdds\/index.php?rest_route=%2Fwp%2Fv2%2Fcomments&post=274"}],"version-history":[{"count":9,"href":"http:\/\/www.paginas-del-diario-de-satan.com\/pdds\/index.php?rest_route=\/wp\/v2\/posts\/274\/revisions"}],"predecessor-version":[{"id":280,"href":"http:\/\/www.paginas-del-diario-de-satan.com\/pdds\/index.php?rest_route=\/wp\/v2\/posts\/274\/revisions\/280"}],"wp:attachment":[{"href":"http:\/\/www.paginas-del-diario-de-satan.com\/pdds\/index.php?rest_route=%2Fwp%2Fv2%2Fmedia&parent=274"}],"wp:term":[{"taxonomy":"category","embeddable":true,"href":"http:\/\/www.paginas-del-diario-de-satan.com\/pdds\/index.php?rest_route=%2Fwp%2Fv2%2Fcategories&post=274"},{"taxonomy":"post_tag","embeddable":true,"href":"http:\/\/www.paginas-del-diario-de-satan.com\/pdds\/index.php?rest_route=%2Fwp%2Fv2%2Ftags&post=274"}],"curies":[{"name":"wp","href":"https:\/\/api.w.org\/{rel}","templated":true}]}}