{"id":2821,"date":"2016-05-11T22:26:47","date_gmt":"2016-05-11T22:26:47","guid":{"rendered":"http:\/\/www.paginasdeldiariodesatan.com\/pdds\/?p=2821"},"modified":"2016-05-11T22:34:44","modified_gmt":"2016-05-11T22:34:44","slug":"semana-del-cine-frances-las-mejor-calificadas-por-la-critica-francesa","status":"publish","type":"post","link":"http:\/\/www.paginas-del-diario-de-satan.com\/pdds\/?p=2821","title":{"rendered":"Semana del cine franc\u00e9s: las mejor calificadas por la cr\u00edtica francesa"},"content":{"rendered":"<p><strong>Empieza la Semana del Cine Franc\u00e9s, y estas son las pel\u00edculas programadas que tienen las mayores calificaciones de la m\u00e1s confiable cr\u00edtica francesa:<\/strong><\/p>\n<p>\u201cMil noches, una boda\u201d (Party Girl), de\u00a0Marie Amachoukeli-Barsacq, Claire Burger, Samuel Theis<\/p>\n<p>\u201cPatria obscura\u201d, de St\u00e9phane Ragot<\/p>\n<p>\u201cLa odisea de Alice\u201d<strong><span style=\"font-family: Times New Roman;\"> (<\/span><\/strong>\u00a0Fidelio, l\u2019odyss\u00e9e d\u2019Alice<span style=\"color: #000000; font-family: Calibri; font-size: medium;\">), de Lucie Borleteau<\/span><\/p>\n<p>\u201cLa gente bella\u201d (Le beau monde<span style=\"color: #000000; font-family: Calibri; font-size: medium;\">), de Julie Lopes-Curval<\/span><\/p>\n<p>\u201cNo es mi tipo\u201d (Pas son genre<span style=\"color: #000000; font-family: Calibri; font-size: medium;\">), de Lucas Belvaux<\/span><\/p>\n<p>\u201cCaprice<span style=\"color: #000000; font-family: Calibri; font-size: medium;\">\u201d, de Emmanuel Mouret<\/span><\/p>\n<p>\u201cEst\u00edo\u201d (La belle saison<span style=\"color: #000000; font-family: Calibri; font-size: medium;\">), de Catherine Corsini<\/span><\/p>\n<p>\u201cEn alerta\u201d (Qui vive<span style=\"color: #000000; font-family: Calibri; font-size: medium;\">), de Marianne Tardieu<\/span><\/p>\n<p>\u201cLa cabeza alta\u201d (\u00a0La t\u00eate haute<span style=\"color: #000000; font-family: Calibri; font-size: medium;\">)<\/span>, de Emmanuelle Bercot<\/p>\n<p>&nbsp;<\/p>\n","protected":false},"excerpt":{"rendered":"<p>Empieza la Semana del Cine Franc\u00e9s, y estas son las pel\u00edculas programadas que tienen las mayores calificaciones de la m\u00e1s confiable cr\u00edtica francesa: \u201cMil noches, una boda\u201d (Party Girl), de\u00a0Marie Amachoukeli-Barsacq, Claire Burger, Samuel Theis \u201cPatria obscura\u201d, de St\u00e9phane Ragot \u201cLa odisea de Alice\u201d (\u00a0Fidelio, l\u2019odyss\u00e9e d\u2019Alice), de Lucie Borleteau \u201cLa gente bella\u201d (Le beau [&hellip;]<\/p>\n","protected":false},"author":1,"featured_media":2822,"comment_status":"open","ping_status":"open","sticky":false,"template":"","format":"standard","meta":[],"categories":[17],"tags":[],"_links":{"self":[{"href":"http:\/\/www.paginas-del-diario-de-satan.com\/pdds\/index.php?rest_route=\/wp\/v2\/posts\/2821"}],"collection":[{"href":"http:\/\/www.paginas-del-diario-de-satan.com\/pdds\/index.php?rest_route=\/wp\/v2\/posts"}],"about":[{"href":"http:\/\/www.paginas-del-diario-de-satan.com\/pdds\/index.php?rest_route=\/wp\/v2\/types\/post"}],"author":[{"embeddable":true,"href":"http:\/\/www.paginas-del-diario-de-satan.com\/pdds\/index.php?rest_route=\/wp\/v2\/users\/1"}],"replies":[{"embeddable":true,"href":"http:\/\/www.paginas-del-diario-de-satan.com\/pdds\/index.php?rest_route=%2Fwp%2Fv2%2Fcomments&post=2821"}],"version-history":[{"count":2,"href":"http:\/\/www.paginas-del-diario-de-satan.com\/pdds\/index.php?rest_route=\/wp\/v2\/posts\/2821\/revisions"}],"predecessor-version":[{"id":2824,"href":"http:\/\/www.paginas-del-diario-de-satan.com\/pdds\/index.php?rest_route=\/wp\/v2\/posts\/2821\/revisions\/2824"}],"wp:featuredmedia":[{"embeddable":true,"href":"http:\/\/www.paginas-del-diario-de-satan.com\/pdds\/index.php?rest_route=\/wp\/v2\/media\/2822"}],"wp:attachment":[{"href":"http:\/\/www.paginas-del-diario-de-satan.com\/pdds\/index.php?rest_route=%2Fwp%2Fv2%2Fmedia&parent=2821"}],"wp:term":[{"taxonomy":"category","embeddable":true,"href":"http:\/\/www.paginas-del-diario-de-satan.com\/pdds\/index.php?rest_route=%2Fwp%2Fv2%2Fcategories&post=2821"},{"taxonomy":"post_tag","embeddable":true,"href":"http:\/\/www.paginas-del-diario-de-satan.com\/pdds\/index.php?rest_route=%2Fwp%2Fv2%2Ftags&post=2821"}],"curies":[{"name":"wp","href":"https:\/\/api.w.org\/{rel}","templated":true}]}}