{"id":2837,"date":"2016-05-14T23:50:03","date_gmt":"2016-05-14T23:50:03","guid":{"rendered":"http:\/\/www.paginasdeldiariodesatan.com\/pdds\/?p=2837"},"modified":"2016-05-14T23:50:03","modified_gmt":"2016-05-14T23:50:03","slug":"semana-del-cine-frances-la-cabeza-alta","status":"publish","type":"post","link":"http:\/\/www.paginas-del-diario-de-satan.com\/pdds\/?p=2837","title":{"rendered":"Semana del cine franc\u00e9s: La cabeza alta"},"content":{"rendered":"<p>Buenas actuaciones;\u00a0&#8220;tema social importante&#8221;; mirada comprensiva con sus personajes, aun cuando incurren en el desafuero; limpieza expositiva; presencia de una Catherine Deneuve convertida en sello de &#8220;calidad&#8221;; notable acabado t\u00e9cnico. Correcci\u00f3n por los cuatro costados.<\/p>\n<p>&#8220;La cabeza alta&#8221; inaugur\u00f3 el Festival de Cannes del a\u00f1o pasado. No es para menos: pel\u00edcula consensual por excelencia. Biempensante y mejor intencionada. Pero ins\u00edpida por los cuatro costados.<\/p>\n<p><strong>Ricardo Bedoya\u00a0\u00a0\u00a0\u00a0\u00a0\u00a0<\/strong><\/p>\n","protected":false},"excerpt":{"rendered":"<p>Buenas actuaciones;\u00a0&#8220;tema social importante&#8221;; mirada comprensiva con sus personajes, aun cuando incurren en el desafuero; limpieza expositiva; presencia de una Catherine Deneuve convertida en sello de &#8220;calidad&#8221;; notable acabado t\u00e9cnico. Correcci\u00f3n por los cuatro costados. &#8220;La cabeza alta&#8221; inaugur\u00f3 el Festival de Cannes del a\u00f1o pasado. No es para menos: pel\u00edcula consensual por excelencia. Biempensante [&hellip;]<\/p>\n","protected":false},"author":1,"featured_media":2838,"comment_status":"open","ping_status":"open","sticky":false,"template":"","format":"standard","meta":[],"categories":[553,17],"tags":[],"_links":{"self":[{"href":"http:\/\/www.paginas-del-diario-de-satan.com\/pdds\/index.php?rest_route=\/wp\/v2\/posts\/2837"}],"collection":[{"href":"http:\/\/www.paginas-del-diario-de-satan.com\/pdds\/index.php?rest_route=\/wp\/v2\/posts"}],"about":[{"href":"http:\/\/www.paginas-del-diario-de-satan.com\/pdds\/index.php?rest_route=\/wp\/v2\/types\/post"}],"author":[{"embeddable":true,"href":"http:\/\/www.paginas-del-diario-de-satan.com\/pdds\/index.php?rest_route=\/wp\/v2\/users\/1"}],"replies":[{"embeddable":true,"href":"http:\/\/www.paginas-del-diario-de-satan.com\/pdds\/index.php?rest_route=%2Fwp%2Fv2%2Fcomments&post=2837"}],"version-history":[{"count":1,"href":"http:\/\/www.paginas-del-diario-de-satan.com\/pdds\/index.php?rest_route=\/wp\/v2\/posts\/2837\/revisions"}],"predecessor-version":[{"id":2839,"href":"http:\/\/www.paginas-del-diario-de-satan.com\/pdds\/index.php?rest_route=\/wp\/v2\/posts\/2837\/revisions\/2839"}],"wp:featuredmedia":[{"embeddable":true,"href":"http:\/\/www.paginas-del-diario-de-satan.com\/pdds\/index.php?rest_route=\/wp\/v2\/media\/2838"}],"wp:attachment":[{"href":"http:\/\/www.paginas-del-diario-de-satan.com\/pdds\/index.php?rest_route=%2Fwp%2Fv2%2Fmedia&parent=2837"}],"wp:term":[{"taxonomy":"category","embeddable":true,"href":"http:\/\/www.paginas-del-diario-de-satan.com\/pdds\/index.php?rest_route=%2Fwp%2Fv2%2Fcategories&post=2837"},{"taxonomy":"post_tag","embeddable":true,"href":"http:\/\/www.paginas-del-diario-de-satan.com\/pdds\/index.php?rest_route=%2Fwp%2Fv2%2Ftags&post=2837"}],"curies":[{"name":"wp","href":"https:\/\/api.w.org\/{rel}","templated":true}]}}