{"id":2913,"date":"2016-06-06T11:10:14","date_gmt":"2016-06-06T11:10:14","guid":{"rendered":"http:\/\/www.paginasdeldiariodesatan.com\/pdds\/?p=2913"},"modified":"2016-06-06T11:12:15","modified_gmt":"2016-06-06T11:12:15","slug":"godard-en-lima","status":"publish","type":"post","link":"http:\/\/www.paginas-del-diario-de-satan.com\/pdds\/?p=2913","title":{"rendered":"Godard en Lima"},"content":{"rendered":"<div align=\"justify\"><strong>En 2010 publiqu\u00e9 este post. Lo vuelvo a hacer, dada su actualidad.<\/strong><\/div>\n<div align=\"justify\"><\/div>\n<div align=\"justify\"><strong><strong>En \u00ab Godard, biographie \u00bb, de Antoine de Baecque,\u00a0inmenso libro sobre el cineasta franco-suizo\u00a0(Editorial Grasset, 2010), se menciona su estad\u00eda en Lima y su relaci\u00f3n con el doctor Maxime Kuczynski, padre de Pedro Pablo Kuczynski. Aqu\u00ed va el p\u00e1rrafo que trata de esa relaci\u00f3n:<\/strong><\/strong><\/div>\n<div align=\"justify\"><\/div>\n<div align=\"justify\">(En diciembre de 1950, Jean-Luc Godard, en compa\u00f1\u00eda de su padre y de su hermana V\u00e9ronique, emprendi\u00f3 un viaje a Nueva York como primera escala rumbo al Caribe y Am\u00e9rica Latina.) \u201cLa primera etapa es Panam\u00e1, donde Jean-Luc Godard se queda unos d\u00edas, errando en las calles. Es al Per\u00fa, a Lima, donde va enseguida y donde pasa una temporada m\u00e1s larga. Es acogido donde su t\u00eda, Madeleine, una de las tres hermanas de Paul Godard, quien se cas\u00f3 con el doctor Maxime Kuczynski, m\u00e9dico alem\u00e1n, ex profesor en Berl\u00edn. Este \u00faltimo ejerci\u00f3 una influencia indudable sobre el joven Godard, quien estuvo marcado por esta figura del intelectual y del humanista de izquierda que se encontrar\u00e1 repetidas veces en sus pel\u00edculas: Arthur Palivoda, el \u201cgran periodista suizo de renombre mundial\u201d de\u00a0<em>Le Petit Soldat<\/em>, el fil\u00f3sofo de\u00a0<em>Vivre sa vie<\/em>, el invitado que diserta sobre la inteligencia en<em>Une femme mari\u00e9e<\/em>, el profesor de filosof\u00eda de\u00a0<em>La Chinoise<\/em>, hasta las autoridades \u00edntegras de\u00a0<em>Eloge de l\u2019amour<\/em>\u00a0o de\u00a0<em>Notre musique<\/em>. En cada oportunidad se mezclan aqu\u00ed los discursos de personas reales que invitaba Godard: Brice Parain, Roger Leenhardt, Francis Jeanson, Juan Goytisolo, Mahmoud Darwich, y la influencia discreta del encuentro con Maxime Kuczynski en Lima, conjunto que termina fusion\u00e1ndose en estos cuantos \u201cejercicios de admiraci\u00f3n\u201d que punt\u00faan algunos films del cineasta.<\/div>\n<div align=\"justify\"><\/div>\n<div align=\"justify\">Kuczynski era profesor de medicina tropical en Alemania a principios de los a\u00f1os 30 cuando huy\u00f3 del r\u00e9gimen nazi y emigr\u00f3 al Per\u00fa. Ah\u00ed trabaja para el gobierno, mucho tiempo ubicado en Iquique*. Retoma sus investigaciones cient\u00edficas y organiza campa\u00f1as m\u00e9dicas en la Amazon\u00eda y en el Altiplano, dejando m\u00faltiples observaciones etnogr\u00e1ficas fundadas en trabajos de encuesta y de entrevista con la poblaci\u00f3n ind\u00edgena. Se vuelve una figura importante de la medicina tropical, respetado por los ind\u00edgenas de los Andes por sus campa\u00f1as de vacunaci\u00f3n. El instituto de medicina social donde trabaja en la universidad de San Marcos de Lima gana cierta reputaci\u00f3n y desarrolla el concepto de \u201cpatolog\u00eda \u00e9tnica\u201d, estudiando sobre todo la influencia de la geograf\u00eda y de las tradiciones \u00e9tnicas en las enfermedades. Comprometido con la izquierda, es encarcelado con el golpe de Estado del general Odr\u00eda, que toma el poder en Lima en octubre de 1948, y abre un consultorio m\u00e9dico en la ciudad.\u201d*Se trata de un error de Antoine de Baecque. La referencia correcta es a Iquitos (R.B.)<\/div>\n<p>&nbsp;<\/p>\n<div align=\"justify\"><strong>Ricardo Bedoya<\/strong><\/div>\n","protected":false},"excerpt":{"rendered":"<p>En 2010 publiqu\u00e9 este post. Lo vuelvo a hacer, dada su actualidad. En \u00ab Godard, biographie \u00bb, de Antoine de Baecque,\u00a0inmenso libro sobre el cineasta franco-suizo\u00a0(Editorial Grasset, 2010), se menciona su estad\u00eda en Lima y su relaci\u00f3n con el doctor Maxime Kuczynski, padre de Pedro Pablo Kuczynski. Aqu\u00ed va el p\u00e1rrafo que trata de esa [&hellip;]<\/p>\n","protected":false},"author":1,"featured_media":2914,"comment_status":"open","ping_status":"open","sticky":false,"template":"","format":"standard","meta":[],"categories":[1],"tags":[],"_links":{"self":[{"href":"http:\/\/www.paginas-del-diario-de-satan.com\/pdds\/index.php?rest_route=\/wp\/v2\/posts\/2913"}],"collection":[{"href":"http:\/\/www.paginas-del-diario-de-satan.com\/pdds\/index.php?rest_route=\/wp\/v2\/posts"}],"about":[{"href":"http:\/\/www.paginas-del-diario-de-satan.com\/pdds\/index.php?rest_route=\/wp\/v2\/types\/post"}],"author":[{"embeddable":true,"href":"http:\/\/www.paginas-del-diario-de-satan.com\/pdds\/index.php?rest_route=\/wp\/v2\/users\/1"}],"replies":[{"embeddable":true,"href":"http:\/\/www.paginas-del-diario-de-satan.com\/pdds\/index.php?rest_route=%2Fwp%2Fv2%2Fcomments&post=2913"}],"version-history":[{"count":5,"href":"http:\/\/www.paginas-del-diario-de-satan.com\/pdds\/index.php?rest_route=\/wp\/v2\/posts\/2913\/revisions"}],"predecessor-version":[{"id":2919,"href":"http:\/\/www.paginas-del-diario-de-satan.com\/pdds\/index.php?rest_route=\/wp\/v2\/posts\/2913\/revisions\/2919"}],"wp:featuredmedia":[{"embeddable":true,"href":"http:\/\/www.paginas-del-diario-de-satan.com\/pdds\/index.php?rest_route=\/wp\/v2\/media\/2914"}],"wp:attachment":[{"href":"http:\/\/www.paginas-del-diario-de-satan.com\/pdds\/index.php?rest_route=%2Fwp%2Fv2%2Fmedia&parent=2913"}],"wp:term":[{"taxonomy":"category","embeddable":true,"href":"http:\/\/www.paginas-del-diario-de-satan.com\/pdds\/index.php?rest_route=%2Fwp%2Fv2%2Fcategories&post=2913"},{"taxonomy":"post_tag","embeddable":true,"href":"http:\/\/www.paginas-del-diario-de-satan.com\/pdds\/index.php?rest_route=%2Fwp%2Fv2%2Ftags&post=2913"}],"curies":[{"name":"wp","href":"https:\/\/api.w.org\/{rel}","templated":true}]}}