{"id":2949,"date":"2016-06-18T15:58:42","date_gmt":"2016-06-18T15:58:42","guid":{"rendered":"http:\/\/www.paginasdeldiariodesatan.com\/pdds\/?p=2949"},"modified":"2016-06-18T15:58:42","modified_gmt":"2016-06-18T15:58:42","slug":"lima-independiente-2016-competencia-internacional","status":"publish","type":"post","link":"http:\/\/www.paginas-del-diario-de-satan.com\/pdds\/?p=2949","title":{"rendered":"Lima independiente 2016: Competencia internacional"},"content":{"rendered":"<div id=\"js_3\" data-ft=\"{&quot;tn&quot;:&quot;K&quot;}\">\n<p>El 30 de junio se inicia la sexta edici\u00f3n del Festival Lima Independiente. Todav\u00eda no se anuncia el \u00edntegro de la programaci\u00f3n, pero\u00a0ya se conocen\u00a0algunos t\u00edtulos notables. Desde hoy empezaremos a publicar comentarios de las pel\u00edculas \u00a0que hemos podido ver.<\/p>\n<p>Los t\u00edtulos que van a la competencia internacional son los siguientes:<br \/>\n<em>A Crackup at the Race Riots<\/em>, de Leo Gabin (B\u00e9lgica, 2015, 57 min)<\/p>\n<p>Trailer:\u00a0<a onclick=\"LinkshimAsyncLink.referrer_log(this, &quot;https:\\\/\\\/vimeo.com\\\/149816160&quot;, &quot;\\\/si\\\/ajax\\\/l\\\/render_linkshim_log\\\/?u=https\\u00253A\\u00252F\\u00252Fvimeo.com\\u00252F149816160&amp;h=NAQH1jPrVAQExyEJ3DiVG2BOFmZiv0JinJ3gL2AdzKeFRLA&amp;render_verification=0&amp;enc=AZM4j-iKUzMECVhC950oe4IY-jakxz_85M-z_veaExK8w2JFBq3leO5UW7UnCAInVlWNgAK22XLaQNslqihKZQhAYrcZ8StSEqDTlR4CezoBrZQUNLwkVd7GWB0qJ1frbO0X7Sto59-kUDR8qkDfKjQejtHAUEdEQGAq3Tafwm7hmPPUdqku8lCVDQPUcmz9XJAbBh_6EUz1j-GNEiM3w4DT&amp;d&quot;);\" onmouseover=\"LinkshimAsyncLink.swap(this, &quot;https:\\\/\\\/vimeo.com\\\/149816160&quot;);\" href=\"https:\/\/vimeo.com\/149816160\" target=\"_blank\" rel=\"nofollow\">https:\/\/vimeo.com\/149816160<\/a><\/p>\n<p>&nbsp;<\/p>\n<p><em>Alone<\/em>, de Park Hong-min (Corea del Sur, 2015, 90 min)<\/p>\n<p>Trailer:\u00a0<a onclick=\"LinkshimAsyncLink.referrer_log(this, &quot;https:\\\/\\\/vimeo.com\\\/142344693&quot;, &quot;\\\/si\\\/ajax\\\/l\\\/render_linkshim_log\\\/?u=https\\u00253A\\u00252F\\u00252Fvimeo.com\\u00252F142344693&amp;h=YAQF88XGlAQG4-ikuinzlEbKZukQM-rDBKgiLQiWeGs81Ig&amp;render_verification=0&amp;enc=AZMs4APRlz06eSm2ctDVC30bj0JYocP4l1VtU1XyRHMw6rteTCdn2nXFpggrBuBbIt3arWfnXa450hwmmtVkyDdGOgOI6On95LJJChijPqjBcTRrE1mRVP17fnOlCwpnXXZU2Dkc1B3EEQEEeAqsUQF9fr5BZdpQdTK7Ea45_wl4eqmTeIEx5Z9CZZOZWpGOYLjYnVzU25vy-8MPM_FM54pQ&amp;d&quot;);\" onmouseover=\"LinkshimAsyncLink.swap(this, &quot;https:\\\/\\\/vimeo.com\\\/142344693&quot;);\" href=\"https:\/\/www.facebook.com\/l.php?u=https%3A%2F%2Fvimeo.com%2F142344693&amp;h=YAQF88XGlAQG4-ikuinzlEbKZukQM-rDBKgiLQiWeGs81Ig&amp;enc=AZMs4APRlz06eSm2ctDVC30bj0JYocP4l1VtU1XyRHMw6rteTCdn2nXFpggrBuBbIt3arWfnXa450hwmmtVkyDdGOgOI6On95LJJChijPqjBcTRrE1mRVP17fnOlCwpnXXZU2Dkc1B3EEQEEeAqsUQF9fr5BZdpQdTK7Ea45_wl4eqmTeIEx5Z9CZZOZWpGOYLjYnVzU25vy-8MPM_FM54pQ&amp;s=1\" target=\"_blank\" rel=\"nofollow\">https:\/\/vimeo.com\/142344693<\/a><\/p>\n<p>&nbsp;<\/p>\n<p><em>Ausma<\/em>, de Laila Pakalnina (Letonia, 2015, 96 min)<\/p>\n<p>Trailer:\u00a0<a onclick=\"LinkshimAsyncLink.referrer_log(this, &quot;https:\\\/\\\/vimeo.com\\\/132593938&quot;, &quot;\\\/si\\\/ajax\\\/l\\\/render_linkshim_log\\\/?u=https\\u00253A\\u00252F\\u00252Fvimeo.com\\u00252F132593938&amp;h=JAQEAEdxbAQHFhXbExH4D0wjKbqcwb8gqL9SCkRbjdrWzKw&amp;render_verification=0&amp;enc=AZOQqA_ZzSxur4Znd4g6AiEKDEOXQuSoalpUZfxb3EhEtnOJC1UsZr1wUC2xK_1-WN6OCQjuYVOKvBXndhZhICRs5ERagKDecoZfasNEy4AdtmttCpFOFAbhqyYcE9PQaymwkH4KCL5rLUjAnfgw-tJLGB2cU14ew_lSxrvXfxaVWaf96Dtj9oAvGb-_5_qKuO6HKpvxgnLeEc2V7GW6jBR_&amp;d&quot;);\" onmouseover=\"LinkshimAsyncLink.swap(this, &quot;https:\\\/\\\/vimeo.com\\\/132593938&quot;);\" href=\"https:\/\/vimeo.com\/132593938\" target=\"_blank\" rel=\"nofollow\">https:\/\/vimeo.com\/132593938<\/a><\/p>\n<p>&nbsp;<\/p>\n<p><em>Balikbayan #1<\/em>, de Kidlat Tahimik (Filipinas, 2015, 152 min)<\/p>\n<p>Trailer:<br \/>\n<a onclick=\"LinkshimAsyncLink.referrer_log(this, &quot;http:\\\/\\\/www.kino-zeit.de\\\/filme\\\/trailer\\\/balikbayan-1-memories-of-overdevelopment-redux-iii&quot;, &quot;\\\/si\\\/ajax\\\/l\\\/render_linkshim_log\\\/?u=http\\u00253A\\u00252F\\u00252Fwww.kino-zeit.de\\u00252Ffilme\\u00252Ftrailer\\u00252Fbalikbayan-1-memories-of-overdevelopment-redux-iii&amp;h=oAQEa-VA8AQHcn1B-L0PWVAYvsawdOr9fBvKbVLjjTlYrsA&amp;render_verification=0&amp;enc=AZM1wY5ly_x-2TnfOKkongIimRbEQO9Xez6W-gmbrpJcZXm8PEbMiPNLmR1aNAWdfPYKmMDaM91k8uMGZYC7zt-LLEpkBtmGrrtTFy3aGRRmRiGLT3hlT9j79w1Sb6cVEoHC6asmP9kPd948ZnKAX9jAkweitA-D9Y70qynKsHy56wYlm6j3td_UxTxVmTTKoUP0dGnxClVr45pEhex-TFK7&amp;d&quot;);\" onmouseover=\"LinkshimAsyncLink.swap(this, &quot;http:\\\/\\\/www.kino-zeit.de\\\/filme\\\/trailer\\\/balikbayan-1-memories-of-overdevelopment-redux-iii&quot;);\" href=\"http:\/\/www.kino-zeit.de\/filme\/trailer\/balikbayan-1-memories-of-overdevelopment-redux-iii\" target=\"_blank\" rel=\"nofollow\">http:\/\/www.kino-zeit.de\/\u2026\/balikbayan-1-memories-of-overdeve\u2026<\/a><\/p>\n<p>&nbsp;<\/p>\n<p><em>Bella e perduta<\/em>, de Pietro Marcello (Italia, 2015, 86 min)<\/p>\n<p>Trailer:\u00a0<a onclick=\"LinkshimAsyncLink.referrer_log(this, &quot;https:\\\/\\\/www.youtube.com\\\/watch?v=fhQd31w-x1A&quot;, &quot;\\\/si\\\/ajax\\\/l\\\/render_linkshim_log\\\/?u=https\\u00253A\\u00252F\\u00252Fwww.youtube.com\\u00252Fwatch\\u00253Fv\\u00253DfhQd31w-x1A&amp;h=ZAQEh2MvxAQGnNgmFIVANnofa6FSOEliCI9BrE9XoUfFswQ&amp;render_verification=0&amp;enc=AZOHKsXFtrPDXa28QQpctTwTjjXNDUyvGpBuURwAJLftbUCNwWF8P3i4RaDTNKwqzQkPOAZtFAKIXDC_sqo5p_cPoNinjjnd0rDgl_vTkGKVWuKVVcr7a_c8bFGGdGEBhQ_nw3dIf6MKRk9hdVaURornbktVSWDnNSPGQTiAZrdeQnKOyNfIEYWcsGWur0LSr04ZwBScVTg1KwYbsIvC3wQp&amp;d&quot;);\" onmouseover=\"LinkshimAsyncLink.swap(this, &quot;https:\\\/\\\/www.youtube.com\\\/watch?v=fhQd31w-x1A&quot;);\" href=\"https:\/\/www.youtube.com\/watch?v=fhQd31w-x1A\" target=\"_blank\" rel=\"nofollow\">https:\/\/www.youtube.com\/watch?v=fhQd31w-x1A<\/a><\/p>\n<p>&nbsp;<\/p>\n<p><em>Counting<\/em>, de Jem Cohen (Estados Unidos, 2015, 110 min)<\/p>\n<p>Trailer:\u00a0<a onclick=\"LinkshimAsyncLink.referrer_log(this, &quot;https:\\\/\\\/www.youtube.com\\\/watch?v=zmY5lQ47b5k&quot;, &quot;\\\/si\\\/ajax\\\/l\\\/render_linkshim_log\\\/?u=https\\u00253A\\u00252F\\u00252Fwww.youtube.com\\u00252Fwatch\\u00253Fv\\u00253DzmY5lQ47b5k&amp;h=fAQGTW1b3AQFhAeaHgP-kCB8jsiF_EwalF0q7m48mZVskCQ&amp;render_verification=0&amp;enc=AZOpP-QXfogJWZ4jql1YcQA06wy9XWUWSVIz9QiGcmT3Wa9fycn5ht3w6iX8iVFCt3AIJ49j0tuwam-IpQA22Ctaqwgj9DPCNS0zCVZq1idbKvvqSbdZBGZV3kwPTkK2iue97AK6VWraHLowsRr6I1CqOj9QcTcCZmfaM5OqFEJN91_3TqC-2n-dKREFNgf7QaY7-IwvCQMAi9Of7IytzRh8&amp;d&quot;);\" onmouseover=\"LinkshimAsyncLink.swap(this, &quot;https:\\\/\\\/www.youtube.com\\\/watch?v=zmY5lQ47b5k&quot;);\" href=\"https:\/\/www.youtube.com\/watch?v=zmY5lQ47b5k\" target=\"_blank\" rel=\"nofollow\">https:\/\/www.youtube.com\/watch?v=zmY5lQ47b5k<\/a><\/p>\n<p>&nbsp;<\/p>\n<p><em>Depth Two<\/em>, de Ognjen Glavonic (Serbia, 2016, 80 min)<\/p>\n<p>Trailer:\u00a0<a onclick=\"LinkshimAsyncLink.referrer_log(this, &quot;https:\\\/\\\/www.youtube.com\\\/watch?v=F76RVUE_gS8&quot;, &quot;\\\/si\\\/ajax\\\/l\\\/render_linkshim_log\\\/?u=https\\u00253A\\u00252F\\u00252Fwww.youtube.com\\u00252Fwatch\\u00253Fv\\u00253DF76RVUE_gS8&amp;h=TAQEe78jhAQFXg1clYi2OFuoj4ykXiU_KcJYdpcifsZZ-vA&amp;render_verification=0&amp;enc=AZOHWPDZlzCPbUCtTW63Hrnyy9ufMVSSBnvWN2WUdCW5sWpM_njKYv7dqba8tWaKf_VDghUn94VEkm2Kctm20J5wgKewuee8S7N7huxewVQLO4DXNqLMNncToR0XMs4mXuoWt4z9DJVFVVG37lDFjhBp1UStZa_eo0gnmVd34EEGOdKgtfkKHxeNsQL5e5zxbcL1FRFCiCMIIH1CC0u7HgR2&amp;d&quot;);\" onmouseover=\"LinkshimAsyncLink.swap(this, &quot;https:\\\/\\\/www.youtube.com\\\/watch?v=F76RVUE_gS8&quot;);\" href=\"https:\/\/www.youtube.com\/watch?v=F76RVUE_gS8\" target=\"_blank\" rel=\"nofollow\">https:\/\/www.youtube.com\/watch?v=F76RVUE_gS8<\/a><\/p>\n<p>&nbsp;<\/p>\n<p><em>Le Moulin<\/em>, de Huang Ya-li (Taiw\u00e1n, 2015, 162 min) En la foto.<\/p>\n<p>Trailer:\u00a0<a onclick=\"LinkshimAsyncLink.referrer_log(this, &quot;https:\\\/\\\/vimeo.com\\\/161278612&quot;, &quot;\\\/si\\\/ajax\\\/l\\\/render_linkshim_log\\\/?u=https\\u00253A\\u00252F\\u00252Fvimeo.com\\u00252F161278612&amp;h=TAQEe78jhAQFMmTtwS09Q7NOzbL5xmBZVM_LJn5hYxx423g&amp;render_verification=0&amp;enc=AZNsMuB-qnq9PFcf0Ka_VKV63dJ9NUoxglIejojQkcfPgoFAgpEzND-C2dr96Knuufwxqze_6DHRMTLo0Xz1Tqvk0eboEn720XMeijHwUjqB6CZ1OSpv11gIIC74Ln0LTDSM1Ciu9ib3O-7bHoE52dGgPiZhFVqqBDgBAS8vvsi6LOAEBVU9Ex85s-875XIa1Dxxtyd_fqq-Ygi1j2coSDgT&amp;d&quot;);\" onmouseover=\"LinkshimAsyncLink.swap(this, &quot;https:\\\/\\\/vimeo.com\\\/161278612&quot;);\" href=\"https:\/\/vimeo.com\/161278612\" target=\"_blank\" rel=\"nofollow\">https:\/\/vimeo.com\/161278612<\/a><\/p>\n<p>&nbsp;<\/p>\n<p><em>Over the Years<\/em>, de Nikolaus Geyrhalter (Austria, 2015, 188 min)<\/p>\n<p>Trailer:\u00a0<a onclick=\"LinkshimAsyncLink.referrer_log(this, &quot;https:\\\/\\\/www.youtube.com\\\/watch?v=oED2-n5-lsI&quot;, &quot;\\\/si\\\/ajax\\\/l\\\/render_linkshim_log\\\/?u=https\\u00253A\\u00252F\\u00252Fwww.youtube.com\\u00252Fwatch\\u00253Fv\\u00253DoED2-n5-lsI&amp;h=fAQGTW1b3AQE73IAQ6o7L7NUu98_IkXFOqk_EQLOb1W2ySw&amp;render_verification=0&amp;enc=AZN5yBqMakM6WW-jW93N01o3W3zf4nP-pXGHXFrQ0ovQMQTx_c2au-7_mVX54QNjt-MKgKtjReUP-rDtq57bh8bEurzw5dM9IS5nzB4cdzz3XYO2hFRY0ffFxRl_nrzsAHbV6HmerzXtos0Ut4cksxjclm40IbXTG1SjetZDr1dSNIHpYFu1w5_byHErBHodnUNTeuC39a15mrxHsaDSg7QW&amp;d&quot;);\" onmouseover=\"LinkshimAsyncLink.swap(this, &quot;https:\\\/\\\/www.youtube.com\\\/watch?v=oED2-n5-lsI&quot;);\" href=\"https:\/\/www.facebook.com\/l.php?u=https%3A%2F%2Fwww.youtube.com%2Fwatch%3Fv%3DoED2-n5-lsI&amp;h=fAQGTW1b3AQE73IAQ6o7L7NUu98_IkXFOqk_EQLOb1W2ySw&amp;enc=AZN5yBqMakM6WW-jW93N01o3W3zf4nP-pXGHXFrQ0ovQMQTx_c2au-7_mVX54QNjt-MKgKtjReUP-rDtq57bh8bEurzw5dM9IS5nzB4cdzz3XYO2hFRY0ffFxRl_nrzsAHbV6HmerzXtos0Ut4cksxjclm40IbXTG1SjetZDr1dSNIHpYFu1w5_byHErBHodnUNTeuC39a15mrxHsaDSg7QW&amp;s=1\" target=\"_blank\" rel=\"nofollow\">https:\/\/www.youtube.com\/watch?v=oED2-n5-lsI<\/a><\/p>\n<p>&nbsp;<\/p>\n<p><em>The Family<\/em>, de Shumin Liu (China, 2015, 282 min)<\/p>\n<p>Trailer:\u00a0<a onclick=\"LinkshimAsyncLink.referrer_log(this, &quot;https:\\\/\\\/www.youtube.com\\\/watch?v=iHKSSVVeu7k&quot;, &quot;\\\/si\\\/ajax\\\/l\\\/render_linkshim_log\\\/?u=https\\u00253A\\u00252F\\u00252Fwww.youtube.com\\u00252Fwatch\\u00253Fv\\u00253DiHKSSVVeu7k&amp;h=GAQEjiOs9AQG5kYVZHVLOwMI6TjEl8ECEjhfQigGmeqZUcQ&amp;render_verification=0&amp;enc=AZMlrKgojXKo-TNGrFaTybMgQoGy_diG6lWHrVuHW6b7yL-UgRyi8enVnJtZzw1zcRQgdMJnEiC3JLzmpf8EfpLVZwH6kMUWHaHBxDBD6YtaI7soEkRq4-2w5kc6tDslcA2k16jnWXodRZp-qofxOAt-jodanPARwNiR6POG6lDZzq0K8Oznh0gHZ1ZiOF4wkwJhT1Cvl0C_mmCVLNicyo3d&amp;d&quot;);\" onmouseover=\"LinkshimAsyncLink.swap(this, &quot;https:\\\/\\\/www.youtube.com\\\/watch?v=iHKSSVVeu7k&quot;);\" href=\"https:\/\/www.youtube.com\/watch?v=iHKSSVVeu7k\" target=\"_blank\" rel=\"nofollow\">https:\/\/www.youtube.com\/watch?v=iHKSSVVeu7k<\/a><\/p>\n<p>&nbsp;<\/p>\n<p><em>The Plague at the Karatas Villague<\/em>, de Adilkhan Yerzhanov (Kazajist\u00e1n, 2016, 86 min)<\/p>\n<p>Trailer:\u00a0<a onclick=\"LinkshimAsyncLink.referrer_log(this, &quot;https:\\\/\\\/www.youtube.com\\\/watch?v=2FLyjWWrgzE&quot;, &quot;\\\/si\\\/ajax\\\/l\\\/render_linkshim_log\\\/?u=https\\u00253A\\u00252F\\u00252Fwww.youtube.com\\u00252Fwatch\\u00253Fv\\u00253D2FLyjWWrgzE&amp;h=vAQFn2T1bAQE8bZ77vgMCJgQUygPSsGnMrKyh6OJn6r22PA&amp;render_verification=0&amp;enc=AZN4gEKfX2CH0ldA8UlOcCyZgk_pCNmZDtbRQmxUN1pethdaJxBKxqWlIBNeuVMcmD_q6xZ2S900wy2aJJ5Ysp6afqLOkEGtfUFYI-s2KqJo7uHHJr6jr53o8xH0HltO0VQ1D6VP4E7Lwmw6cUywctu02K-K67YcBp6QlK3fnmO4H1snOMJb4GBwFYRR7rRBvGUmSKSfVQFoAUctinY7joUr&amp;d&quot;);\" onmouseover=\"LinkshimAsyncLink.swap(this, &quot;https:\\\/\\\/www.youtube.com\\\/watch?v=2FLyjWWrgzE&quot;);\" href=\"https:\/\/www.youtube.com\/watch?v=2FLyjWWrgzE\" target=\"_blank\" rel=\"nofollow\">https:\/\/www.youtube.com\/watch?v=2FLyjWWrgzE<\/a><\/p>\n<p>&nbsp;<\/p>\n<p><em>The Name of the Whale<\/em>, de Fumito Fujikawa (Jap\u00f3n, 2015, 91 min)<\/p>\n<p>Trailer:\u00a0<a onclick=\"LinkshimAsyncLink.referrer_log(this, &quot;https:\\\/\\\/www.youtube.com\\\/watch?v=OKmEqgKa534&quot;, &quot;\\\/si\\\/ajax\\\/l\\\/render_linkshim_log\\\/?u=https\\u00253A\\u00252F\\u00252Fwww.youtube.com\\u00252Fwatch\\u00253Fv\\u00253DOKmEqgKa534&amp;h=6AQGO2XtQAQGUrfeJ20cZKcsz0RNyxZ7YkyRor2y21B5xxA&amp;render_verification=0&amp;enc=AZOoBYMQfLUGuZph9j9pqA5_ftUxeh-j3Gr8276HGNoFdj659ONdkVikAZPAjc8FFeAtA45Ezhnm-skoH3ZwInyW7P7MF2avvvYPyadb4EcssOnk8q2yvuyaiJsig1lC9TG9z8c0i8O5KOWN52xywo4I6Rk1F7FaInTKHG-P1uCrwYNSNWVCIrT4kl2uVaiM60b_u2ENKo1LXzi6xT4lxYvE&amp;d&quot;);\" onmouseover=\"LinkshimAsyncLink.swap(this, &quot;https:\\\/\\\/www.youtube.com\\\/watch?v=OKmEqgKa534&quot;);\" href=\"https:\/\/www.youtube.com\/watch?v=OKmEqgKa534\" target=\"_blank\" rel=\"nofollow\">https:\/\/www.youtube.com\/watch?v=OKmEqgKa534<\/a><\/p>\n<p>&nbsp;<\/p>\n<p><em>Traces of Garden<\/em>, de Wolfgang Lehman (Suecia, 2016, 71 min)<\/p>\n<p>Trailer:\u00a0<a onclick=\"LinkshimAsyncLink.referrer_log(this, &quot;https:\\\/\\\/vimeo.com\\\/153088097&quot;, &quot;\\\/si\\\/ajax\\\/l\\\/render_linkshim_log\\\/?u=https\\u00253A\\u00252F\\u00252Fvimeo.com\\u00252F153088097&amp;h=pAQE95xfAAQGFMnMHU4I75YJmld5UmFfr0ccuNJTLCEal6g&amp;render_verification=0&amp;enc=AZPC6nfXad-Hcgko_NoPBqvZpmpr0_SO2WfzBIfUwEGGVPQKPXnTwqclZ-3KIGeX04v2JSXOaUbTyQltwyWeh7bx9dW9WQ6r9nFToyhxvXKijVt3612Ujd57KnnmI5BaGh3XCQL8E7DVf4SkV4Nl3Wj7WeNSv3p3JGrI9xa5rj7SAihd3nznZoRtwA4FYRBUIgPimFmu0DluHlw6-pdAZLL1&amp;d&quot;);\" onmouseover=\"LinkshimAsyncLink.swap(this, &quot;https:\\\/\\\/vimeo.com\\\/153088097&quot;);\" href=\"https:\/\/vimeo.com\/153088097\" target=\"_blank\" rel=\"nofollow\">https:\/\/vimeo.com\/153088097<\/a><\/p>\n<p>&nbsp;<\/p>\n<p><em>Vita brevis<\/em>, de Thierry Knauff (B\u00e9lgica, 2015, 40 min)<\/p>\n<div><\/div>\n<\/div>\n<div>\n<div data-ft=\"{&quot;tn&quot;:&quot;H&quot;}\"><\/div>\n<div>\n<div>\n<div>\n<div data-ft=\"{&quot;tn&quot;:&quot;H&quot;}\">\n<div>\n<div><a id=\"u_0_f\" href=\"https:\/\/www.facebook.com\/Cinelimaindependiente\/photos\/a.1075340102533303.1073741889.126375360763120\/1075340165866630\/?type=3\" rel=\"theater\" data-ft=\"{&quot;tn&quot;:&quot;E&quot;}\" data-render-location=\"homepage_stream\">\u00a0<\/a><\/div>\n<\/div>\n<\/div>\n<\/div>\n<\/div>\n<\/div>\n<\/div>\n","protected":false},"excerpt":{"rendered":"<p>El 30 de junio se inicia la sexta edici\u00f3n del Festival Lima Independiente. Todav\u00eda no se anuncia el \u00edntegro de la programaci\u00f3n, pero\u00a0ya se conocen\u00a0algunos t\u00edtulos notables. Desde hoy empezaremos a publicar comentarios de las pel\u00edculas \u00a0que hemos podido ver. Los t\u00edtulos que van a la competencia internacional son los siguientes: A Crackup at the [&hellip;]<\/p>\n","protected":false},"author":1,"featured_media":2950,"comment_status":"open","ping_status":"open","sticky":false,"template":"","format":"standard","meta":[],"categories":[6,12],"tags":[],"_links":{"self":[{"href":"http:\/\/www.paginas-del-diario-de-satan.com\/pdds\/index.php?rest_route=\/wp\/v2\/posts\/2949"}],"collection":[{"href":"http:\/\/www.paginas-del-diario-de-satan.com\/pdds\/index.php?rest_route=\/wp\/v2\/posts"}],"about":[{"href":"http:\/\/www.paginas-del-diario-de-satan.com\/pdds\/index.php?rest_route=\/wp\/v2\/types\/post"}],"author":[{"embeddable":true,"href":"http:\/\/www.paginas-del-diario-de-satan.com\/pdds\/index.php?rest_route=\/wp\/v2\/users\/1"}],"replies":[{"embeddable":true,"href":"http:\/\/www.paginas-del-diario-de-satan.com\/pdds\/index.php?rest_route=%2Fwp%2Fv2%2Fcomments&post=2949"}],"version-history":[{"count":1,"href":"http:\/\/www.paginas-del-diario-de-satan.com\/pdds\/index.php?rest_route=\/wp\/v2\/posts\/2949\/revisions"}],"predecessor-version":[{"id":2951,"href":"http:\/\/www.paginas-del-diario-de-satan.com\/pdds\/index.php?rest_route=\/wp\/v2\/posts\/2949\/revisions\/2951"}],"wp:featuredmedia":[{"embeddable":true,"href":"http:\/\/www.paginas-del-diario-de-satan.com\/pdds\/index.php?rest_route=\/wp\/v2\/media\/2950"}],"wp:attachment":[{"href":"http:\/\/www.paginas-del-diario-de-satan.com\/pdds\/index.php?rest_route=%2Fwp%2Fv2%2Fmedia&parent=2949"}],"wp:term":[{"taxonomy":"category","embeddable":true,"href":"http:\/\/www.paginas-del-diario-de-satan.com\/pdds\/index.php?rest_route=%2Fwp%2Fv2%2Fcategories&post=2949"},{"taxonomy":"post_tag","embeddable":true,"href":"http:\/\/www.paginas-del-diario-de-satan.com\/pdds\/index.php?rest_route=%2Fwp%2Fv2%2Ftags&post=2949"}],"curies":[{"name":"wp","href":"https:\/\/api.w.org\/{rel}","templated":true}]}}