{"id":3371,"date":"2016-11-01T23:12:23","date_gmt":"2016-11-01T23:12:23","guid":{"rendered":"http:\/\/www.paginasdeldiariodesatan.com\/pdds\/?p=3371"},"modified":"2016-11-01T23:12:23","modified_gmt":"2016-11-01T23:12:23","slug":"programacion-de-la-muestra-internacional-de-la-semana-del-cine","status":"publish","type":"post","link":"http:\/\/www.paginas-del-diario-de-satan.com\/pdds\/?p=3371","title":{"rendered":"Programaci\u00f3n de la Muestra Internacional de la Semana del Cine"},"content":{"rendered":"<p>Aqu\u00ed tienen la programaci\u00f3n de las dos salas que proyectar\u00e1n las pel\u00edculas de la Muestra internacional de la Semana del Cine, organizada por la Universidad de Lima, \u00a0que se inicia este s\u00e1bado 5 de noviembre. Ese d\u00eda se proyectar\u00e1 &#8220;Hedi&#8221; a las 7.30 de la noche.<\/p>\n<p>Ambas salas se encuentran en el campus de la Universidad.\u00a0\u00a0La entrada ser\u00e1 libre para todas las pel\u00edculas y actividades de la Semana. Al\u00a0entrar al campus deber\u00e1n portar\u00a0su DNI.<\/p>\n<p>Adem\u00e1s de la muestra internacional, se proyectar\u00e1n los cortos y largometrajes peruanos en compiten en los respectivos Concursos. <a href=\"https:\/\/www.centroculturalulima.com\/wp\/1716-2\/\">La programaci\u00f3n completa la pueden ver aqu\u00ed.<\/a><\/p>\n<p>&nbsp;<\/p>\n<p><img alt=\"Resultado de imagen para Apprentice  Junfeng Boo\" src=\"https:\/\/1.bp.blogspot.com\/-r6dqV-oGr9U\/V2IAhnY-YeI\/AAAAAAABXow\/iTq1sxcgW9sGxlAcpGITY9ESebb6HUY3QCLcB\/s640\/IMG_1484.JPG\" \/><\/p>\n<p>&nbsp;<\/p>\n<p><strong><span style=\"color: #000000; font-family: Calibri; font-size: medium;\">Apprentice<\/span><\/strong><\/p>\n<p><span style=\"color: #000000; font-family: Calibri; font-size: medium;\">Direcci\u00f3n: Junfeng Boo (Singapur, 2016). Duraci\u00f3n: 97 minutos<\/span><\/p>\n<p><span style=\"color: #000000; font-family: Calibri; font-size: medium;\">FUNCIONES<\/span><\/p>\n<p><span style=\"color: #000000; font-family: Calibri; font-size: medium;\">Lunes 7 de noviembre. 14.00 horas. Auditorio Central<\/span><\/p>\n<p><span style=\"color: #000000; font-family: Calibri; font-size: medium;\">Mi\u00e9rcoles 9 de noviembre. 21.00 horas. Ventana Indiscreta<\/span><\/p>\n<p><span style=\"color: #000000; font-family: Calibri; font-size: medium;\">\u00a0<\/span><\/p>\n<p>&nbsp;<\/p>\n<p><img alt=\"Resultado de imagen para Hedi Mohamed Ben Attia\" src=\"http:\/\/cdn1.thr.com\/sites\/default\/files\/2016\/02\/hedi.jpg\" \/><\/p>\n<p>&nbsp;<\/p>\n<p><strong><span style=\"color: #000000; font-family: Calibri; font-size: medium;\">Hedi<\/span><\/strong><\/p>\n<p><span style=\"color: #000000; font-family: Calibri; font-size: medium;\">Director: Mohamed Ben Attia (T\u00fanez, 2016). Duraci\u00f3n: 88 minutos.<\/span><\/p>\n<p><span style=\"color: #000000; font-family: Calibri; font-size: medium;\">S\u00e1bado 5 de noviembre. 19.30 horas. Auditorio Central<\/span><\/p>\n<p><span style=\"color: #000000; font-family: Calibri; font-size: medium;\">Martes 8 de noviembre. 14.00 horas. Auditorio Central<\/span><\/p>\n<p><span style=\"color: #000000; font-family: Calibri; font-size: medium;\">Viernes 11 de noviembre. 21.00 horas. Ventana Indiscreta<\/span><\/p>\n<p><span style=\"color: #000000; font-family: Calibri; font-size: medium;\">\u00a0<\/span><\/p>\n<p><img alt=\"Resultado de imagen para las plantas doveris\" src=\"https:\/\/cinemarevius.files.wordpress.com\/2016\/10\/las-plantas3.jpg?w=210&amp;h=300\" \/><\/p>\n<p><span style=\"color: #000000; font-family: Calibri; font-size: medium;\"><strong>Las Plantas<\/strong> (En la primera foto)<\/span><\/p>\n<p><span style=\"color: #000000; font-family: Calibri; font-size: medium;\">Director: Roberto Doveris (Chile, 2016). Duraci\u00f3n: 90 minutos.<\/span><\/p>\n<p><span style=\"color: #000000; font-family: Calibri; font-size: medium;\">Lunes 7 de noviembre. 16.00 horas. Auditorio Central<\/span><\/p>\n<p><span style=\"color: #000000; font-family: Calibri; font-size: medium;\">Mi\u00e9rcoles 9 de noviembre. 14.00 horas. Auditorio Central<\/span><\/p>\n<p><span style=\"color: #000000; font-family: Calibri; font-size: medium;\">Jueves 10 de noviembre. 21.00 horas. Ventana Indiscreta<\/span><\/p>\n<p><span style=\"color: #000000; font-family: Calibri; font-size: medium;\">\u00a0<\/span><\/p>\n<p><img alt=\"Resultado de imagen para sieranevada puiu\" src=\"http:\/\/affif-sitepublic-media-prod.s3-website-eu-west-1.amazonaws.com\/film_film\/0001\/02\/thumb_1530_film_film_big.jpeg\" \/><\/p>\n<p><strong><span style=\"color: #000000; font-family: Calibri; font-size: medium;\">Sieranevada<\/span><\/strong><\/p>\n<p><span style=\"color: #000000; font-family: Calibri; font-size: medium;\">Director: Cristi Puiu (Ruman\u00eda, 2016). Duraci\u00f3n: 173 minutos.<\/span><\/p>\n<p><span style=\"color: #000000; font-family: Calibri; font-size: medium;\">Lunes 7 de noviembre. 20.00 horas. Ventana Indiscreta<\/span><\/p>\n<p><span style=\"color: #000000; font-family: Calibri; font-size: medium;\">Martes 8 de noviembre. 16.00 horas. Auditorio Central<\/span><\/p>\n<p><span style=\"color: #000000; font-family: Calibri; font-size: medium;\">Jueves 10 de noviembre. 14.00 horas. Auditorio Central<\/span><\/p>\n<p><span style=\"color: #000000; font-family: Calibri; font-size: medium;\">\u00a0<\/span><\/p>\n<p><img alt=\"Resultado de imagen para donald cry kris avedisian\" src=\"http:\/\/65.media.tumblr.com\/8a95d26d1bb0d538b2d2d92ca131d510\/tumblr_o36d024nU91qzbiclo1_1280.jpg\" \/><\/p>\n<p><strong><span style=\"color: #000000; font-family: Calibri; font-size: medium;\">Donald Cried<\/span><\/strong><\/p>\n<p><span style=\"color: #000000; font-family: Calibri; font-size: medium;\">Director: Kris Avedisian (EE. UU., 2016). Duraci\u00f3n: 85 minutos.<\/span><\/p>\n<p><span style=\"color: #000000; font-family: Calibri; font-size: medium;\">Martes 8 de noviembre. 21.00 horas. Ventana Indiscreta<\/span><\/p>\n<p><span style=\"color: #000000; font-family: Calibri; font-size: medium;\">Mi\u00e9rcoles 9 de noviembre. 16.00 horas. Auditorio Central<\/span><\/p>\n<p><span style=\"color: #000000; font-family: Calibri; font-size: medium;\">Viernes 11 de noviembre. 14.00 horas. Auditorio Central<\/span><\/p>\n","protected":false},"excerpt":{"rendered":"<p>Aqu\u00ed tienen la programaci\u00f3n de las dos salas que proyectar\u00e1n las pel\u00edculas de la Muestra internacional de la Semana del Cine, organizada por la Universidad de Lima, \u00a0que se inicia este s\u00e1bado 5 de noviembre. Ese d\u00eda se proyectar\u00e1 &#8220;Hedi&#8221; a las 7.30 de la noche. Ambas salas se encuentran en el campus de la [&hellip;]<\/p>\n","protected":false},"author":1,"featured_media":3372,"comment_status":"open","ping_status":"open","sticky":false,"template":"","format":"standard","meta":[],"categories":[631],"tags":[],"_links":{"self":[{"href":"http:\/\/www.paginas-del-diario-de-satan.com\/pdds\/index.php?rest_route=\/wp\/v2\/posts\/3371"}],"collection":[{"href":"http:\/\/www.paginas-del-diario-de-satan.com\/pdds\/index.php?rest_route=\/wp\/v2\/posts"}],"about":[{"href":"http:\/\/www.paginas-del-diario-de-satan.com\/pdds\/index.php?rest_route=\/wp\/v2\/types\/post"}],"author":[{"embeddable":true,"href":"http:\/\/www.paginas-del-diario-de-satan.com\/pdds\/index.php?rest_route=\/wp\/v2\/users\/1"}],"replies":[{"embeddable":true,"href":"http:\/\/www.paginas-del-diario-de-satan.com\/pdds\/index.php?rest_route=%2Fwp%2Fv2%2Fcomments&post=3371"}],"version-history":[{"count":1,"href":"http:\/\/www.paginas-del-diario-de-satan.com\/pdds\/index.php?rest_route=\/wp\/v2\/posts\/3371\/revisions"}],"predecessor-version":[{"id":3373,"href":"http:\/\/www.paginas-del-diario-de-satan.com\/pdds\/index.php?rest_route=\/wp\/v2\/posts\/3371\/revisions\/3373"}],"wp:featuredmedia":[{"embeddable":true,"href":"http:\/\/www.paginas-del-diario-de-satan.com\/pdds\/index.php?rest_route=\/wp\/v2\/media\/3372"}],"wp:attachment":[{"href":"http:\/\/www.paginas-del-diario-de-satan.com\/pdds\/index.php?rest_route=%2Fwp%2Fv2%2Fmedia&parent=3371"}],"wp:term":[{"taxonomy":"category","embeddable":true,"href":"http:\/\/www.paginas-del-diario-de-satan.com\/pdds\/index.php?rest_route=%2Fwp%2Fv2%2Fcategories&post=3371"},{"taxonomy":"post_tag","embeddable":true,"href":"http:\/\/www.paginas-del-diario-de-satan.com\/pdds\/index.php?rest_route=%2Fwp%2Fv2%2Ftags&post=3371"}],"curies":[{"name":"wp","href":"https:\/\/api.w.org\/{rel}","templated":true}]}}