{"id":3380,"date":"2016-11-08T03:20:19","date_gmt":"2016-11-08T03:20:19","guid":{"rendered":"http:\/\/www.paginasdeldiariodesatan.com\/pdds\/?p=3380"},"modified":"2016-11-08T03:20:36","modified_gmt":"2016-11-08T03:20:36","slug":"el-cine-latinoamericano-dos-decadas-de-cambios","status":"publish","type":"post","link":"http:\/\/www.paginas-del-diario-de-satan.com\/pdds\/?p=3380","title":{"rendered":"El cine latinoamericano: examinando dos d\u00e9cadas de cambios"},"content":{"rendered":"<p><strong>A partir del lunes 14 de noviembre, y por cuatro lunes\u00a0consecutivos, hasta el\u00a05 de diciembre,\u00a0dictar\u00e9 un curso sobre los cambios\u00a0expresivos y de producci\u00f3n que\u00a0ha mostrado el cine latinoamericano en la era digital. \u00a0\u00a0\u00a0<\/strong><\/p>\n<p><span style=\"color: #000000; font-family: Calibri; font-size: medium;\"><strong>Est\u00e1 dirigido al\u00a0 p\u00fablico\u00a0interesado en profundizar sus conocimientos en el cine latinoamericano\u00a0de\u00a0las dos\u00a0\u00faltimas d\u00e9cadas.<\/strong> <\/span><\/p>\n<p><span style=\"color: #000000; font-family: Calibri; font-size: medium;\">Entre los asuntos a\u00a0examinar est\u00e1n\u00a0los\u00a0cambios en los entornos de producci\u00f3n, distribuci\u00f3n, exhibici\u00f3n y consumo;\u00a0las nuevas temporalidades y espacios; los j\u00f3venes y las derivas urbanas;\u00a0las visiones de lo pol\u00edtico;\u00a0la memoria de la violencia;\u00a0el &#8220;pueblo&#8221; y el individuo;\u00a0lecturas y apropiaciones de los g\u00e9neros tradicionales: del melodrama a la comedia popular.<\/span><\/p>\n<p>Las sesiones ser realizar\u00e1n en el Centro Cultural de la Universidad Cat\u00f3lica.<\/p>\n<div>\n<div>\n<div>\n<div>\n<div>\n<div>\n<div>\n<div>\n<div>\n<p>Informes:<\/p>\n<p>Centro Cultural PUCP<\/p>\n<\/div>\n<div>616-1616 anexo 6733<\/div>\n<div>\n<div>\n<p><a href=\"https:\/\/oliva.ulima.edu.pe\/exchweb\/bin\/redir.asp?URL=http:\/\/www.centroculturalpcup.com\" target=\"_blank\"><span style=\"color: #0066cc;\">www.centroculturalpucp.com<\/span><\/a><\/p>\n<p><strong>Ricardo Bedoya<\/strong><\/p>\n<\/div>\n<\/div>\n<\/div>\n<\/div>\n<\/div>\n<\/div>\n<\/div>\n<\/div>\n<\/div>\n<\/div>\n<p>(Foto:\u00a0<em>Post Tenebras Lux<\/em>, de Carlos Reygadas)<\/p>\n<p>&nbsp;<\/p>\n","protected":false},"excerpt":{"rendered":"<p>A partir del lunes 14 de noviembre, y por cuatro lunes\u00a0consecutivos, hasta el\u00a05 de diciembre,\u00a0dictar\u00e9 un curso sobre los cambios\u00a0expresivos y de producci\u00f3n que\u00a0ha mostrado el cine latinoamericano en la era digital. \u00a0\u00a0\u00a0 Est\u00e1 dirigido al\u00a0 p\u00fablico\u00a0interesado en profundizar sus conocimientos en el cine latinoamericano\u00a0de\u00a0las dos\u00a0\u00faltimas d\u00e9cadas. Entre los asuntos a\u00a0examinar est\u00e1n\u00a0los\u00a0cambios en los entornos [&hellip;]<\/p>\n","protected":false},"author":1,"featured_media":3381,"comment_status":"open","ping_status":"open","sticky":false,"template":"","format":"standard","meta":[],"categories":[1],"tags":[],"_links":{"self":[{"href":"http:\/\/www.paginas-del-diario-de-satan.com\/pdds\/index.php?rest_route=\/wp\/v2\/posts\/3380"}],"collection":[{"href":"http:\/\/www.paginas-del-diario-de-satan.com\/pdds\/index.php?rest_route=\/wp\/v2\/posts"}],"about":[{"href":"http:\/\/www.paginas-del-diario-de-satan.com\/pdds\/index.php?rest_route=\/wp\/v2\/types\/post"}],"author":[{"embeddable":true,"href":"http:\/\/www.paginas-del-diario-de-satan.com\/pdds\/index.php?rest_route=\/wp\/v2\/users\/1"}],"replies":[{"embeddable":true,"href":"http:\/\/www.paginas-del-diario-de-satan.com\/pdds\/index.php?rest_route=%2Fwp%2Fv2%2Fcomments&post=3380"}],"version-history":[{"count":2,"href":"http:\/\/www.paginas-del-diario-de-satan.com\/pdds\/index.php?rest_route=\/wp\/v2\/posts\/3380\/revisions"}],"predecessor-version":[{"id":3383,"href":"http:\/\/www.paginas-del-diario-de-satan.com\/pdds\/index.php?rest_route=\/wp\/v2\/posts\/3380\/revisions\/3383"}],"wp:featuredmedia":[{"embeddable":true,"href":"http:\/\/www.paginas-del-diario-de-satan.com\/pdds\/index.php?rest_route=\/wp\/v2\/media\/3381"}],"wp:attachment":[{"href":"http:\/\/www.paginas-del-diario-de-satan.com\/pdds\/index.php?rest_route=%2Fwp%2Fv2%2Fmedia&parent=3380"}],"wp:term":[{"taxonomy":"category","embeddable":true,"href":"http:\/\/www.paginas-del-diario-de-satan.com\/pdds\/index.php?rest_route=%2Fwp%2Fv2%2Fcategories&post=3380"},{"taxonomy":"post_tag","embeddable":true,"href":"http:\/\/www.paginas-del-diario-de-satan.com\/pdds\/index.php?rest_route=%2Fwp%2Fv2%2Ftags&post=3380"}],"curies":[{"name":"wp","href":"https:\/\/api.w.org\/{rel}","templated":true}]}}