{"id":3403,"date":"2016-11-17T15:09:48","date_gmt":"2016-11-17T15:09:48","guid":{"rendered":"http:\/\/www.paginasdeldiariodesatan.com\/pdds\/?p=3403"},"modified":"2016-11-17T15:09:48","modified_gmt":"2016-11-17T15:09:48","slug":"la-tragedia-de-larcomar-y-un-recuerdo-para-sonia-repetto","status":"publish","type":"post","link":"http:\/\/www.paginas-del-diario-de-satan.com\/pdds\/?p=3403","title":{"rendered":"La tragedia de Larcomar y un recuerdo para Sonia Repetto"},"content":{"rendered":"<p>Los locales cinematogr\u00e1ficos\u00a0y el fuego destructor mantienen, por desgracia, una relaci\u00f3n antigua.\u00a0En los inicios del cine como espect\u00e1culo, en 1897, un incendio destruy\u00f3 el Bazar de Caridad en Par\u00eds, muriendo m\u00e1s de un centenar de personas.\u00a0En 1982, una\u00a0explosi\u00f3n de pel\u00edculas en soporte de nitrato provoc\u00f3 una tragedia en la Cineteca Nacional de M\u00e9xico, con un n\u00famero hasta hoy indeterminado de v\u00edctimas.<\/p>\n<p>Y existen muchos casos m\u00e1s, todos tan lamentables como el que ocurri\u00f3 ayer en UVK Larcomar.<\/p>\n<p>Evitar\u00a0que algo as\u00ed vuelva a ocurrir solo puede conseguirse previniendo y tomando\u00a0seguridades. Los que vamos a\u00a0menudo a los cines sabemos que las\u00a0medidas de seguridad que existen en ellos son muy\u00a0fr\u00e1giles.<\/p>\n<p>Un recuerdo para\u00a0Sonia Repetto, una de las v\u00edctimas del incendio. Estuvo\u00a0en el negocio del cine desde muy joven. La conoc\u00ed en 1973,\u00a0cuando\u00a0trabajaba en Artistas Unidos. Recuerdo que convers\u00e1bamos sobre la censura de entonces y de los vetos a &#8220;\u00daltimo tango en Par\u00eds&#8221; y &#8220;El Decamer\u00f3n&#8221;,\u00a0que eran de su compa\u00f1\u00eda. Luego estuvo en la Corporaci\u00f3n Nacional de Exhibidores Cinematogr\u00e1ficos y en UVK. Siempre\u00a0activa y tomando decisiones.\u00a0Condolencias para su familia.<\/p>\n<p><strong>Ricardo Bedoya\u00a0\u00a0\u00a0<\/strong><\/p>\n<p>&nbsp;<\/p>\n<p>&nbsp;<\/p>\n<p>&nbsp;<\/p>\n","protected":false},"excerpt":{"rendered":"<p>Los locales cinematogr\u00e1ficos\u00a0y el fuego destructor mantienen, por desgracia, una relaci\u00f3n antigua.\u00a0En los inicios del cine como espect\u00e1culo, en 1897, un incendio destruy\u00f3 el Bazar de Caridad en Par\u00eds, muriendo m\u00e1s de un centenar de personas.\u00a0En 1982, una\u00a0explosi\u00f3n de pel\u00edculas en soporte de nitrato provoc\u00f3 una tragedia en la Cineteca Nacional de M\u00e9xico, con un [&hellip;]<\/p>\n","protected":false},"author":1,"featured_media":0,"comment_status":"open","ping_status":"open","sticky":false,"template":"","format":"standard","meta":[],"categories":[1],"tags":[],"_links":{"self":[{"href":"http:\/\/www.paginas-del-diario-de-satan.com\/pdds\/index.php?rest_route=\/wp\/v2\/posts\/3403"}],"collection":[{"href":"http:\/\/www.paginas-del-diario-de-satan.com\/pdds\/index.php?rest_route=\/wp\/v2\/posts"}],"about":[{"href":"http:\/\/www.paginas-del-diario-de-satan.com\/pdds\/index.php?rest_route=\/wp\/v2\/types\/post"}],"author":[{"embeddable":true,"href":"http:\/\/www.paginas-del-diario-de-satan.com\/pdds\/index.php?rest_route=\/wp\/v2\/users\/1"}],"replies":[{"embeddable":true,"href":"http:\/\/www.paginas-del-diario-de-satan.com\/pdds\/index.php?rest_route=%2Fwp%2Fv2%2Fcomments&post=3403"}],"version-history":[{"count":1,"href":"http:\/\/www.paginas-del-diario-de-satan.com\/pdds\/index.php?rest_route=\/wp\/v2\/posts\/3403\/revisions"}],"predecessor-version":[{"id":3404,"href":"http:\/\/www.paginas-del-diario-de-satan.com\/pdds\/index.php?rest_route=\/wp\/v2\/posts\/3403\/revisions\/3404"}],"wp:attachment":[{"href":"http:\/\/www.paginas-del-diario-de-satan.com\/pdds\/index.php?rest_route=%2Fwp%2Fv2%2Fmedia&parent=3403"}],"wp:term":[{"taxonomy":"category","embeddable":true,"href":"http:\/\/www.paginas-del-diario-de-satan.com\/pdds\/index.php?rest_route=%2Fwp%2Fv2%2Fcategories&post=3403"},{"taxonomy":"post_tag","embeddable":true,"href":"http:\/\/www.paginas-del-diario-de-satan.com\/pdds\/index.php?rest_route=%2Fwp%2Fv2%2Ftags&post=3403"}],"curies":[{"name":"wp","href":"https:\/\/api.w.org\/{rel}","templated":true}]}}