{"id":4055,"date":"2017-06-08T00:11:31","date_gmt":"2017-06-08T00:11:31","guid":{"rendered":"http:\/\/www.paginasdeldiariodesatan.com\/pdds\/?p=4055"},"modified":"2017-06-08T00:11:31","modified_gmt":"2017-06-08T00:11:31","slug":"al-este-de-lima-2017","status":"publish","type":"post","link":"http:\/\/www.paginas-del-diario-de-satan.com\/pdds\/?p=4055","title":{"rendered":"Al este de Lima 2017"},"content":{"rendered":"<p>Empieza el Festival <strong>Al este de Lima<\/strong>. <a href=\"https:\/\/issuu.com\/aleste6\/docs\/programa-viii-ael2017-issuu\">La programaci\u00f3n y las sedes las tienen aqu\u00ed.<\/a><\/p>\n<p>Iremos comentando las pel\u00edculas en los pr\u00f3ximos d\u00edas, pero desde ya anotamos algunos t\u00edtulos destacados. El\u00a0plato fuerte es la proyecci\u00f3n en soporte f\u00edlmico (35 mil\u00edmetros) de\u00a0una selecci\u00f3n de pel\u00edculas de Peter Tscherkassky (en la foto) y de Eve Heller, nombres clave en el cine experimental -en la vertiente del &#8220;metraje encontrado&#8221;- de hoy. Sus filmes son exigentes y fascinantes.<\/p>\n<p>En la competencia de ficci\u00f3n no se pierdan &#8220;Ana, mi amor&#8221; y &#8220;Sin Dios&#8221;, que es discutible y pol\u00e9mica, pero con indudable fuerza. Ya hablaremos de ella.<\/p>\n<p>En la competencia documental destacan &#8220;Houston \u00a1tenemos un problema!&#8221;, &#8220;Todas estas noches sin dormir&#8221;, &#8220;Comuni\u00f3n&#8221; y &#8220;El buen cartero&#8221;.<\/p>\n<p>En el foco polaco resaltan &#8220;El amateur&#8221;, &#8220;La estructura de cristal&#8221;, &#8220;La iluminaci\u00f3n&#8221; y las dos pel\u00edculas de Andrzej Wajda.<\/p>\n<p>Despierta mucha curiosidad el foco sobre el cine de Georgia que agrupa t\u00edtulos de diferentes \u00e9pocas, desde los a\u00f1os veinte.<\/p>\n<p>En la Carta blanca a Istv\u00e1n Borb\u00e1s figuran cuatro t\u00edtulos\u00a0de Roy Anderson que son fijos.<\/p>\n<p>Y hay m\u00e1s pel\u00edculas por descubrir de Serbia, Croacia, Rep\u00fablica Checa, Estonia, Bulgaria, entre otros.<\/p>\n<p>&nbsp;<\/p>\n","protected":false},"excerpt":{"rendered":"<p>Empieza el Festival Al este de Lima. La programaci\u00f3n y las sedes las tienen aqu\u00ed. Iremos comentando las pel\u00edculas en los pr\u00f3ximos d\u00edas, pero desde ya anotamos algunos t\u00edtulos destacados. El\u00a0plato fuerte es la proyecci\u00f3n en soporte f\u00edlmico (35 mil\u00edmetros) de\u00a0una selecci\u00f3n de pel\u00edculas de Peter Tscherkassky (en la foto) y de Eve Heller, nombres [&hellip;]<\/p>\n","protected":false},"author":1,"featured_media":4057,"comment_status":"open","ping_status":"open","sticky":false,"template":"","format":"standard","meta":[],"categories":[287,6,92,1],"tags":[],"_links":{"self":[{"href":"http:\/\/www.paginas-del-diario-de-satan.com\/pdds\/index.php?rest_route=\/wp\/v2\/posts\/4055"}],"collection":[{"href":"http:\/\/www.paginas-del-diario-de-satan.com\/pdds\/index.php?rest_route=\/wp\/v2\/posts"}],"about":[{"href":"http:\/\/www.paginas-del-diario-de-satan.com\/pdds\/index.php?rest_route=\/wp\/v2\/types\/post"}],"author":[{"embeddable":true,"href":"http:\/\/www.paginas-del-diario-de-satan.com\/pdds\/index.php?rest_route=\/wp\/v2\/users\/1"}],"replies":[{"embeddable":true,"href":"http:\/\/www.paginas-del-diario-de-satan.com\/pdds\/index.php?rest_route=%2Fwp%2Fv2%2Fcomments&post=4055"}],"version-history":[{"count":2,"href":"http:\/\/www.paginas-del-diario-de-satan.com\/pdds\/index.php?rest_route=\/wp\/v2\/posts\/4055\/revisions"}],"predecessor-version":[{"id":4058,"href":"http:\/\/www.paginas-del-diario-de-satan.com\/pdds\/index.php?rest_route=\/wp\/v2\/posts\/4055\/revisions\/4058"}],"wp:featuredmedia":[{"embeddable":true,"href":"http:\/\/www.paginas-del-diario-de-satan.com\/pdds\/index.php?rest_route=\/wp\/v2\/media\/4057"}],"wp:attachment":[{"href":"http:\/\/www.paginas-del-diario-de-satan.com\/pdds\/index.php?rest_route=%2Fwp%2Fv2%2Fmedia&parent=4055"}],"wp:term":[{"taxonomy":"category","embeddable":true,"href":"http:\/\/www.paginas-del-diario-de-satan.com\/pdds\/index.php?rest_route=%2Fwp%2Fv2%2Fcategories&post=4055"},{"taxonomy":"post_tag","embeddable":true,"href":"http:\/\/www.paginas-del-diario-de-satan.com\/pdds\/index.php?rest_route=%2Fwp%2Fv2%2Ftags&post=4055"}],"curies":[{"name":"wp","href":"https:\/\/api.w.org\/{rel}","templated":true}]}}