{"id":4205,"date":"2017-07-21T00:13:18","date_gmt":"2017-07-21T00:13:18","guid":{"rendered":"http:\/\/www.paginasdeldiariodesatan.com\/pdds\/?p=4205"},"modified":"2017-07-21T01:25:41","modified_gmt":"2017-07-21T01:25:41","slug":"festival-de-lima-una-mirada","status":"publish","type":"post","link":"http:\/\/www.paginas-del-diario-de-satan.com\/pdds\/?p=4205","title":{"rendered":"Festival de Lima 2017: primera mirada"},"content":{"rendered":"<p><strong>Este a\u00f1o no podr\u00e9 opinar sobre\u00a0las pel\u00edculas de la Competencia de Ficci\u00f3n hasta que acabe el Festival. El ser miembro del Jurado de la Cr\u00edtica me lo impide. Comentar\u00e9 solo pel\u00edculas programadas en otras secciones. Ser\u00e1n Enrique Silva y Rodrigo Bedoya los encargados de opinar sobre algunas pel\u00edculas de la Competencia de Ficci\u00f3n, y\u00a0otras m\u00e1s.<\/strong><\/p>\n<p><strong>A partir de ma\u00f1ana empezaremos a postear comentarios de\u00a0los t\u00edtulos que hemos visto. \u00a0<\/strong><\/p>\n<p><strong>Aqu\u00ed va un adelanto de las que no se pueden perder, y de otras pel\u00edculas interesantes en las diversas secciones programadas, salvo en la Competencia de Ficci\u00f3n, por la raz\u00f3n\u00a0que ya expuse. \u00a0<\/strong><\/p>\n<p><strong>Solo menciono las\u00a0que he visto hasta hoy.<\/strong><\/p>\n<p>&nbsp;<\/p>\n<p><span style=\"color: #000000; font-family: Calibri; font-size: medium;\">En la COMPETENCIA DOCUMENTAL<\/span><\/p>\n<p><span style=\"font-family: Calibri;\"><span style=\"font-size: medium;\"><span style=\"color: #000000;\"><b>Las que no se pueden perder<\/b>:<\/span><\/span><\/span><\/p>\n<p><span style=\"color: #000000; font-family: Calibri; font-size: medium;\">En el intenso ahora (en la foto)<\/span><\/p>\n<p><span style=\"color: #000000; font-family: Calibri; font-size: medium;\">El pacto de Adriana<\/span><\/p>\n<p>&nbsp;<\/p>\n<p><b><span style=\"color: #000000; font-family: Calibri; font-size: medium;\">Tienen inter\u00e9s: <\/span><\/b><\/p>\n<p><span style=\"color: #000000; font-family: Calibri; font-size: medium;\">Soldado <\/span><\/p>\n<p><span style=\"color: #000000; font-family: Calibri; font-size: medium;\">Los ni\u00f1os <\/span><\/p>\n<p><span style=\"color: #000000; font-family: Calibri; font-size: medium;\">Mi t\u00eda Toty <\/span><\/p>\n<p><span style=\"color: #000000; font-family: Calibri; font-size: medium;\">En un rinc\u00f3n del alma <\/span><\/p>\n<p><span style=\"color: #000000; font-family: Calibri; font-size: medium;\">La libertad del diablo <\/span><\/p>\n<p><span style=\"color: #000000; font-family: Calibri; font-size: medium;\">R\u00edo verde: El tiempo de los yakurunas<\/span><\/p>\n<p><span style=\"color: #000000; font-family: Calibri; font-size: medium;\">\u00a0<\/span><\/p>\n<p><span style=\"color: #000000; font-family: Calibri; font-size: medium;\">En IMPRESCINDIBLES: LAS DEL 2017<\/span><\/p>\n<p><b><span style=\"color: #000000; font-family: Calibri; font-size: medium;\">Las que no se pueden perder:<\/span><\/b><\/p>\n<p><span style=\"color: #000000; font-family: Calibri; font-size: medium;\">I am not your negro<\/span><\/p>\n<p><span style=\"color: #000000; font-family: Calibri; font-size: medium;\">A Ciambra<\/span><\/p>\n<p><span style=\"color: #000000; font-family: Calibri; font-size: medium;\">\u00a0<\/span><\/p>\n<p><b><span style=\"color: #000000; font-family: Calibri; font-size: medium;\">Tiene inter\u00e9s:<\/span><\/b><\/p>\n<p><span style=\"color: #000000; font-family: Calibri; font-size: medium;\">Jeannete, la infancia de Juana de Arco<\/span><\/p>\n<p><span style=\"color: #000000; font-family: Calibri; font-size: medium;\">\u00a0<\/span><\/p>\n<p><span style=\"color: #000000; font-family: Calibri; font-size: medium;\">En FRANCIA EN LIMA: CL\u00c1SICOS FRANCESES RENOVADOS: EN BUSCA DEL TIEMPO PERDIDO<\/span><\/p>\n<p><b><span style=\"color: #000000; font-family: Calibri; font-size: medium;\">Este ciclo no tiene desperdicio. Todas resultan indispensables. Para verlas ahora y volverlas a ver cu\u00e1ntas veces se pueda. Lo mejor del Festival.<\/span><\/b><\/p>\n<p><span style=\"color: #000000; font-family: Calibri; font-size: medium;\">L\u2019inhumaine <\/span><\/p>\n<p><span style=\"color: #000000; font-family: Calibri; font-size: medium;\">Ascensor al cadalso<\/span><\/p>\n<p><span style=\"color: #000000; font-family: Calibri; font-size: medium;\">Cesar y Rosalie <\/span><\/p>\n<p><span style=\"color: #000000; font-family: Calibri; font-size: medium;\">El Otro Se\u00f1or Klein<\/span><\/p>\n<p><span style=\"color: #000000; font-family: Calibri; font-size: medium;\">La Marquesa De O <\/span><\/p>\n<p><span style=\"color: #000000; font-family: Calibri; font-size: medium;\">\u00a0<\/span><\/p>\n<p><span style=\"color: #000000; font-family: Calibri; font-size: medium;\">ESPA\u00d1A EN LIMA: LAS NUEVAS CARAS DEL CINE ESPA\u00d1OL<\/span><\/p>\n<p><b><span style=\"color: #000000; font-family: Calibri; font-size: medium;\">Las que no se pueden perder<\/span><\/b><\/p>\n<p><span style=\"color: #000000; font-family: Calibri; font-size: medium;\">Verano 1993<\/span><\/p>\n<p><span style=\"color: #000000; font-family: Calibri; font-size: medium;\">Selfie<\/span><\/p>\n<p><span style=\"color: #000000; font-family: Calibri; font-size: medium;\">Los exiliados rom\u00e1nticos<\/span><\/p>\n<p><span style=\"color: #000000; font-family: Calibri; font-size: medium;\">\u00a0<\/span><\/p>\n<p><span style=\"color: #000000; font-family: Calibri; font-size: medium;\">En M\u00daLTIPLES MIRADAS: PANORAMA DEL CINE LATINOAMERICANO CONTEMPOR\u00c1NEO<\/span><\/p>\n<p><b><span style=\"color: #000000; font-family: Calibri; font-size: medium;\">Tienen inter\u00e9s:<\/span><\/b><\/p>\n<p><span style=\"color: #000000; font-family: Calibri; font-size: medium;\">Pinamar<\/span><\/p>\n<p><span style=\"color: #000000; font-family: Calibri; font-size: medium;\">El pampero<\/span><\/p>\n<p><span style=\"color: #000000; font-family: Calibri; font-size: medium;\">Las dos Irenes<\/span><\/p>\n<p><span style=\"color: #000000; font-family: Calibri; font-size: medium;\">7 semanas<\/span><\/p>\n<p><span style=\"color: #000000; font-family: Calibri; font-size: medium;\">\u00a0<\/span><\/p>\n<p><span style=\"color: #000000; font-family: Calibri; font-size: medium;\">M\u00c9XICO EN LIMA: AMBULANTE, GIRA DOCUMENTAL 2017<\/span><\/p>\n<p><b><span style=\"color: #000000; font-family: Calibri; font-size: medium;\">La que no se pueden perder<\/span><\/b><\/p>\n<p><span style=\"color: #000000; font-family: Calibri; font-size: medium;\">Safari<\/span><\/p>\n<p><span style=\"color: #000000; font-family: Calibri; font-size: medium;\">\u00a0<\/span><\/p>\n<p><span style=\"color: #000000; font-family: Calibri; font-size: medium;\">FINLANDIA EN LIMA: RETROSPECTIVA KAURISM\u00c4KI<\/span><\/p>\n<p><b><span style=\"font-family: Calibri;\"><span style=\"font-size: medium;\"><span style=\"color: #000000;\">Es dif\u00edcil recomendar alguna, porque todas son excepcionales. Pero si hubiera que elegir solo tres, ellas ser\u00edan La muchacha de la f\u00e1brica de cerillas, Nubes pasajeras y El hombre sin pasado. Se dar\u00e1 tambi\u00e9n El otro lado de la esperanza, la pel\u00edcula m\u00e1s reciente del finland\u00e9s. <\/span><\/span><\/span><\/b><\/p>\n<p><span style=\"color: #000000; font-family: Calibri; font-size: medium;\">\u00a0<\/span><\/p>\n<p><span style=\"color: #000000; font-family: Calibri; font-size: medium;\">En ALDEA: ASOCIACI\u00d3N LATINA DE DISTRIBUIDORES PARA LA EXHIBICI\u00d3N DEL AUDIOVISUAL<\/span><\/p>\n<p><strong><span style=\"color: #000000; font-family: Calibri; font-size: medium;\">Tienen inter\u00e9s<\/span><\/strong><\/p>\n<p><span style=\"color: #000000; font-family: Calibri; font-size: medium;\">Atr\u00e1s hay rel\u00e1mpagos<\/span><\/p>\n<p><span style=\"color: #000000; font-family: Calibri; font-size: medium;\">Samb\u00e1<\/span><\/p>\n<p>&nbsp;<\/p>\n<p><span style=\"color: #000000; font-family: Calibri; font-size: medium;\">ESPACIO FILMOTECA PUCP: SOCIEDAD + POL\u00cdTICA= +\/- HUMOR<\/span><\/p>\n<p><b><span style=\"color: #000000; font-family: Calibri; font-size: medium;\">No se pierdan estas restauraciones: <\/span><\/b><\/p>\n<p><span style=\"color: #000000; font-family: Calibri; font-size: medium;\">El embajador de La India<\/span><\/p>\n<p><span style=\"color: #000000; font-family: Calibri; font-size: medium;\">Los sobrevivientes<\/span><\/p>\n<p><span style=\"color: #000000; font-family: Calibri; font-size: medium;\">El rinc\u00f3n de las v\u00edrgenes<\/span><\/p>\n<p><span style=\"color: #000000; font-family: Calibri; font-size: medium;\">\u00a0<\/span><\/p>\n<p><b><span style=\"color: #000000; font-family: Calibri; font-size: medium;\">Atenci\u00f3n a Good Time (en la secci\u00f3n Imprescindibles, las de 2017), de los hermanos Safdie, que viene precedida de cr\u00edticas mu<\/span><span style=\"color: #000000; font-family: Calibri; font-size: medium;\">y favorables. <\/span><\/b><\/p>\n<p>&nbsp;<\/p>\n<p><strong>Ricardo Bedoya<\/strong><\/p>\n","protected":false},"excerpt":{"rendered":"<p>Este a\u00f1o no podr\u00e9 opinar sobre\u00a0las pel\u00edculas de la Competencia de Ficci\u00f3n hasta que acabe el Festival. El ser miembro del Jurado de la Cr\u00edtica me lo impide. Comentar\u00e9 solo pel\u00edculas programadas en otras secciones. Ser\u00e1n Enrique Silva y Rodrigo Bedoya los encargados de opinar sobre algunas pel\u00edculas de la Competencia de Ficci\u00f3n, y\u00a0otras m\u00e1s. [&hellip;]<\/p>\n","protected":false},"author":1,"featured_media":4208,"comment_status":"open","ping_status":"open","sticky":false,"template":"","format":"standard","meta":[],"categories":[24,6,1],"tags":[],"_links":{"self":[{"href":"http:\/\/www.paginas-del-diario-de-satan.com\/pdds\/index.php?rest_route=\/wp\/v2\/posts\/4205"}],"collection":[{"href":"http:\/\/www.paginas-del-diario-de-satan.com\/pdds\/index.php?rest_route=\/wp\/v2\/posts"}],"about":[{"href":"http:\/\/www.paginas-del-diario-de-satan.com\/pdds\/index.php?rest_route=\/wp\/v2\/types\/post"}],"author":[{"embeddable":true,"href":"http:\/\/www.paginas-del-diario-de-satan.com\/pdds\/index.php?rest_route=\/wp\/v2\/users\/1"}],"replies":[{"embeddable":true,"href":"http:\/\/www.paginas-del-diario-de-satan.com\/pdds\/index.php?rest_route=%2Fwp%2Fv2%2Fcomments&post=4205"}],"version-history":[{"count":5,"href":"http:\/\/www.paginas-del-diario-de-satan.com\/pdds\/index.php?rest_route=\/wp\/v2\/posts\/4205\/revisions"}],"predecessor-version":[{"id":4216,"href":"http:\/\/www.paginas-del-diario-de-satan.com\/pdds\/index.php?rest_route=\/wp\/v2\/posts\/4205\/revisions\/4216"}],"wp:featuredmedia":[{"embeddable":true,"href":"http:\/\/www.paginas-del-diario-de-satan.com\/pdds\/index.php?rest_route=\/wp\/v2\/media\/4208"}],"wp:attachment":[{"href":"http:\/\/www.paginas-del-diario-de-satan.com\/pdds\/index.php?rest_route=%2Fwp%2Fv2%2Fmedia&parent=4205"}],"wp:term":[{"taxonomy":"category","embeddable":true,"href":"http:\/\/www.paginas-del-diario-de-satan.com\/pdds\/index.php?rest_route=%2Fwp%2Fv2%2Fcategories&post=4205"},{"taxonomy":"post_tag","embeddable":true,"href":"http:\/\/www.paginas-del-diario-de-satan.com\/pdds\/index.php?rest_route=%2Fwp%2Fv2%2Ftags&post=4205"}],"curies":[{"name":"wp","href":"https:\/\/api.w.org\/{rel}","templated":true}]}}