{"id":4231,"date":"2017-07-24T12:29:02","date_gmt":"2017-07-24T12:29:02","guid":{"rendered":"http:\/\/www.paginasdeldiariodesatan.com\/pdds\/?p=4231"},"modified":"2017-07-24T12:29:02","modified_gmt":"2017-07-24T12:29:02","slug":"suban-el-volumen-trece-ensayos-sobre-cine-y-rock","status":"publish","type":"post","link":"http:\/\/www.paginas-del-diario-de-satan.com\/pdds\/?p=4231","title":{"rendered":"Suban el volumen. Trece ensayos sobre cine y rock"},"content":{"rendered":"<p><strong>El libro &#8220;Suban el volumen. Trece ensayos sobre cine y rock&#8221; ser\u00e1 presentado el pr\u00f3ximo s\u00e1bado 29 de julio en la Feria del Libro de Lima. Ha sido editado por los chilenos Iv\u00e1n Pinto, Ximena Vergara y \u00c1lvaro Garc\u00eda, quienes estar\u00e1n presentes ese d\u00eda. <\/strong><\/p>\n<p><strong>Contiene trabajos de los peruanos M\u00f3nica Delgado y Jos\u00e9 Carlos Cabrejo.<\/strong><\/p>\n<p><strong>Adem\u00e1s de la presentaci\u00f3n del libro, habr\u00e1 una charla sobre &#8220;Cine y rock en Latinoam\u00e9rica&#8221; el Jueves 27 de julio, a las 7.00 PM, en la sala Sala Armando Robles Godoy.\u00a0<\/strong><\/p>\n<p>&nbsp;<\/p>\n","protected":false},"excerpt":{"rendered":"<p>El libro &#8220;Suban el volumen. Trece ensayos sobre cine y rock&#8221; ser\u00e1 presentado el pr\u00f3ximo s\u00e1bado 29 de julio en la Feria del Libro de Lima. Ha sido editado por los chilenos Iv\u00e1n Pinto, Ximena Vergara y \u00c1lvaro Garc\u00eda, quienes estar\u00e1n presentes ese d\u00eda. Contiene trabajos de los peruanos M\u00f3nica Delgado y Jos\u00e9 Carlos Cabrejo. [&hellip;]<\/p>\n","protected":false},"author":1,"featured_media":4232,"comment_status":"open","ping_status":"open","sticky":false,"template":"","format":"standard","meta":[],"categories":[7],"tags":[],"_links":{"self":[{"href":"http:\/\/www.paginas-del-diario-de-satan.com\/pdds\/index.php?rest_route=\/wp\/v2\/posts\/4231"}],"collection":[{"href":"http:\/\/www.paginas-del-diario-de-satan.com\/pdds\/index.php?rest_route=\/wp\/v2\/posts"}],"about":[{"href":"http:\/\/www.paginas-del-diario-de-satan.com\/pdds\/index.php?rest_route=\/wp\/v2\/types\/post"}],"author":[{"embeddable":true,"href":"http:\/\/www.paginas-del-diario-de-satan.com\/pdds\/index.php?rest_route=\/wp\/v2\/users\/1"}],"replies":[{"embeddable":true,"href":"http:\/\/www.paginas-del-diario-de-satan.com\/pdds\/index.php?rest_route=%2Fwp%2Fv2%2Fcomments&post=4231"}],"version-history":[{"count":2,"href":"http:\/\/www.paginas-del-diario-de-satan.com\/pdds\/index.php?rest_route=\/wp\/v2\/posts\/4231\/revisions"}],"predecessor-version":[{"id":4234,"href":"http:\/\/www.paginas-del-diario-de-satan.com\/pdds\/index.php?rest_route=\/wp\/v2\/posts\/4231\/revisions\/4234"}],"wp:featuredmedia":[{"embeddable":true,"href":"http:\/\/www.paginas-del-diario-de-satan.com\/pdds\/index.php?rest_route=\/wp\/v2\/media\/4232"}],"wp:attachment":[{"href":"http:\/\/www.paginas-del-diario-de-satan.com\/pdds\/index.php?rest_route=%2Fwp%2Fv2%2Fmedia&parent=4231"}],"wp:term":[{"taxonomy":"category","embeddable":true,"href":"http:\/\/www.paginas-del-diario-de-satan.com\/pdds\/index.php?rest_route=%2Fwp%2Fv2%2Fcategories&post=4231"},{"taxonomy":"post_tag","embeddable":true,"href":"http:\/\/www.paginas-del-diario-de-satan.com\/pdds\/index.php?rest_route=%2Fwp%2Fv2%2Ftags&post=4231"}],"curies":[{"name":"wp","href":"https:\/\/api.w.org\/{rel}","templated":true}]}}