{"id":4595,"date":"2017-11-03T12:40:35","date_gmt":"2017-11-03T12:40:35","guid":{"rendered":"http:\/\/www.paginasdeldiariodesatan.com\/pdds\/?p=4595"},"modified":"2017-11-03T12:40:35","modified_gmt":"2017-11-03T12:40:35","slug":"semana-del-cine-2017-presentacion-de-las-miradas-multiples-el-cine-regional-peruano","status":"publish","type":"post","link":"http:\/\/www.paginas-del-diario-de-satan.com\/pdds\/?p=4595","title":{"rendered":"Semana del cine 2017: Presentaci\u00f3n de &#8220;Las miradas m\u00faltiples. El cine regional peruano&#8221;."},"content":{"rendered":"<p><strong>El mi\u00e9rcoles 8, a las 8 de la noche, en el auditorio T3, de la Universidad de Lima, se presentar\u00e1 el libro\u00a0&#8220;Las miradas m\u00faltiples. El cine regional peruano&#8221;, de Emilio Bustamante y Jaime Luna Victoria. Los comentarios estar\u00e1n a cargo\u00a0de Ra\u00fal\u00a0Castro, Alonso Quinteros y Ana Caridad S\u00e1nchez. Es una de las actividades acad\u00e9micas m\u00e1s atractivas de la semana. El ingreso es libre.<\/strong><\/p>\n","protected":false},"excerpt":{"rendered":"<p>El mi\u00e9rcoles 8, a las 8 de la noche, en el auditorio T3, de la Universidad de Lima, se presentar\u00e1 el libro\u00a0&#8220;Las miradas m\u00faltiples. El cine regional peruano&#8221;, de Emilio Bustamante y Jaime Luna Victoria. Los comentarios estar\u00e1n a cargo\u00a0de Ra\u00fal\u00a0Castro, Alonso Quinteros y Ana Caridad S\u00e1nchez. Es una de las actividades acad\u00e9micas m\u00e1s atractivas [&hellip;]<\/p>\n","protected":false},"author":1,"featured_media":4596,"comment_status":"open","ping_status":"open","sticky":false,"template":"","format":"standard","meta":[],"categories":[765,582],"tags":[],"_links":{"self":[{"href":"http:\/\/www.paginas-del-diario-de-satan.com\/pdds\/index.php?rest_route=\/wp\/v2\/posts\/4595"}],"collection":[{"href":"http:\/\/www.paginas-del-diario-de-satan.com\/pdds\/index.php?rest_route=\/wp\/v2\/posts"}],"about":[{"href":"http:\/\/www.paginas-del-diario-de-satan.com\/pdds\/index.php?rest_route=\/wp\/v2\/types\/post"}],"author":[{"embeddable":true,"href":"http:\/\/www.paginas-del-diario-de-satan.com\/pdds\/index.php?rest_route=\/wp\/v2\/users\/1"}],"replies":[{"embeddable":true,"href":"http:\/\/www.paginas-del-diario-de-satan.com\/pdds\/index.php?rest_route=%2Fwp%2Fv2%2Fcomments&post=4595"}],"version-history":[{"count":1,"href":"http:\/\/www.paginas-del-diario-de-satan.com\/pdds\/index.php?rest_route=\/wp\/v2\/posts\/4595\/revisions"}],"predecessor-version":[{"id":4597,"href":"http:\/\/www.paginas-del-diario-de-satan.com\/pdds\/index.php?rest_route=\/wp\/v2\/posts\/4595\/revisions\/4597"}],"wp:featuredmedia":[{"embeddable":true,"href":"http:\/\/www.paginas-del-diario-de-satan.com\/pdds\/index.php?rest_route=\/wp\/v2\/media\/4596"}],"wp:attachment":[{"href":"http:\/\/www.paginas-del-diario-de-satan.com\/pdds\/index.php?rest_route=%2Fwp%2Fv2%2Fmedia&parent=4595"}],"wp:term":[{"taxonomy":"category","embeddable":true,"href":"http:\/\/www.paginas-del-diario-de-satan.com\/pdds\/index.php?rest_route=%2Fwp%2Fv2%2Fcategories&post=4595"},{"taxonomy":"post_tag","embeddable":true,"href":"http:\/\/www.paginas-del-diario-de-satan.com\/pdds\/index.php?rest_route=%2Fwp%2Fv2%2Ftags&post=4595"}],"curies":[{"name":"wp","href":"https:\/\/api.w.org\/{rel}","templated":true}]}}