{"id":4984,"date":"2018-05-12T11:08:58","date_gmt":"2018-05-12T11:08:58","guid":{"rendered":"http:\/\/www.paginasdeldiariodesatan.com\/pdds\/?p=4984"},"modified":"2018-05-12T13:09:44","modified_gmt":"2018-05-12T13:09:44","slug":"la-casa-rosada-por-emilio-bustamante","status":"publish","type":"post","link":"http:\/\/www.paginas-del-diario-de-satan.com\/pdds\/?p=4984","title":{"rendered":"La casa rosada, por Emilio Bustamante"},"content":{"rendered":"<p><span style=\"color: #000000; font-family: Calibri; font-size: medium;\">Hay dos maneras posibles de ver <i>La Casa Rosada<\/i>, entre otras tantas. <\/span><\/p>\n<p><span style=\"color: #000000; font-family: Calibri; font-size: medium;\">La primera, \u00a0desde la perspectiva del relato cl\u00e1sico y el modo de representaci\u00f3n institucional, como una pel\u00edcula con problemas narrativos que demandar\u00eda una reedici\u00f3n que abreviara el inicio, le diera mayor verosimilitud y causalidad a los primeros veinte minutos, eliminara alguna escena innecesaria (la del asesinato de un soldado por su propio compa\u00f1ero ante la total indiferencia de sus superiores, por ejemplo), y creara implantaciones para que no parezcan arbitrarias las apariciones de los personajes de Ram\u00f3n Garc\u00eda y (especialmente) Cristhian Esquivel en el \u00faltimo tramo del filme. Esta mirada no podr\u00eda negar, sin embargo, la buena direcci\u00f3n de arte, las solventes actuaciones, y el sugestivo empleo del espacio en off potenciado por un envolvente sonido que crea sensaciones de acoso y de una aut\u00e9ntica situaci\u00f3n de guerra.<\/span><\/p>\n<p><span style=\"color: #000000; font-family: Calibri; font-size: medium;\">La segunda manera de verla es como una pel\u00edcula intensa, que busca la comunicaci\u00f3n con el p\u00fablico masivo a partir de una narrativa m\u00e1s acumulativa que causal, con ra\u00edces en el melodrama y el relato oral (regido por el \u201cy entonces\u201d en lugar del \u201cpero por tanto\u201d); como un filme con un est\u00e1ndar t\u00e9cnico profesional al que aspiraba su director durante a\u00f1os movido por el objetivo de llegar a pantallas nacionales e internacionales y romper las limitaciones de la exhibici\u00f3n en circuitos regionales; y, por \u00faltimo (y quiz\u00e1 lo m\u00e1s importante), como una pel\u00edcula sobre la memoria del conflicto armado interno desde la \u00f3ptica urbana de quien lo vivi\u00f3 en la ciudad misma de Ayacucho, que sin dejar de se\u00f1alar la responsabilidad criminal de Sendero Luminoso, nos recuerda\u00a0 la violaci\u00f3n sistem\u00e1tica de los derechos humanos por parte de las fuerzas armadas, que ciertos discursos pretenden hoy hacernos olvidar. <\/span><\/p>\n<p><span style=\"color: #000000; font-family: Calibri; font-size: medium;\">En <i>La Casa Rosada<\/i> (nombre de la pel\u00edcula que evoca a un conocido centro de torturas en Huamanga que oper\u00f3 durante el conflicto) se recrean v\u00edvidamente secuestros, torturas y ejecuciones extrajudiciales de inocentes por parte de militares que consideraban que todo ayacuchano era un terrorista o, por lo menos, un sospechoso de serlo; y se logra una de las im\u00e1genes m\u00e1s estremecedoras que el cine peruano haya dado hasta hoy sobre el conflicto: la de los soldados del cuartel Los Cabitos echando, en la noche, los cuerpos desnudos de los ejecutados al horno especialmente construido para ese fin. Otras im\u00e1genes, como la de los ni\u00f1os buscando el cuerpo de su padre en un botadero de cad\u00e1veres, o las de la familia en la oscuridad del hogar escuchando asustada durante la noche explosiones de bombas, r\u00e1fagas de metralleta, tropel de botas y gritos destemplados, son apenas menos memorables.<\/span><\/p>\n<p><span style=\"color: #000000; font-family: Calibri; font-size: medium;\">Desde esta lectura, <i>La Casa Rosada<\/i> es una pel\u00edcula oportuna y valiente que todos deber\u00edamos ver.<\/span><\/p>\n<p><strong>Emilio Bustamante<\/strong><\/p>\n","protected":false},"excerpt":{"rendered":"<p>Hay dos maneras posibles de ver La Casa Rosada, entre otras tantas. La primera, \u00a0desde la perspectiva del relato cl\u00e1sico y el modo de representaci\u00f3n institucional, como una pel\u00edcula con problemas narrativos que demandar\u00eda una reedici\u00f3n que abreviara el inicio, le diera mayor verosimilitud y causalidad a los primeros veinte minutos, eliminara alguna escena innecesaria [&hellip;]<\/p>\n","protected":false},"author":1,"featured_media":4985,"comment_status":"open","ping_status":"open","sticky":false,"template":"","format":"standard","meta":[],"categories":[641,200,8,3,765,582,11,902],"tags":[],"_links":{"self":[{"href":"http:\/\/www.paginas-del-diario-de-satan.com\/pdds\/index.php?rest_route=\/wp\/v2\/posts\/4984"}],"collection":[{"href":"http:\/\/www.paginas-del-diario-de-satan.com\/pdds\/index.php?rest_route=\/wp\/v2\/posts"}],"about":[{"href":"http:\/\/www.paginas-del-diario-de-satan.com\/pdds\/index.php?rest_route=\/wp\/v2\/types\/post"}],"author":[{"embeddable":true,"href":"http:\/\/www.paginas-del-diario-de-satan.com\/pdds\/index.php?rest_route=\/wp\/v2\/users\/1"}],"replies":[{"embeddable":true,"href":"http:\/\/www.paginas-del-diario-de-satan.com\/pdds\/index.php?rest_route=%2Fwp%2Fv2%2Fcomments&post=4984"}],"version-history":[{"count":5,"href":"http:\/\/www.paginas-del-diario-de-satan.com\/pdds\/index.php?rest_route=\/wp\/v2\/posts\/4984\/revisions"}],"predecessor-version":[{"id":4988,"href":"http:\/\/www.paginas-del-diario-de-satan.com\/pdds\/index.php?rest_route=\/wp\/v2\/posts\/4984\/revisions\/4988"}],"wp:featuredmedia":[{"embeddable":true,"href":"http:\/\/www.paginas-del-diario-de-satan.com\/pdds\/index.php?rest_route=\/wp\/v2\/media\/4985"}],"wp:attachment":[{"href":"http:\/\/www.paginas-del-diario-de-satan.com\/pdds\/index.php?rest_route=%2Fwp%2Fv2%2Fmedia&parent=4984"}],"wp:term":[{"taxonomy":"category","embeddable":true,"href":"http:\/\/www.paginas-del-diario-de-satan.com\/pdds\/index.php?rest_route=%2Fwp%2Fv2%2Fcategories&post=4984"},{"taxonomy":"post_tag","embeddable":true,"href":"http:\/\/www.paginas-del-diario-de-satan.com\/pdds\/index.php?rest_route=%2Fwp%2Fv2%2Ftags&post=4984"}],"curies":[{"name":"wp","href":"https:\/\/api.w.org\/{rel}","templated":true}]}}