{"id":5077,"date":"2018-06-08T12:17:26","date_gmt":"2018-06-08T12:17:26","guid":{"rendered":"http:\/\/www.paginasdeldiariodesatan.com\/pdds\/?p=5077"},"modified":"2018-06-28T12:25:32","modified_gmt":"2018-06-28T12:25:32","slug":"bela-tarr-en-el-placer-de-los-ojos","status":"publish","type":"post","link":"http:\/\/www.paginas-del-diario-de-satan.com\/pdds\/?p=5077","title":{"rendered":"B\u00e9la Tarr en El placer de los ojos"},"content":{"rendered":"<p><strong>Ma\u00f1ana s\u00e1bado, a las 9 de la noche, en El Placer de los ojos, por TVPer\u00fa,\u00a0podr\u00e1n ver una larga entrevista\u00a0con el director h\u00fangaro B\u00e9la Tarr. Ser\u00e1 un programa especial dedicado a su trabajo. B\u00e9la Tarr lleg\u00f3 al Per\u00fa como invitado especial del Festival Al Este, en su edici\u00f3n de 2018, que brind\u00f3 todas las facilidades para realizar la entrevista.<\/strong><\/p>\n<p>En la foto: <em>S\u00e1t\u00e1ntang\u00f3<\/em><\/p>\n<p>&nbsp;<\/p>\n","protected":false},"excerpt":{"rendered":"<p>Ma\u00f1ana s\u00e1bado, a las 9 de la noche, en El Placer de los ojos, por TVPer\u00fa,\u00a0podr\u00e1n ver una larga entrevista\u00a0con el director h\u00fangaro B\u00e9la Tarr. Ser\u00e1 un programa especial dedicado a su trabajo. B\u00e9la Tarr lleg\u00f3 al Per\u00fa como invitado especial del Festival Al Este, en su edici\u00f3n de 2018, que brind\u00f3 todas las facilidades [&hellip;]<\/p>\n","protected":false},"author":1,"featured_media":5078,"comment_status":"open","ping_status":"open","sticky":false,"template":"","format":"standard","meta":[],"categories":[916,121],"tags":[],"_links":{"self":[{"href":"http:\/\/www.paginas-del-diario-de-satan.com\/pdds\/index.php?rest_route=\/wp\/v2\/posts\/5077"}],"collection":[{"href":"http:\/\/www.paginas-del-diario-de-satan.com\/pdds\/index.php?rest_route=\/wp\/v2\/posts"}],"about":[{"href":"http:\/\/www.paginas-del-diario-de-satan.com\/pdds\/index.php?rest_route=\/wp\/v2\/types\/post"}],"author":[{"embeddable":true,"href":"http:\/\/www.paginas-del-diario-de-satan.com\/pdds\/index.php?rest_route=\/wp\/v2\/users\/1"}],"replies":[{"embeddable":true,"href":"http:\/\/www.paginas-del-diario-de-satan.com\/pdds\/index.php?rest_route=%2Fwp%2Fv2%2Fcomments&post=5077"}],"version-history":[{"count":3,"href":"http:\/\/www.paginas-del-diario-de-satan.com\/pdds\/index.php?rest_route=\/wp\/v2\/posts\/5077\/revisions"}],"predecessor-version":[{"id":5122,"href":"http:\/\/www.paginas-del-diario-de-satan.com\/pdds\/index.php?rest_route=\/wp\/v2\/posts\/5077\/revisions\/5122"}],"wp:featuredmedia":[{"embeddable":true,"href":"http:\/\/www.paginas-del-diario-de-satan.com\/pdds\/index.php?rest_route=\/wp\/v2\/media\/5078"}],"wp:attachment":[{"href":"http:\/\/www.paginas-del-diario-de-satan.com\/pdds\/index.php?rest_route=%2Fwp%2Fv2%2Fmedia&parent=5077"}],"wp:term":[{"taxonomy":"category","embeddable":true,"href":"http:\/\/www.paginas-del-diario-de-satan.com\/pdds\/index.php?rest_route=%2Fwp%2Fv2%2Fcategories&post=5077"},{"taxonomy":"post_tag","embeddable":true,"href":"http:\/\/www.paginas-del-diario-de-satan.com\/pdds\/index.php?rest_route=%2Fwp%2Fv2%2Ftags&post=5077"}],"curies":[{"name":"wp","href":"https:\/\/api.w.org\/{rel}","templated":true}]}}