{"id":5081,"date":"2018-06-08T15:10:29","date_gmt":"2018-06-08T15:10:29","guid":{"rendered":"http:\/\/www.paginasdeldiariodesatan.com\/pdds\/?p=5081"},"modified":"2018-06-08T15:19:24","modified_gmt":"2018-06-08T15:19:24","slug":"federico-de-cardenas-por-javier-protzel","status":"publish","type":"post","link":"http:\/\/www.paginas-del-diario-de-satan.com\/pdds\/?p=5081","title":{"rendered":"Federico de C\u00e1rdenas, por Javier Protzel"},"content":{"rendered":"<p><strong>Javier Protzel nos autoriza\u00a0a publicar este recuerdo de su amigo de siempre, Fico de C\u00e1rdenas. <\/strong><strong>El art\u00edculo fue publicado en el diario La Rep\u00fablica, edici\u00f3n del 8 de junio de 2018.\u00a0 <\/strong><strong>La foto de Fico pertenece <a href=\"http:\/\/sociedadfilarmonica.com.pe\/consejo-directivo\/\"><strong>a la p\u00e1gina web de la Sociedad Filarm\u00f3nica.<\/strong><\/a>\u00a0<\/strong><\/p>\n<p>&nbsp;<\/p>\n<p><span style=\"font-size: medium;\"><span style=\"color: #000000;\"><span style=\"font-family: Times New Roman;\">Con la partida de Federico de C\u00e1rdenas desaparece el ejemplo acaso m\u00e1s perfecto y decantado de amor al cine por m\u00ed conocido. A diferencia de otros cr\u00edticos notables, Federico ejerci\u00f3 su prolijo oficio desde un silencio casi monacal que quebraba apenas cada domingo al publicar su p\u00e1gina en <em>La Rep\u00fablica<\/em>. Nunca le interesaron ni la c\u00e1tedra ni las apariciones y reconocimientos p\u00fablicos. Pese a haber concluido sus estudios de sociolog\u00eda y derecho, e incluso ser egresado de la Academia Diplom\u00e1tica, se sinti\u00f3 llamado por otra vocaci\u00f3n. Prefiri\u00f3 dedicarse modestamente a ver pel\u00edculas y compartir generosamente sus comentarios, casi como un sacerdote a su grey, hasta convertirse en gu\u00eda obligado de entendidos y legos.\u00a0 <\/span><\/span><\/span><\/p>\n<p><span style=\"font-size: medium;\"><span style=\"color: #000000;\"><span style=\"font-family: Times New Roman;\">\u00a0\u00a0\u00a0 Pero yo quisiera dar aqu\u00ed un testimonio de parte. Aunque nos conocimos al prepararnos para el ingreso a Letras, nuestra amistad se ciment\u00f3 cuando, ya siendo cachimbos, falt\u00e1bamos a clase junto con otros amigos para ver los ensayos de la Orquesta Sinf\u00f3nica en el Teatro Municipal e ir a los entonces cines del centro de Lima (o al Ambassador por las noches): <i>La balada del soldado<\/i>, de Chujrai, <i>Jules et Jim<\/i> de Truffaut, tres o cuatro veces repetida; Fellini, de Sica, Visconti, Risi. Tras fundar en 1965\u2013con Chacho Le\u00f3n, Juan Bullita y Carlos Rodr\u00edguez Larra\u00edn- la hist\u00f3rica <i>Hablemos de cine <\/i>naci\u00f3 el cr\u00edtico de cine<i>.<\/i> Yo ya no estaba en el Per\u00fa; fue unos a\u00f1os despu\u00e9s que nos reencontramos en Par\u00eds. Fue la \u00e9poca de las cinematecas, la revista <i>Positif<\/i> y sus m\u00edticos encuentros con Joseph von Sternberg, Jean-Luc Godard, Glauber Rocha, Jacques Rivette, Elia Kazan, entre otros. <\/span><\/span><\/span><\/p>\n<p><span style=\"font-size: medium;\"><span style=\"color: #000000;\"><span style=\"font-family: Times New Roman;\">\u00a0\u00a0\u00a0 A medida que su dedicaci\u00f3n al cine, a la m\u00fasica cl\u00e1sica y a la literatura se fue acentuando, Federico adoptaba los h\u00e1bitos de parquedad y sobriedad que sus amigos le reconoc\u00edan. No fumaba, no beb\u00eda, no bailaba. Con el tiempo su vocabulario se afin\u00f3 y sus palabras brotaban como un texto permanentemente en limpio, lo cual no le imped\u00eda cultivar su filudo humor sard\u00f3nico. Sin dejar su modestia y sus cualidades de interlocutor silente en los c\u00edrculos de amigos \u2013Fernando Eguren, Alonso Polar, Santiago Pedraglio- se gan\u00f3 el inmenso respeto que le guard\u00e1bamos. Conserv\u00f3 su disposici\u00f3n juvenil a compartir estados de \u00e1nimo siempre a trav\u00e9s del texto escrito. Recuerdo nuestro primer reencuentro cuando regres\u00e9 a Lima de vacaciones a fines de los 60. Se present\u00f3 a mi casa y me entreg\u00f3 un grueso manuscrito. Ten\u00eda tanto por contarme que prefer\u00eda dejarme leer su diario de los \u00faltimos tres a\u00f1os. Amigo como pocos, ten\u00eda una irrenunciable fidelidad a las viejas amistades y un talento particular para acertar en los gustos de uno, siendo capaz de lograr una sinton\u00eda fina en el cotejo de los aspectos m\u00e1s apreciables de una pel\u00edcula o una composici\u00f3n musical. Fue tambi\u00e9n un gran amante de la m\u00fasica cl\u00e1sica. Estos \u00faltimos a\u00f1os nos ve\u00edamos en los conciertos de la Sociedad Filarm\u00f3nica, de cuyo directorio \u00e9l fue parte y a la cual el contribuy\u00f3 sobremanera. M\u00e1s que por su inmensa cultura es por su eticidad y discernimiento que efectivamente se le puede considerar un ilustrado.<\/span><\/span><\/span><\/p>\n<p><span style=\"font-size: medium;\"><span style=\"color: #000000;\"><span style=\"font-family: Times New Roman;\">\u00a0\u00a0\u00a0 Una gran p\u00e9rdida para el periodismo peruano, para <i>La Rep\u00fablica<\/i>, para la Sociedad Filarm\u00f3nica de Lima y el Festival de Cine de Lima. Irreparable para su familia y sus amigos, quienes lo extra\u00f1aremos cuando ya no est\u00e9 donde siempre se le ve\u00eda. \u00a0<\/span><\/span><\/span><\/p>\n<p><b><span style=\"color: #000000; font-family: Times New Roman; font-size: medium;\">Javier Protzel<\/span><\/b><\/p>\n<p><b><span style=\"color: #000000; font-family: Times New Roman; font-size: medium;\">Profesor universitario<\/span><\/b><\/p>\n<p><span style=\"color: #000000; font-family: Times New Roman; font-size: medium;\">\u00a0<\/span><\/p>\n<p><span style=\"color: #000000; font-family: Times New Roman; font-size: medium;\">\u00a0<\/span><\/p>\n<p><span style=\"color: #000000; font-family: Times New Roman; font-size: medium;\">\u00a0<\/span><\/p>\n","protected":false},"excerpt":{"rendered":"<p>Javier Protzel nos autoriza\u00a0a publicar este recuerdo de su amigo de siempre, Fico de C\u00e1rdenas. El art\u00edculo fue publicado en el diario La Rep\u00fablica, edici\u00f3n del 8 de junio de 2018.\u00a0 La foto de Fico pertenece a la p\u00e1gina web de la Sociedad Filarm\u00f3nica.\u00a0 &nbsp; Con la partida de Federico de C\u00e1rdenas desaparece el ejemplo [&hellip;]<\/p>\n","protected":false},"author":1,"featured_media":5082,"comment_status":"open","ping_status":"open","sticky":false,"template":"","format":"standard","meta":[],"categories":[355,917],"tags":[],"_links":{"self":[{"href":"http:\/\/www.paginas-del-diario-de-satan.com\/pdds\/index.php?rest_route=\/wp\/v2\/posts\/5081"}],"collection":[{"href":"http:\/\/www.paginas-del-diario-de-satan.com\/pdds\/index.php?rest_route=\/wp\/v2\/posts"}],"about":[{"href":"http:\/\/www.paginas-del-diario-de-satan.com\/pdds\/index.php?rest_route=\/wp\/v2\/types\/post"}],"author":[{"embeddable":true,"href":"http:\/\/www.paginas-del-diario-de-satan.com\/pdds\/index.php?rest_route=\/wp\/v2\/users\/1"}],"replies":[{"embeddable":true,"href":"http:\/\/www.paginas-del-diario-de-satan.com\/pdds\/index.php?rest_route=%2Fwp%2Fv2%2Fcomments&post=5081"}],"version-history":[{"count":3,"href":"http:\/\/www.paginas-del-diario-de-satan.com\/pdds\/index.php?rest_route=\/wp\/v2\/posts\/5081\/revisions"}],"predecessor-version":[{"id":5085,"href":"http:\/\/www.paginas-del-diario-de-satan.com\/pdds\/index.php?rest_route=\/wp\/v2\/posts\/5081\/revisions\/5085"}],"wp:featuredmedia":[{"embeddable":true,"href":"http:\/\/www.paginas-del-diario-de-satan.com\/pdds\/index.php?rest_route=\/wp\/v2\/media\/5082"}],"wp:attachment":[{"href":"http:\/\/www.paginas-del-diario-de-satan.com\/pdds\/index.php?rest_route=%2Fwp%2Fv2%2Fmedia&parent=5081"}],"wp:term":[{"taxonomy":"category","embeddable":true,"href":"http:\/\/www.paginas-del-diario-de-satan.com\/pdds\/index.php?rest_route=%2Fwp%2Fv2%2Fcategories&post=5081"},{"taxonomy":"post_tag","embeddable":true,"href":"http:\/\/www.paginas-del-diario-de-satan.com\/pdds\/index.php?rest_route=%2Fwp%2Fv2%2Ftags&post=5081"}],"curies":[{"name":"wp","href":"https:\/\/api.w.org\/{rel}","templated":true}]}}