{"id":5096,"date":"2018-06-10T21:44:50","date_gmt":"2018-06-10T21:44:50","guid":{"rendered":"http:\/\/www.paginasdeldiariodesatan.com\/pdds\/?p=5096"},"modified":"2018-06-10T21:44:50","modified_gmt":"2018-06-10T21:44:50","slug":"la-partida-de-fico-agradecimientos","status":"publish","type":"post","link":"http:\/\/www.paginas-del-diario-de-satan.com\/pdds\/?p=5096","title":{"rendered":"La partida de Fico. Agradecimientos"},"content":{"rendered":"<p><strong>Isaac (Chacho) Le\u00f3n Fr\u00edas\u00a0nos pide publicar este agradecimiento a los amigos del extranjero que manifestaron\u00a0su pesar:<\/strong><\/p>\n<p><strong><span style=\"color: #000000; font-family: Calibri; font-size: medium;\">&#8220;<\/span><\/strong><span style=\"color: #000000; font-family: Calibri; font-size: medium;\">Con el temor de olvidarme de alguno de los amigos extranjeros que me han escrito trasmitiendo su pesar por la partida de Federico y pedido que lo haga extensivo a los amigos y familiares, aqu\u00ed van los nombres:<\/span><\/p>\n<p><span style=\"color: #000000; font-family: Calibri; font-size: medium;\">Desde Argentina: Quint\u00edn y Flavia de la Fuente, Jorge Garc\u00eda, Gustavo Castagna, Luciano Monteagudo, Horacio Bernades, Eduardo Russo, Sergio Wolf,<\/span><\/p>\n<p><span style=\"color: #000000; font-family: Calibri; font-size: medium;\">Guillermo Colantonio, Pablo de Vita, Roger Koza, Claudio Cordero (peruano en Buenos Aires), Eduardo Rojas (quien cita a Rub\u00e9n Dar\u00edo: \u201caunque la vida muri\u00f3, nos dej\u00f3 harto consuelo su memoria\u201d)<\/span><\/p>\n<p><span style=\"color: #000000; font-family: Calibri; font-size: medium;\">Chile: Ver\u00f3nica Cort\u00ednez, Ascanio Cavallo, Alfredo Barr\u00eda, Sergio Navarro.<\/span><\/p>\n<p><span style=\"color: #000000; font-family: Calibri; font-size: medium;\">Uruguay: Jorge Jellinek, Alvaro Sanjurjo Toucon, Rosalba Oxandabarat (\u201cojal\u00e1 el cielo de los cr\u00edticos tenga todas las pel\u00edculas del mundo con subt\u00edtulos. Estar\u00e1 feliz\u201d).<\/span><\/p>\n<p><span style=\"color: #000000; font-family: Calibri; font-size: medium;\">M\u00e9xico: Jorge Ayala Blanco, Nelson Carro<\/span><\/p>\n<p><span style=\"color: #000000; font-family: Calibri; font-size: medium;\">Colombia: Orlando Mora, Diego Rojas<\/span><\/p>\n<p><span style=\"color: #000000; font-family: Calibri; font-size: medium;\">Cuba: Luciano Castillo<\/span><\/p>\n<p><span style=\"color: #000000; font-family: Calibri; font-size: medium;\">Espa\u00f1a: Miguel Mar\u00edas, Augusto Mart\u00ednez Torres<\/span><\/p>\n<p><span style=\"color: #000000; font-family: Calibri; font-size: medium;\">Francia: Paulo Antonio Paranagu\u00e1, Fiorella Moretti (peruana en Paris)<\/span><\/p>\n<p><span style=\"color: #000000; font-family: Calibri; font-size: medium;\">La cantidad de amigos peruanos que me han escrito, y a los que mucho agradezco, es tan numerosa que no me atrevo siquiera a intentar recordar los nombres.<\/span><\/p>\n<p><strong><span style=\"color: #000000; font-family: Calibri; font-size: medium;\">Isaac Le\u00f3n Fr\u00edas<\/span><\/strong><\/p>\n","protected":false},"excerpt":{"rendered":"<p>Isaac (Chacho) Le\u00f3n Fr\u00edas\u00a0nos pide publicar este agradecimiento a los amigos del extranjero que manifestaron\u00a0su pesar: &#8220;Con el temor de olvidarme de alguno de los amigos extranjeros que me han escrito trasmitiendo su pesar por la partida de Federico y pedido que lo haga extensivo a los amigos y familiares, aqu\u00ed van los nombres: Desde [&hellip;]<\/p>\n","protected":false},"author":1,"featured_media":0,"comment_status":"open","ping_status":"open","sticky":false,"template":"","format":"standard","meta":[],"categories":[1],"tags":[],"_links":{"self":[{"href":"http:\/\/www.paginas-del-diario-de-satan.com\/pdds\/index.php?rest_route=\/wp\/v2\/posts\/5096"}],"collection":[{"href":"http:\/\/www.paginas-del-diario-de-satan.com\/pdds\/index.php?rest_route=\/wp\/v2\/posts"}],"about":[{"href":"http:\/\/www.paginas-del-diario-de-satan.com\/pdds\/index.php?rest_route=\/wp\/v2\/types\/post"}],"author":[{"embeddable":true,"href":"http:\/\/www.paginas-del-diario-de-satan.com\/pdds\/index.php?rest_route=\/wp\/v2\/users\/1"}],"replies":[{"embeddable":true,"href":"http:\/\/www.paginas-del-diario-de-satan.com\/pdds\/index.php?rest_route=%2Fwp%2Fv2%2Fcomments&post=5096"}],"version-history":[{"count":1,"href":"http:\/\/www.paginas-del-diario-de-satan.com\/pdds\/index.php?rest_route=\/wp\/v2\/posts\/5096\/revisions"}],"predecessor-version":[{"id":5097,"href":"http:\/\/www.paginas-del-diario-de-satan.com\/pdds\/index.php?rest_route=\/wp\/v2\/posts\/5096\/revisions\/5097"}],"wp:attachment":[{"href":"http:\/\/www.paginas-del-diario-de-satan.com\/pdds\/index.php?rest_route=%2Fwp%2Fv2%2Fmedia&parent=5096"}],"wp:term":[{"taxonomy":"category","embeddable":true,"href":"http:\/\/www.paginas-del-diario-de-satan.com\/pdds\/index.php?rest_route=%2Fwp%2Fv2%2Fcategories&post=5096"},{"taxonomy":"post_tag","embeddable":true,"href":"http:\/\/www.paginas-del-diario-de-satan.com\/pdds\/index.php?rest_route=%2Fwp%2Fv2%2Ftags&post=5096"}],"curies":[{"name":"wp","href":"https:\/\/api.w.org\/{rel}","templated":true}]}}