{"id":5916,"date":"2019-07-21T14:53:32","date_gmt":"2019-07-21T14:53:32","guid":{"rendered":"http:\/\/www.paginas-del-diario-de-satan.com\/pdds\/?p=5916"},"modified":"2019-07-21T15:01:04","modified_gmt":"2019-07-21T15:01:04","slug":"el-cine-de-los-maestros-un-libro-de-federico-de-cardenas","status":"publish","type":"post","link":"http:\/\/www.paginas-del-diario-de-satan.com\/pdds\/?p=5916","title":{"rendered":"El cine de los maestros, un libro de Federico de C\u00e1rdenas"},"content":{"rendered":"<h4><img alt=\"Resultado de imagen para el cine de los maestros federico de cardenas\" src=\"http:\/\/isbn.bnp.gob.pe\/files\/titulos\/104939.jpg\" \/><\/h4>\n<h4><\/h4>\n<h4>&#8220;El cine de los maestros&#8221;, libro p\u00f3stumo de Federico de C\u00e1rdenas, se presentar\u00e1 el 24 de julio, a las 7 de la noche, en el auditorio Laura Riesco de la Feria Internacional del Libro.<\/h4>\n<p>&nbsp;<\/p>\n","protected":false},"excerpt":{"rendered":"<p>&#8220;El cine de los maestros&#8221;, libro p\u00f3stumo de Federico de C\u00e1rdenas, se presentar\u00e1 el 24 de julio, a las 7 de la noche, en el auditorio Laura Riesco de la Feria Internacional del Libro. &nbsp;<\/p>\n","protected":false},"author":1,"featured_media":0,"comment_status":"open","ping_status":"open","sticky":false,"template":"","format":"standard","meta":[],"categories":[1],"tags":[],"_links":{"self":[{"href":"http:\/\/www.paginas-del-diario-de-satan.com\/pdds\/index.php?rest_route=\/wp\/v2\/posts\/5916"}],"collection":[{"href":"http:\/\/www.paginas-del-diario-de-satan.com\/pdds\/index.php?rest_route=\/wp\/v2\/posts"}],"about":[{"href":"http:\/\/www.paginas-del-diario-de-satan.com\/pdds\/index.php?rest_route=\/wp\/v2\/types\/post"}],"author":[{"embeddable":true,"href":"http:\/\/www.paginas-del-diario-de-satan.com\/pdds\/index.php?rest_route=\/wp\/v2\/users\/1"}],"replies":[{"embeddable":true,"href":"http:\/\/www.paginas-del-diario-de-satan.com\/pdds\/index.php?rest_route=%2Fwp%2Fv2%2Fcomments&post=5916"}],"version-history":[{"count":3,"href":"http:\/\/www.paginas-del-diario-de-satan.com\/pdds\/index.php?rest_route=\/wp\/v2\/posts\/5916\/revisions"}],"predecessor-version":[{"id":5918,"href":"http:\/\/www.paginas-del-diario-de-satan.com\/pdds\/index.php?rest_route=\/wp\/v2\/posts\/5916\/revisions\/5918"}],"wp:attachment":[{"href":"http:\/\/www.paginas-del-diario-de-satan.com\/pdds\/index.php?rest_route=%2Fwp%2Fv2%2Fmedia&parent=5916"}],"wp:term":[{"taxonomy":"category","embeddable":true,"href":"http:\/\/www.paginas-del-diario-de-satan.com\/pdds\/index.php?rest_route=%2Fwp%2Fv2%2Fcategories&post=5916"},{"taxonomy":"post_tag","embeddable":true,"href":"http:\/\/www.paginas-del-diario-de-satan.com\/pdds\/index.php?rest_route=%2Fwp%2Fv2%2Ftags&post=5916"}],"curies":[{"name":"wp","href":"https:\/\/api.w.org\/{rel}","templated":true}]}}