{"id":5925,"date":"2019-07-31T12:53:57","date_gmt":"2019-07-31T12:53:57","guid":{"rendered":"http:\/\/www.paginas-del-diario-de-satan.com\/pdds\/?p=5925"},"modified":"2019-07-31T12:53:57","modified_gmt":"2019-07-31T12:53:57","slug":"festival-de-cine-de-lima-2019-recomendadas-de-la-competencia-latinoamericana-de-ficcion","status":"publish","type":"post","link":"http:\/\/www.paginas-del-diario-de-satan.com\/pdds\/?p=5925","title":{"rendered":"Festival de Cine de Lima 2019: Recomendadas de la Competencia Latinoamericana de Ficci\u00f3n"},"content":{"rendered":"<p><img alt=\"Imagen relacionada\" src=\"https:\/\/www.milenio.com\/uploads\/media\/2018\/09\/09\/la-camarista-en-el-tiff.jpg\" \/><\/p>\n<p>&nbsp;<\/p>\n<p><strong><span style=\"color: #000000; font-family: Calibri; font-size: medium;\">Se anunciaron los t\u00edtulos de la competencia de ficci\u00f3n del Festival de Cine de Lima. \u00a0Aqu\u00ed tienen los t\u00edtulos m\u00e1s destacados de esa secci\u00f3n. <\/span><\/strong><\/p>\n<p><strong><span style=\"color: #000000; font-family: Calibri; font-size: medium;\">Solo incluyo las pel\u00edculas que he visto. No menciono t\u00edtulos peruanos, que ser\u00e1n comentados en el momento de su estreno. <\/span><\/strong><\/p>\n<p><strong><span style=\"font-family: Calibri;\"><span style=\"font-size: medium;\"><span style=\"color: #000000;\">En los pr\u00f3ximos d\u00edas, ampliaremos la informaci\u00f3n, publicando comentarios de las pel\u00edculas programadas en las secciones competitivas.\u00a0\u00a0<\/span><\/span><\/span><\/strong><\/p>\n<p>&nbsp;<\/p>\n<p><b><span style=\"color: #000000; font-family: Calibri; font-size: medium;\">En la Competencia Latinoamericana de ficci\u00f3n:<\/span><\/b><\/p>\n<p><span style=\"color: #000000; font-family: Calibri; font-size: medium;\"><em>La camarista<\/em>, de Lila Avil\u00e9s (En la foto)<\/span><\/p>\n<p><span style=\"color: #000000; font-family: Calibri; font-size: medium;\">Es la m\u00e1s lograda de esta competencia, de entre las que he podio ver. \u00a0Impasible, lac\u00f3nica, precisa en su observaci\u00f3n, muestra la rutina de una mujer que trabaja en un hotel de lujo en Ciudad de M\u00e9xico. El perfil silencioso, casi invisible, de Eve, la camarista, termina por imponerse.<\/span><\/p>\n<p>&nbsp;<\/p>\n<p><span style=\"color: #000000; font-family: Calibri; font-size: medium;\"><em>Familia sumergida<\/em>, de Mar\u00eda Alch\u00e9. <\/span><\/p>\n<p><span style=\"font-family: Calibri;\"><span style=\"font-size: medium;\"><span style=\"color: #000000;\">Retrato de una mujer enfrentada al dolor de una p\u00e9rdida personal, pero tambi\u00e9n a visiones y fantas\u00edas que la llevan a otro nivel de realidad. Primera pel\u00edcula dirigida por la actriz de \u201cLa ni\u00f1a Santa\u201d, de Lucrecia Martel, y muy influida por ella. \u00a0<\/span><\/span><\/span><\/p>\n<p>&nbsp;<\/p>\n<p><span style=\"font-family: Calibri;\"><span style=\"font-size: medium;\"><span style=\"color: #000000;\"><em>Sue\u00f1o Florian\u00f3polis<\/em>, de Ana Katz.\u00a0 <\/span><\/span><\/span><\/p>\n<p><span style=\"color: #000000; font-family: Calibri; font-size: medium;\">Comedia dram\u00e1tica sobre una familia que pasa unos d\u00edas de vacaciones en un balneario brasile\u00f1o en tiempos de Menem. Katz mezcla con eficiencia el humor, el romance y la nostalgia, pero con menos seguridad que en sus pel\u00edculas previas.<\/span><\/p>\n<p>&nbsp;<\/p>\n<p><span style=\"color: #000000; font-family: Calibri; font-size: medium;\"><em>Sem seu sangue<\/em>, de Alice Furtado<\/span><\/p>\n<p><span style=\"font-family: Calibri;\"><span style=\"font-size: medium;\"><span style=\"color: #000000;\">Esta pel\u00edcula brasile\u00f1a mezcla erotismo juvenil y santer\u00eda en extra\u00f1a mezcla. Iniciaci\u00f3n de una muchacha en medio de ritos fant\u00e1sticos y una atractiva atm\u00f3sfera on\u00edrica. \u00a0<\/span><\/span><\/span><\/p>\n<p>&nbsp;<\/p>\n<p><span style=\"color: #000000; font-family: Calibri; font-size: medium;\"><em>Ceniza negra<\/em>, de Sof\u00eda Quir\u00f3s<\/span><\/p>\n<p><span style=\"color: #000000; font-family: Calibri; font-size: medium;\">La costarricense Sof\u00eda Quir\u00f3s dirige esta pel\u00edcula que tambi\u00e9n combina la historia del paso a la adolescencia con un clima fant\u00e1stico, que incluye presencias sobrenaturales. <\/span><\/p>\n<p>&nbsp;<\/p>\n<p><span style=\"color: #000000; font-family: Calibri; font-size: medium;\"><em>Las ni\u00f1as bien<\/em>, de Alejandra M\u00e1rquez<\/span><\/p>\n<p><span style=\"font-family: Calibri;\"><span style=\"font-size: medium;\"><span style=\"color: #000000;\">Ambientada en 1982, bajo el r\u00e9gimen del presidente L\u00f3pez Portillo, satiriza la frivolidad de la clase alta mexicana, pero tambi\u00e9n retrata el costado dram\u00e1tico y hasta angustioso de la situaci\u00f3n que enfrenta al estallar la crisis econ\u00f3mica provocada por la ca\u00edda de los precios del petr\u00f3leo. \u00a0<\/span><\/span><\/span><\/p>\n<p>&nbsp;<\/p>\n<p>&nbsp;<\/p>\n<p><span style=\"color: #000000; font-family: Calibri; font-size: medium;\">\u00a0<\/span><strong>Ricardo Bedoya<\/strong><\/p>\n","protected":false},"excerpt":{"rendered":"<p>&nbsp; Se anunciaron los t\u00edtulos de la competencia de ficci\u00f3n del Festival de Cine de Lima. \u00a0Aqu\u00ed tienen los t\u00edtulos m\u00e1s destacados de esa secci\u00f3n. Solo incluyo las pel\u00edculas que he visto. No menciono t\u00edtulos peruanos, que ser\u00e1n comentados en el momento de su estreno. En los pr\u00f3ximos d\u00edas, ampliaremos la informaci\u00f3n, publicando comentarios de [&hellip;]<\/p>\n","protected":false},"author":1,"featured_media":0,"comment_status":"open","ping_status":"open","sticky":false,"template":"","format":"standard","meta":[],"categories":[24,6],"tags":[],"_links":{"self":[{"href":"http:\/\/www.paginas-del-diario-de-satan.com\/pdds\/index.php?rest_route=\/wp\/v2\/posts\/5925"}],"collection":[{"href":"http:\/\/www.paginas-del-diario-de-satan.com\/pdds\/index.php?rest_route=\/wp\/v2\/posts"}],"about":[{"href":"http:\/\/www.paginas-del-diario-de-satan.com\/pdds\/index.php?rest_route=\/wp\/v2\/types\/post"}],"author":[{"embeddable":true,"href":"http:\/\/www.paginas-del-diario-de-satan.com\/pdds\/index.php?rest_route=\/wp\/v2\/users\/1"}],"replies":[{"embeddable":true,"href":"http:\/\/www.paginas-del-diario-de-satan.com\/pdds\/index.php?rest_route=%2Fwp%2Fv2%2Fcomments&post=5925"}],"version-history":[{"count":2,"href":"http:\/\/www.paginas-del-diario-de-satan.com\/pdds\/index.php?rest_route=\/wp\/v2\/posts\/5925\/revisions"}],"predecessor-version":[{"id":5931,"href":"http:\/\/www.paginas-del-diario-de-satan.com\/pdds\/index.php?rest_route=\/wp\/v2\/posts\/5925\/revisions\/5931"}],"wp:attachment":[{"href":"http:\/\/www.paginas-del-diario-de-satan.com\/pdds\/index.php?rest_route=%2Fwp%2Fv2%2Fmedia&parent=5925"}],"wp:term":[{"taxonomy":"category","embeddable":true,"href":"http:\/\/www.paginas-del-diario-de-satan.com\/pdds\/index.php?rest_route=%2Fwp%2Fv2%2Fcategories&post=5925"},{"taxonomy":"post_tag","embeddable":true,"href":"http:\/\/www.paginas-del-diario-de-satan.com\/pdds\/index.php?rest_route=%2Fwp%2Fv2%2Ftags&post=5925"}],"curies":[{"name":"wp","href":"https:\/\/api.w.org\/{rel}","templated":true}]}}