{"id":5939,"date":"2019-08-05T22:40:21","date_gmt":"2019-08-05T22:40:21","guid":{"rendered":"http:\/\/www.paginas-del-diario-de-satan.com\/pdds\/?p=5939"},"modified":"2019-08-05T22:40:21","modified_gmt":"2019-08-05T22:40:21","slug":"festival-de-cine-de-lima-2019-el-cine-de-mikael-wistrom-por-joel-calero","status":"publish","type":"post","link":"http:\/\/www.paginas-del-diario-de-satan.com\/pdds\/?p=5939","title":{"rendered":"Festival de Cine de Lima 2019: El cine de Mikael Wistr\u00f6m, por Joel Calero"},"content":{"rendered":"<p><img alt=\"La imagen puede contener: una persona, texto\" src=\"https:\/\/scontent.flim16-3.fna.fbcdn.net\/v\/t1.0-9\/67809452_10157420546834784_4641554969055461376_n.jpg?_nc_cat=106&amp;_nc_oc=AQmUT8PGhST8taemvO5QrkV0voYsfEU_S3FHM_nDXe_-t_IdNmicbVaB14pwetYSDOg&amp;_nc_ht=scontent.flim16-3.fna&amp;oh=d74a74dbf09da4a3bcf12c9a3255afb9&amp;oe=5DA21ED9\" \/><\/p>\n<p>&nbsp;<\/p>\n<p>No conozco una obra f\u00edlmica que explore mejor los amasijos del Per\u00fa contempor\u00e1neo que la trilog\u00eda f\u00edlmica de Mikael Wistr\u00f6m y, por supuesto, tambi\u00e9n su cuarto filme: TEMPESTAD EN LOS ANDES. Gracias al 23\u00ba Festival de Cine de Lima, los cin\u00e9filos peruanos tienen la oportunidad de conocer esta imprescindible obra f\u00edlmica sobre el Per\u00fa.<\/p>\n<p>En 1968, Mikael arrib\u00f3 al Per\u00fa como voluntario en los Traperos de Ema\u00fas. Mikael era, adem\u00e1s, fot\u00f3grafo. Y fue as\u00ed como registr\u00f3 la cotidianeidad de la familia Barrientos en las chancher\u00edas suburbiales de Lima, y tambi\u00e9n las tomas de tierras en el sur andino. D\u00e9cadas despu\u00e9s, esas fotos ser\u00edan el punto de partida para unos documentales que, contando la historia de los Barrientos, cuentan la historia esencial del hombre cotidiano del Per\u00fa de las \u00faltimas d\u00e9cadas. La OTRA ORILLA es el primer filme y es de 1993. Luego, 11 a\u00f1os despu\u00e9s, continu\u00f3 con COMPADRE. Y 6 a\u00f1os despu\u00e9s, en el 2010, vendr\u00eda FAMILIA: una trilog\u00eda f\u00edlmica.<\/p>\n<p><img alt=\"La imagen puede contener: una persona, sonriendo, de pie, barba y exterior\" src=\"https:\/\/scontent.flim16-2.fna.fbcdn.net\/v\/t1.0-9\/67771410_10157420546549784_238927063581458432_n.jpg?_nc_cat=109&amp;_nc_oc=AQmLHF5ChLu4jzPOXJU8UXE7AVTngHF2rSAQxEHllsy0d_3--5L2vJ0IIpguusJ2R74&amp;_nc_ht=scontent.flim16-2.fna&amp;oh=defdfbf2e2e637a1b4554f27676aea28&amp;oe=5DA03CC1\" \/><\/p>\n<p>&nbsp;<\/p>\n<p>Daniel Barrientos (en la foto est\u00e1 cargando a Sandra, su primog\u00e9nita) est\u00e1 junto a Nati. Ellos, jovenc\u00edsimos y enamorados, escaparon de la sierra y la pobreza para habitar los arenales y la marginalidad en la capital de su pa\u00eds. Y tuvieron 4 hijos, y se hicieron mototaxista \u00e9l y empleada dom\u00e9stica ella. Y sus hijos crecieron en medio de este pa\u00eds devastado por gobernantes\u00a0 -ahora lo sabemos- casi todos delincuentes y, para sobrevivir, tuvieron que emigrar, la madre a Espa\u00f1a y Sandra a Brasil, mientras los otros hijos y Daniel, el padre, continuaban con ese duro oficio de ser peruano. \u00bfNo es esta, acaso, la historia del Per\u00fa de las \u00faltimas d\u00e9cadas?<\/p>\n<p>Lo que ac\u00e1 sintetizo es solo informaci\u00f3n, pero, en estos documentales, lo que cuenta esencialmente son los afectos, esos que hacen, por ejemplo, que haya no pocos enfrentamientos entre el protagonista y el director que, por supuesto, es un personaje cabal de estos documentales, como ya lo enuncia, expl\u00edcitamente, el t\u00edtulo del segundo filme de la trilog\u00eda, Compadre, que hace referencia al v\u00ednculo, a los dos polos: Daniel, el peruano; Mikael, el sueco. Cuatro a\u00f1os despu\u00e9s, vino TEMPESTAD EN LOS ANDES. V\u00e9ase el afiche: la mujer de la izquierda es la hermana de un muchacho que muri\u00f3 en el Front\u00f3n y es nieto de uno de los campesinos que Mikael fotografi\u00f3 en los 70 (\u00bfser\u00e1 casualidad?). La mujer de la derecha es sobrina\u00a0 de Augusta La Torre, primera mujer de Abimael. Siguiendo sus cursos vitales, esta pel\u00edcula nos recuerda lo que no debemos olvidar: que Sendero y sus atrocidades aparecieron en un pa\u00eds cuyo racismo y clasismo no es menos atroz. A veces me he preguntado, \u00bfpor qu\u00e9 hemos necesitado que venga un sueco (que no se hace el sueco) para contarnos y revelarnos de manera tan extraordinaria? Y lo ha hecho haciendo cine. No cine de ideas, sino cine de afectos. Cine de verdad. Cine.<\/p>\n<p>(Vaya, tambi\u00e9n, un recuerdo a Stefan Kaspar, amigo y c\u00f3mplice de Mikael).<\/p>\n<p>Ac\u00e1 van los horarios:<br \/>\nLa otra orilla: domingo 11, CP Alcazar, 9:45 pm<br \/>\nCompadre: viernes 9, CP Alcazar, 9:45 pm<br \/>\nFamilia: s\u00e1bado 10, CP Alcazar, 9:45 pm<br \/>\nTempestad en los Andes: s\u00e1bado 10, 9:30, CCPUCP y lunes 12, CP Alcazar, 9:45 pm<\/p>\n<p>&nbsp;<\/p>\n<p><strong>Joel Calero<\/strong><\/p>\n","protected":false},"excerpt":{"rendered":"<p>&nbsp; No conozco una obra f\u00edlmica que explore mejor los amasijos del Per\u00fa contempor\u00e1neo que la trilog\u00eda f\u00edlmica de Mikael Wistr\u00f6m y, por supuesto, tambi\u00e9n su cuarto filme: TEMPESTAD EN LOS ANDES. Gracias al 23\u00ba Festival de Cine de Lima, los cin\u00e9filos peruanos tienen la oportunidad de conocer esta imprescindible obra f\u00edlmica sobre el Per\u00fa. [&hellip;]<\/p>\n","protected":false},"author":1,"featured_media":0,"comment_status":"open","ping_status":"open","sticky":false,"template":"","format":"standard","meta":[],"categories":[24,6,1053,117],"tags":[],"_links":{"self":[{"href":"http:\/\/www.paginas-del-diario-de-satan.com\/pdds\/index.php?rest_route=\/wp\/v2\/posts\/5939"}],"collection":[{"href":"http:\/\/www.paginas-del-diario-de-satan.com\/pdds\/index.php?rest_route=\/wp\/v2\/posts"}],"about":[{"href":"http:\/\/www.paginas-del-diario-de-satan.com\/pdds\/index.php?rest_route=\/wp\/v2\/types\/post"}],"author":[{"embeddable":true,"href":"http:\/\/www.paginas-del-diario-de-satan.com\/pdds\/index.php?rest_route=\/wp\/v2\/users\/1"}],"replies":[{"embeddable":true,"href":"http:\/\/www.paginas-del-diario-de-satan.com\/pdds\/index.php?rest_route=%2Fwp%2Fv2%2Fcomments&post=5939"}],"version-history":[{"count":1,"href":"http:\/\/www.paginas-del-diario-de-satan.com\/pdds\/index.php?rest_route=\/wp\/v2\/posts\/5939\/revisions"}],"predecessor-version":[{"id":5940,"href":"http:\/\/www.paginas-del-diario-de-satan.com\/pdds\/index.php?rest_route=\/wp\/v2\/posts\/5939\/revisions\/5940"}],"wp:attachment":[{"href":"http:\/\/www.paginas-del-diario-de-satan.com\/pdds\/index.php?rest_route=%2Fwp%2Fv2%2Fmedia&parent=5939"}],"wp:term":[{"taxonomy":"category","embeddable":true,"href":"http:\/\/www.paginas-del-diario-de-satan.com\/pdds\/index.php?rest_route=%2Fwp%2Fv2%2Fcategories&post=5939"},{"taxonomy":"post_tag","embeddable":true,"href":"http:\/\/www.paginas-del-diario-de-satan.com\/pdds\/index.php?rest_route=%2Fwp%2Fv2%2Ftags&post=5939"}],"curies":[{"name":"wp","href":"https:\/\/api.w.org\/{rel}","templated":true}]}}