{"id":5941,"date":"2019-08-06T12:20:15","date_gmt":"2019-08-06T12:20:15","guid":{"rendered":"http:\/\/www.paginas-del-diario-de-satan.com\/pdds\/?p=5941"},"modified":"2019-08-06T12:20:15","modified_gmt":"2019-08-06T12:20:15","slug":"festival-de-cine-de-lima-2019-rojo","status":"publish","type":"post","link":"http:\/\/www.paginas-del-diario-de-satan.com\/pdds\/?p=5941","title":{"rendered":"Festival de Cine de Lima 2019: Rojo"},"content":{"rendered":"<p><img alt=\"Imagen relacionada\" src=\"http:\/\/www.otroscineseuropa.com\/wp-content\/uploads\/2018\/09\/ROJO-362149_655x.jpg\" \/><\/p>\n<p>\u201cRojo\u201d, de Benjam\u00edn Naishtat, como \u201cEl movimiento\u201d, uno de sus pel\u00edculas anteriores, \u00a0es una f\u00e1bula pol\u00edtica. Se ambienta en 1975, en una Argentina tocada por la violencia de bandas armadas de todos los pelajes. La secuencia inicial es clave. El encuadre estable y dilatado registra la fachada de una casa de la que se van extrayendo objetos diversos. Pero no se trata de una mudanza. Es algo m\u00e1s siniestro que todos conocen, pero que nadie se atreve a definir. Es un saqueo programado ante la ausencia de los ocupantes, acaso fugados ante las amenazas de los grupos paramilitares. El horror y la rapi\u00f1a se han naturalizado y se encarnan en espacios materiales, concretos.<\/p>\n<p>Por eso, \u201cRojo\u201d encuentra la esencia de los conflictos en las escenograf\u00edas, en esos espacios interiores o exteriores donde irrumpen las agresiones. Como en la casa saqueada, o en el restaurante donde el personaje de Dar\u00edo Grandinetti enfrenta los reproches de un desconocido, o en el descampado que se convierte en el campo de una batalla privada que se libra con la misma furia que mueve a los sicarios amparados por el gobierno nacional.<\/p>\n<p>Los espacios f\u00edsicos son territorios negociables, pero a condici\u00f3n de que se transen en silencio, bajo las condiciones de un pacto de complicidad con la violencia sellado por las clases medias y altas. Como en el cine de Elio Petri (\u201cInvestigaci\u00f3n de un ciudadano sobre toda sospecha\u201d, \u201cLa clase obrera va al para\u00edso\u201d, \u201cTodo modo\u201d), la trama criminal se superpone a la mirada pol\u00edtica y ambas toman cuerpo en espacios y personajes emblem\u00e1ticos: violentos de derecha y de izquierda, verdugos, c\u00f3mplices, a veces dise\u00f1ados sin matices.<\/p>\n<p><strong>Ricardo Bedoya<\/strong><\/p>\n","protected":false},"excerpt":{"rendered":"<p>\u201cRojo\u201d, de Benjam\u00edn Naishtat, como \u201cEl movimiento\u201d, uno de sus pel\u00edculas anteriores, \u00a0es una f\u00e1bula pol\u00edtica. Se ambienta en 1975, en una Argentina tocada por la violencia de bandas armadas de todos los pelajes. La secuencia inicial es clave. El encuadre estable y dilatado registra la fachada de una casa de la que se van [&hellip;]<\/p>\n","protected":false},"author":1,"featured_media":0,"comment_status":"open","ping_status":"open","sticky":false,"template":"","format":"standard","meta":[],"categories":[1054,548,8,24,6],"tags":[],"_links":{"self":[{"href":"http:\/\/www.paginas-del-diario-de-satan.com\/pdds\/index.php?rest_route=\/wp\/v2\/posts\/5941"}],"collection":[{"href":"http:\/\/www.paginas-del-diario-de-satan.com\/pdds\/index.php?rest_route=\/wp\/v2\/posts"}],"about":[{"href":"http:\/\/www.paginas-del-diario-de-satan.com\/pdds\/index.php?rest_route=\/wp\/v2\/types\/post"}],"author":[{"embeddable":true,"href":"http:\/\/www.paginas-del-diario-de-satan.com\/pdds\/index.php?rest_route=\/wp\/v2\/users\/1"}],"replies":[{"embeddable":true,"href":"http:\/\/www.paginas-del-diario-de-satan.com\/pdds\/index.php?rest_route=%2Fwp%2Fv2%2Fcomments&post=5941"}],"version-history":[{"count":1,"href":"http:\/\/www.paginas-del-diario-de-satan.com\/pdds\/index.php?rest_route=\/wp\/v2\/posts\/5941\/revisions"}],"predecessor-version":[{"id":5942,"href":"http:\/\/www.paginas-del-diario-de-satan.com\/pdds\/index.php?rest_route=\/wp\/v2\/posts\/5941\/revisions\/5942"}],"wp:attachment":[{"href":"http:\/\/www.paginas-del-diario-de-satan.com\/pdds\/index.php?rest_route=%2Fwp%2Fv2%2Fmedia&parent=5941"}],"wp:term":[{"taxonomy":"category","embeddable":true,"href":"http:\/\/www.paginas-del-diario-de-satan.com\/pdds\/index.php?rest_route=%2Fwp%2Fv2%2Fcategories&post=5941"},{"taxonomy":"post_tag","embeddable":true,"href":"http:\/\/www.paginas-del-diario-de-satan.com\/pdds\/index.php?rest_route=%2Fwp%2Fv2%2Ftags&post=5941"}],"curies":[{"name":"wp","href":"https:\/\/api.w.org\/{rel}","templated":true}]}}