{"id":5950,"date":"2019-08-10T16:43:22","date_gmt":"2019-08-10T16:43:22","guid":{"rendered":"http:\/\/www.paginas-del-diario-de-satan.com\/pdds\/?p=5950"},"modified":"2019-08-10T16:43:22","modified_gmt":"2019-08-10T16:43:22","slug":"festival-de-cine-de-lima-2019-mario-y-los-perros","status":"publish","type":"post","link":"http:\/\/www.paginas-del-diario-de-satan.com\/pdds\/?p=5950","title":{"rendered":"Festival de Cine de Lima 2019: Mario y los perros"},"content":{"rendered":"<p><img alt=\"Imagen relacionada\" src=\"https:\/\/media-cine.entradas.com\/tu6PRfdeI_lZsePdDU_Rf6D0a7Y=\/280x400\/images%2Ffilm%2Fmario-y-los-perros-13587.v2.jpg\" \/><\/p>\n<p>&nbsp;<\/p>\n<p><span style=\"font-family: Calibri;\"><span style=\"font-size: medium;\"><span style=\"color: #000000;\">\u201c<\/span><\/span><\/span><span style=\"font-family: Calibri;\"><span style=\"font-size: medium;\"><span style=\"color: #000000;\">Mario y los perros\u201d no descubre nada nuevo sobre la trayectoria del Vargas Llosa joven, hasta la publicaci\u00f3n de \u201cLa ciudad y los perros\u201d. <\/span><\/span><\/span><\/p>\n<p><span style=\"font-family: Calibri;\"><span style=\"font-size: medium;\"><span style=\"color: #000000;\">Pero si este documental expositivo, de formato televisivo, no pretende originalidad,\u00a0al menos luce muy bien revestido. El material de archivo que vemos durante la primera media hora es realmente bueno, sobre todo los fragmentos documentales peruanos tomados de noticiarios de los a\u00f1os cuarenta y cincuenta, restaurados con pulcritud. Im\u00e1genes de Odr\u00eda y sus ministros, del centro de Lima y Miraflores, de la Universidad de San Marcos, del Parque Universitario conmocionado por enfrentamientos entre estudiantes y la polic\u00eda, entre otras. Son im\u00e1genes breves pero muy valiosas, a las que se agregan algunos planos de \u201cEsta pared no es medianera\u201d, la pel\u00edcula que Fernando de Szyszlo dirigi\u00f3 en 1952, con la colaboraci\u00f3n de Blanca Varela, Jos\u00e9 Malsio, Ricardo Sarria, Emilio Rodr\u00edguez Larra\u00edn, entre otros. Esas inclusiones le dan valor a esta\u00a0pel\u00edcula. \u00a0\u00a0\u00a0<\/span><\/span><\/span><\/p>\n<p><strong>Ricardo Bedoya<\/strong><\/p>\n","protected":false},"excerpt":{"rendered":"<p>&nbsp; \u201cMario y los perros\u201d no descubre nada nuevo sobre la trayectoria del Vargas Llosa joven, hasta la publicaci\u00f3n de \u201cLa ciudad y los perros\u201d. Pero si este documental expositivo, de formato televisivo, no pretende originalidad,\u00a0al menos luce muy bien revestido. El material de archivo que vemos durante la primera media hora es realmente bueno, [&hellip;]<\/p>\n","protected":false},"author":1,"featured_media":0,"comment_status":"open","ping_status":"open","sticky":false,"template":"","format":"standard","meta":[],"categories":[1059,13,24,6],"tags":[],"_links":{"self":[{"href":"http:\/\/www.paginas-del-diario-de-satan.com\/pdds\/index.php?rest_route=\/wp\/v2\/posts\/5950"}],"collection":[{"href":"http:\/\/www.paginas-del-diario-de-satan.com\/pdds\/index.php?rest_route=\/wp\/v2\/posts"}],"about":[{"href":"http:\/\/www.paginas-del-diario-de-satan.com\/pdds\/index.php?rest_route=\/wp\/v2\/types\/post"}],"author":[{"embeddable":true,"href":"http:\/\/www.paginas-del-diario-de-satan.com\/pdds\/index.php?rest_route=\/wp\/v2\/users\/1"}],"replies":[{"embeddable":true,"href":"http:\/\/www.paginas-del-diario-de-satan.com\/pdds\/index.php?rest_route=%2Fwp%2Fv2%2Fcomments&post=5950"}],"version-history":[{"count":1,"href":"http:\/\/www.paginas-del-diario-de-satan.com\/pdds\/index.php?rest_route=\/wp\/v2\/posts\/5950\/revisions"}],"predecessor-version":[{"id":5951,"href":"http:\/\/www.paginas-del-diario-de-satan.com\/pdds\/index.php?rest_route=\/wp\/v2\/posts\/5950\/revisions\/5951"}],"wp:attachment":[{"href":"http:\/\/www.paginas-del-diario-de-satan.com\/pdds\/index.php?rest_route=%2Fwp%2Fv2%2Fmedia&parent=5950"}],"wp:term":[{"taxonomy":"category","embeddable":true,"href":"http:\/\/www.paginas-del-diario-de-satan.com\/pdds\/index.php?rest_route=%2Fwp%2Fv2%2Fcategories&post=5950"},{"taxonomy":"post_tag","embeddable":true,"href":"http:\/\/www.paginas-del-diario-de-satan.com\/pdds\/index.php?rest_route=%2Fwp%2Fv2%2Ftags&post=5950"}],"curies":[{"name":"wp","href":"https:\/\/api.w.org\/{rel}","templated":true}]}}