{"id":6173,"date":"2019-12-20T12:56:46","date_gmt":"2019-12-20T12:56:46","guid":{"rendered":"http:\/\/www.paginas-del-diario-de-satan.com\/pdds\/?p=6173"},"modified":"2019-12-20T12:56:46","modified_gmt":"2019-12-20T12:56:46","slug":"preferidas-de-la-decada-y-de-2019-paola-vela","status":"publish","type":"post","link":"http:\/\/www.paginas-del-diario-de-satan.com\/pdds\/?p=6173","title":{"rendered":"Preferidas de la d\u00e9cada y de 2019: Paola Vela"},"content":{"rendered":"<p><img alt=\"Resultado de imagen para The Halt \u2013 Lav Diaz&quot;\" src=\"https:\/\/encrypted-tbn0.gstatic.com\/images?q=tbn%3AANd9GcQkS5ps5iUVPaBwsJ-j61G1VCs7uz3E2vXMmNjff4aNpYIIJmrk\" \/><\/p>\n<p>&nbsp;<\/p>\n<p><span style=\"color: #000000;\">En el 2019 estuve revisando pel\u00edculas de otros tiempos por ello no he visto muchas producidas \u00faltimamente, pero igual termin\u00e9 viendo varias -como a salto de mata- que fueron apareciendo en mi camino (tambi\u00e9n incluyo algunas del 2018 que reci\u00e9n vi este a\u00f1o):<\/span><\/p>\n<p><b><span style=\"text-decoration: underline;\"><span style=\"color: #000000;\">MEJORES PEL\u00cdCULAS VISTAS 2019 <\/span><\/span><\/b><\/p>\n<p><span style=\"color: #000000;\"><i>Years of Construction <\/i>\u2013 Heinz Emilgholz (vista en la secci\u00f3n Forum de la Berlinale).<\/span><\/p>\n<p><span style=\"color: #000000;\"><i>The Halt<\/i> \u2013 Lav Diaz (vista en la sala Glauber Rocha de la EICTV Cuba, con pocas horas de diferencia a su estreno en la Quincena de Directores Cannes. Esto fue gracias a la generosidad de Lav Diaz, pues estaba llevando un taller con \u00e9l en la Escuela). <strong>En la foto<\/strong>.<\/span><\/p>\n<p><span style=\"color: #000000;\"><i>Retrato de una mujer en llamas<\/i> &#8211; Celine Sciamma (vista en la Semana de Cine de la Universidad de Lima).<\/span><\/p>\n<p><span style=\"color: #000000;\"><i>Longa Noite<\/i> \u2013 Eloy Enciso (vista en el Festival Porto\/Post\/Doc. Porto, Portugal)<\/span><\/p>\n<p><span style=\"color: #000000;\"><i>La lyre \u00e0 jamais illustra le taudis<\/i> &#8211; Yohei Yamakado (vista en el auditorio Ll\u00eddio Pinho de la Escola das Artes Cat\u00f3lica dentro del contexto del Ph.D in Sciences, Technology &amp; Arts. Universidade Catolica Portuguesa. Porto, Portugal).<\/span><\/p>\n<p><span style=\"color: #000000;\"><i>The Souvenir<\/i> &#8211; Joanna Hogg (vista desde una plataforma pirata)<\/span><\/p>\n<p><span style=\"color: #000000;\"><i>Burning<\/i> \u2013 Lee Chang-dong (vista en Netflix)<\/span><\/p>\n<p>&nbsp;<\/p>\n<p><span style=\"color: #000000;\">Y tres vistas en el avi\u00f3n mientras cruzaba el Atl\u00e1ntico:<\/span><\/p>\n<p><span style=\"color: #000000;\"><i>Dolor y Gloria<\/i> \u2013 Pedro Almodovar<\/span><\/p>\n<p><span style=\"color: #000000;\"><i>Once Upon a Time in Hollywood<\/i> &#8211; Quentin Tarantino<\/span><\/p>\n<p><span style=\"color: #000000;\"><i>Border<\/i> &#8211; Ali Abbasi<\/span><\/p>\n<p>&nbsp;<\/p>\n<p><b><span style=\"text-decoration: underline;\"><span style=\"color: #000000;\">PREFERIDA PERUANA 2019<\/span><\/span><\/b><\/p>\n<p>&nbsp;<\/p>\n<p><span style=\"color: #000000;\"><i>Nehem\u00edas <\/i>\u2013 Daniel Jacoby (vista en Transcinema)<\/span><\/p>\n<p>&nbsp;<\/p>\n<p><b><span style=\"text-decoration: underline;\"><span style=\"color: #000000;\">MEJORES DE LA DECADA 2010-2019<\/span><\/span><\/b><\/p>\n<p>&nbsp;<\/p>\n<p><span style=\"color: #000000;\"><i>La vida \u00fatil &#8211; Federico Veiroj <\/i>(2010)<\/span><\/p>\n<p><span style=\"color: #000000;\"><i>Tab\u00fa <\/i>&#8211; Miguel Gomes (2012)<\/span><\/p>\n<p><span style=\"color: #000000;\"><em>Hard<\/em> to Be a <em>God<\/em> &#8211; Aleksei German (2013)<\/span><\/p>\n<p><span style=\"color: #000000;\"><i>Jauja<\/i> &#8211; Lisandro Alonso (2014)<\/span><\/p>\n<p><span style=\"color: #000000;\"><i>No Home Movie<\/i> &#8211; Chantal Akerman (2015)<\/span><\/p>\n<p><span style=\"color: #000000;\"><i>Toni Erdmann<\/i> &#8211; Maren Ade (2016)<\/span><\/p>\n<p><span style=\"color: #000000;\"><i>The Woman who Left<\/i> &#8211; Lav Diaz (2016)<\/span><\/p>\n<p><span style=\"color: #000000;\"><i>Zama<\/i> &#8211; Lucrecia Martel (2017)<\/span><\/p>\n<p><span style=\"color: #000000;\"><i>Lazaro Felice<\/i> &#8211; Alice Rohrwacher (2018)<\/span><\/p>\n<p><span style=\"color: #000000;\"><i>Retrato de una mujer en<\/i> llamas &#8211; \u00a0C\u00e9line Sciamma (2019)<\/span><\/p>\n<p>&nbsp;<\/p>\n<p><b><span style=\"text-decoration: underline;\"><span style=\"color: #000000;\">PREFERIDAS PERUANAS DE LA DECADA 2010-2019<\/span><\/span><\/b><\/p>\n<p><span style=\"color: #000000;\"><i>Connatural <\/i>&#8211; Javier Bellido (2018)<\/span><\/p>\n<p><span style=\"color: #000000;\"><i>Videofilia<\/i> &#8211; Juan Daniel Fernandez Molero (2016)<\/span><\/p>\n<p><span style=\"color: #000000;\"><i>Soga de muerto<\/i> &#8211; Felipe Esparza (2015)<\/span><\/p>\n<p><span style=\"color: #000000; font-family: Calibri;\">\u00a0<\/span><\/p>\n<p><strong>Paola Vela<\/strong><\/p>\n<p><span style=\"color: #000000; font-family: Calibri;\">Paola Vela (Lima, 1973). Artista visual y cineasta. Es egresada de la especialidad de Grabado de la Facultad de Arte de la Pontificia Universidad Cat\u00f3lica del Per\u00fa y Magister en Antropolog\u00eda Visual de la misma universidad.\u00a0 Es directora del mediometraje \u2018Rutinas\u2019. Su obra abarca distintas l\u00edneas de investigaci\u00f3n tales como: habitus, metraje encontrado, imagen en movimiento, etc. Actualmente es doctoranda en el programa de Ciencia, Tecnolog\u00eda y Arte de la Escuela de Arte de la Universidad Cat\u00f3lica Portuguesa (Porto, Portugal). Desde el 2020, estar\u00e1 afiliada a la Facultad de Arte y Dise\u00f1o PUCP como Profesora Asociada a Tiempo Completo.<\/span><\/p>\n","protected":false},"excerpt":{"rendered":"<p>&nbsp; En el 2019 estuve revisando pel\u00edculas de otros tiempos por ello no he visto muchas producidas \u00faltimamente, pero igual termin\u00e9 viendo varias -como a salto de mata- que fueron apareciendo en mi camino (tambi\u00e9n incluyo algunas del 2018 que reci\u00e9n vi este a\u00f1o): MEJORES PEL\u00cdCULAS VISTAS 2019 Years of Construction \u2013 Heinz Emilgholz (vista [&hellip;]<\/p>\n","protected":false},"author":1,"featured_media":0,"comment_status":"open","ping_status":"open","sticky":false,"template":"","format":"standard","meta":[],"categories":[88,1096,1089,1088],"tags":[],"_links":{"self":[{"href":"http:\/\/www.paginas-del-diario-de-satan.com\/pdds\/index.php?rest_route=\/wp\/v2\/posts\/6173"}],"collection":[{"href":"http:\/\/www.paginas-del-diario-de-satan.com\/pdds\/index.php?rest_route=\/wp\/v2\/posts"}],"about":[{"href":"http:\/\/www.paginas-del-diario-de-satan.com\/pdds\/index.php?rest_route=\/wp\/v2\/types\/post"}],"author":[{"embeddable":true,"href":"http:\/\/www.paginas-del-diario-de-satan.com\/pdds\/index.php?rest_route=\/wp\/v2\/users\/1"}],"replies":[{"embeddable":true,"href":"http:\/\/www.paginas-del-diario-de-satan.com\/pdds\/index.php?rest_route=%2Fwp%2Fv2%2Fcomments&post=6173"}],"version-history":[{"count":2,"href":"http:\/\/www.paginas-del-diario-de-satan.com\/pdds\/index.php?rest_route=\/wp\/v2\/posts\/6173\/revisions"}],"predecessor-version":[{"id":6180,"href":"http:\/\/www.paginas-del-diario-de-satan.com\/pdds\/index.php?rest_route=\/wp\/v2\/posts\/6173\/revisions\/6180"}],"wp:attachment":[{"href":"http:\/\/www.paginas-del-diario-de-satan.com\/pdds\/index.php?rest_route=%2Fwp%2Fv2%2Fmedia&parent=6173"}],"wp:term":[{"taxonomy":"category","embeddable":true,"href":"http:\/\/www.paginas-del-diario-de-satan.com\/pdds\/index.php?rest_route=%2Fwp%2Fv2%2Fcategories&post=6173"},{"taxonomy":"post_tag","embeddable":true,"href":"http:\/\/www.paginas-del-diario-de-satan.com\/pdds\/index.php?rest_route=%2Fwp%2Fv2%2Ftags&post=6173"}],"curies":[{"name":"wp","href":"https:\/\/api.w.org\/{rel}","templated":true}]}}