{"id":6232,"date":"2019-12-26T12:44:32","date_gmt":"2019-12-26T12:44:32","guid":{"rendered":"http:\/\/www.paginas-del-diario-de-satan.com\/pdds\/?p=6232"},"modified":"2019-12-26T20:30:19","modified_gmt":"2019-12-26T20:30:19","slug":"preferidas-de-la-decada-y-de-2019-ricardo-bedoya","status":"publish","type":"post","link":"http:\/\/www.paginas-del-diario-de-satan.com\/pdds\/?p=6232","title":{"rendered":"Preferidas de la d\u00e9cada y de 2019: Ricardo Bedoya"},"content":{"rendered":"<p><img alt=\"Resultado de imagen para el otro d\u00eda aguero&quot;\" src=\"https:\/\/encrypted-tbn0.gstatic.com\/images?q=tbn%3AANd9GcQn-SWMhvJxeFvmHizI7O8Inp-nBSYbFE9XVyAgWiHorNpS1eyy\" \/><\/p>\n<p>&nbsp;<\/p>\n<p><strong>Preferidas de 2019<\/strong><\/p>\n<p>&nbsp;<\/p>\n<p><strong>La mafia al atardecer<\/strong><\/p>\n<p>La mula,\u00a0de Clint Eastwood (estrenada)<\/p>\n<p>El irland\u00e9s, de Martin Scorsese (estrenada)<\/p>\n<p>Il traditore, de Marco Bellocchio<\/p>\n<p>&nbsp;<\/p>\n<p><strong><em>\u201c\u2026 el espejo que ponemos en el camino<\/em>\u201d: Historia e intimidad<\/strong><\/p>\n<p>Un elefante sentado quieto, de Hu Bo (exhibida)<\/p>\n<p>Mes provinciales, de Jean-Paul Civeyrac (exhibida)<\/p>\n<p>Hasta siempre, hijo m\u00edo, de Wang Xiaoshuai \u00a0(exhibida)<\/p>\n<p>&nbsp;<\/p>\n<p><strong>Extranjeros en cualquier lugar: exilios y desarraigos<\/strong><\/p>\n<p>La noche de las nerds (Booksmart), de Olivia Wilde (estrenada)<\/p>\n<p>It Must Be Heaven, de Elia Suleiman (exhibida)<\/p>\n<p>La luz del fin del mundo (Light of My Life), de Casey Affleck (estrenada)<\/p>\n<p>Diane, de Kent Jones (exhibida)<\/p>\n<p>Jeanne, de Bruno Dumont (exhibida)<\/p>\n<p>Vitalina Varela, de Pedro Costa (exhibida)<\/p>\n<p>Martin Eden, de Pietro Marcello (exhibida)<\/p>\n<p>&nbsp;<\/p>\n<p><strong>Relatos y memorias al calor de las llamas<\/strong><\/p>\n<p>Retrato de la mujer en llamas, de C\u00e9line Sciamma (exhibida)<\/p>\n<p>O que arde, de Oliver Laxe<\/p>\n<p>Longa noite, de Eloy Enciso (exhibida)<\/p>\n<p>Siete a\u00f1os en mayo, de Affonso Uchoa (exhibida)<\/p>\n<p>&nbsp;<\/p>\n<p><strong>Los viajes a ninguna parte: derivas y narraciones que se bifurcan<\/strong><\/p>\n<p>Tantas almas, de Nicol\u00e1s Rinc\u00f3n Gille<\/p>\n<p>La flor, de Mariano Llin\u00e1s (exhibida)<\/p>\n<p>El camino so\u00f1ado, de Angela Schanelec (exhibida)<\/p>\n<p>&nbsp;<\/p>\n<p><strong>Tiempos de desencanto: en el decepcionante ahora<\/strong><\/p>\n<p>Un h\u00e9roe singular (Petit Paysan) Hubert Charuel (exhibida)<\/p>\n<p>Alice y el alcalde, de Nicolas Pariser (exhibida)<\/p>\n<p>Los son\u00e1mbulos, de Paula Hern\u00e1ndez (exhibida)<\/p>\n<p>Roubaix: una luz, de Arnaud Desplechin (exhibida)<\/p>\n<p>Historia de un matrimonio, de Noah Baumbach (estrenada)<\/p>\n<p>&nbsp;<\/p>\n<p><strong>Frente al espejo: intimidades reveladas, retratos y autorretratos<\/strong><\/p>\n<p>Varda par Agn\u00e8s, de Agn\u00e8s Varda (exhibida)<\/p>\n<p>Dolor y gloria, de Pedro Almod\u00f3var (estrenada)<\/p>\n<p>Las buenas intenciones, Ana Garc\u00eda Blaya (exhibida)<\/p>\n<p>El hotel cerca del r\u00edo, de Hong Sang-soo (exhibida)<\/p>\n<p>&nbsp;<\/p>\n<p><strong>La fuerza de los g\u00e9neros: giros y apropiaciones<\/strong><\/p>\n<p>La Gomera, de \u00a0Corneliu Porumboiu (exhibida)<\/p>\n<p>El culpable (Den Skyldige), de Gustav M\u00f6ller (estrenada)<\/p>\n<p>Ad Astra, de James Gray (estrenada)<\/p>\n<p>Contra lo imposible (Ford v Ferrari), de James Mangold (estrenada)<\/p>\n<p>Zombie Child, de Bertrand Bonello<\/p>\n<p>&nbsp;<\/p>\n<p><strong>Peruanas de 2019<\/strong><\/p>\n<p>En medio del laberinto, de Salom\u00f3n P\u00e9rez<\/p>\n<p>Los helechos, de Antol\u00edn Prieto<\/p>\n<p>Norte, de Fabrizio Aguilar<\/p>\n<p>Casos complejos, de Omar Forero<\/p>\n<p>Retablo, de \u00c1lvaro Delgado-Aparicio<\/p>\n<p>&nbsp;<\/p>\n<p>Nota: <a href=\"https:\/\/limaenescena.pe\/ricardo-bedoya-lo-que-requieren-los-cineastas-de-todo-el-pais-es-formacion\/\">Aqu\u00ed pueden leer una conversaci\u00f3n<\/a>\u00a0que mantuve con Rosana L\u00f3pez-Cubas para <em>Lima en escena. <\/em>Es un peque\u00f1o balance\u00a0de lo que dej\u00f3 2019 para el cine peruano.<em>\u00a0<\/em><\/p>\n<p>&nbsp;<\/p>\n<p><span style=\"color: #000000; font-family: Calibri; font-size: medium;\"><strong>30 preferidas de la d\u00e9cada<\/strong> <\/span><\/p>\n<p><span style=\"color: #000000; font-family: Calibri; font-size: medium;\">El extra\u00f1o caso de Ang\u00e9lica &#8211; O Estranho Caso de Ang\u00e9lica (Manoel de Oliveira, 2010)<\/span><\/p>\n<p><span style=\"color: #000000; font-family: Calibri; font-size: medium;\">Copie conforme (Abbas Kiarostami, 2010)<\/span><\/p>\n<p><span style=\"color: #000000; font-family: Calibri; font-size: medium;\">Mist\u00e9rios de Lisboa (Ra\u00fal Ruiz, 2010)<\/span><\/p>\n<p><span style=\"color: #000000; font-family: Calibri; font-size: medium;\">Film Socialisme (Jean-Luc Godard, 2010)<\/span><\/p>\n<p><span style=\"color: #000000; font-family: Calibri; font-size: medium;\">As can\u00e7\u00f5es (Eduardo Coutinho, 2011)<\/span><\/p>\n<p><span style=\"color: #000000; font-family: Calibri; font-size: medium;\">El profundo mar azul &#8211; The Deep Blue Sea (Terence Davies, 2011)<\/span><\/p>\n<p><span style=\"color: #000000; font-family: Calibri; font-size: medium;\">Un m\u00e9todo peligroso &#8211; A Dangerous Method\u00a0 (David Cronenberg, 2011)<\/span><\/p>\n<p><span style=\"color: #000000; font-family: Calibri; font-size: medium;\">Sangue do meu sangue (Joao Canijo, 2011)<\/span><\/p>\n<p><span style=\"color: #000000; font-family: Calibri; font-size: medium;\">Vous n\u2019avez encore rien vu (Alain Resnais, 2012)<\/span><\/p>\n<p><span style=\"color: #000000; font-family: Calibri; font-size: medium;\">O Gebo e a sombra (Manoel de Oliveira, 2012)<\/span><\/p>\n<p><span style=\"color: #000000; font-family: Calibri; font-size: medium;\">A \u00faltima vez que vi Macau (Jo\u00e3o Pedro Rodrigues y Jo\u00e3o Rui Guerra da Mata, 2012)<\/span><\/p>\n<p><span style=\"color: #000000; font-family: Calibri; font-size: medium;\">El otro d\u00eda (Ignacio Ag\u00fcero, 2012) <strong>En la foto<\/strong><\/span><\/p>\n<p><span style=\"color: #000000; font-family: Calibri; font-size: medium;\">Tabu (Miguel Gomes, 2012)<\/span><\/p>\n<p><span style=\"color: #000000; font-family: Calibri; font-size: medium;\">Cavalo Dinheiro (Pedro Costa, 2014)<\/span><\/p>\n<p><span style=\"color: #000000; font-family: Calibri; font-size: medium;\">Phoenix (Christian Petzold, 2014)<\/span><\/p>\n<p><span style=\"color: #000000; font-family: Calibri; font-size: medium;\">Nuits blanches sur la jet\u00e9e (Paul Vecchiali, 2014)<\/span><\/p>\n<p><span style=\"color: #000000; font-family: Calibri; font-size: medium;\">El corral y el viento (Miguel Hilari, 2014)<\/span><\/p>\n<p><span style=\"color: #000000; font-family: Calibri; font-size: medium;\">L\u2019ombre des femmes (Philippe Garrel, 2015)<\/span><\/p>\n<p><span style=\"color: #000000; font-family: Calibri; font-size: medium;\">La asesina &#8211; Ci ke Nie Yin Niang (Hou Hsiao-hsien, 2015)<\/span><\/p>\n<p><span style=\"color: #000000; font-family: Calibri; font-size: medium;\">Right Now, Wrong Then &#8211; Ji-geum-eun-mat-go-geu-ddae-neun-teul-li-da (Hong Sang-soo, 2015)<\/span><\/p>\n<p><span style=\"color: #000000; font-family: Calibri; font-size: medium;\">Cementerio de esplendor- Rak ti Khon Kaen (Apichatpong Weerasethakul, 2015)<\/span><\/p>\n<p><span style=\"color: #000000; font-family: Calibri; font-size: medium;\">El auge del humano (Eduardo Williams, 2016)<\/span><\/p>\n<p><span style=\"color: #000000; font-family: Calibri; font-size: medium;\">Z, la ciudad perdida &#8211; The Lost City of Z (James Gray, 2016)<\/span><\/p>\n<p><span style=\"color: #000000; font-family: Calibri; font-size: medium;\">En la playa sola de noche &#8211; Bamui haebyun-eoseo honja (Hong Sang-soo, 2016)<\/span><\/p>\n<p><span style=\"color: #000000; font-family: Calibri; font-size: medium;\">Le fils de Joseph (Eug\u00e8ne Green, 2016)<\/span><\/p>\n<p><span style=\"color: #000000; font-family: Calibri; font-size: medium;\">Un beau soleil int\u00e9rieur (Claire Denis, 2017)<\/span><\/p>\n<p><span style=\"color: #000000; font-family: Calibri; font-size: medium;\">El hilo fantasma &#8211; Phantom Thread (Paul Thomas Anderson, 2017)<\/span><\/p>\n<p><span style=\"color: #000000; font-family: Calibri; font-size: medium;\">The Post, los oscuros secretos del Pent\u00e1gono (Steven Spielberg, 2017)<\/span><\/p>\n<p><span style=\"color: #000000; font-family: Calibri; font-size: medium;\">Le Livre d\u2019image (Jean-Luc Godard, 2018)<\/span><\/p>\n<p><span style=\"color: #000000; font-family: Calibri; font-size: medium;\">El laberinto (Laura Huertas Mill\u00e1n, 2018)<\/span><\/p>\n<p><span style=\"color: #000000; font-family: Calibri; font-size: medium;\">\u00a0<\/span><\/p>\n<p><strong><span style=\"color: #000000; font-family: Calibri; font-size: medium;\">Peruanas<\/span><\/strong><\/p>\n<p><span style=\"color: #000000; font-family: Calibri; font-size: medium;\">Para\u00edso (H\u00e9ctor G\u00e1lvez, 2010)<\/span><\/p>\n<p><span style=\"color: #000000; font-family: Calibri; font-size: medium;\">Rosa (Dalmer Quintana, 2010)<\/span><\/p>\n<p><span style=\"color: #000000; font-family: Calibri; font-size: medium;\">Raccaya-Umasi (Vicente Cueto, 2011)<\/span><\/p>\n<p><span style=\"color: #000000; font-family: Calibri; font-size: medium;\">El mudo (Daniel y Diego Vega, 2013)<\/span><\/p>\n<p><span style=\"color: #000000; font-family: Calibri; font-size: medium;\">Mecanismo velador (Diego Vizcarra, 2014)<\/span><\/p>\n<p><span style=\"color: #000000; font-family: Calibri; font-size: medium;\">Rosa Chumbe (Jonatan Relayze, 2015) <\/span><\/p>\n<p><span style=\"color: #000000; font-family: Calibri; font-size: medium;\">Vac\u00edo\/a (Carmen Rojas Gamarra, 2016)<\/span><\/p>\n<p><span style=\"color: #000000; font-family: Calibri; font-size: medium;\">Wi\u00f1aypacha (\u00d3scar Catacora, 2017)<\/span><\/p>\n<p><span style=\"color: #000000; font-family: Calibri; font-size: medium;\">Leche para dos, de Diego Bedoya (2018)<\/span><\/p>\n<p><span style=\"color: #000000; font-family: Calibri; font-size: medium;\">\u00a0<\/span><\/p>\n<p><strong><span style=\"color: #000000; font-family: Calibri; font-size: medium;\">Ricardo Bedoya<\/span><\/strong><\/p>\n<p>&nbsp;<\/p>\n","protected":false},"excerpt":{"rendered":"<p>&nbsp; Preferidas de 2019 &nbsp; La mafia al atardecer La mula,\u00a0de Clint Eastwood (estrenada) El irland\u00e9s, de Martin Scorsese (estrenada) Il traditore, de Marco Bellocchio &nbsp; \u201c\u2026 el espejo que ponemos en el camino\u201d: Historia e intimidad Un elefante sentado quieto, de Hu Bo (exhibida) Mes provinciales, de Jean-Paul Civeyrac (exhibida) Hasta siempre, hijo m\u00edo, [&hellip;]<\/p>\n","protected":false},"author":1,"featured_media":0,"comment_status":"open","ping_status":"open","sticky":false,"template":"","format":"standard","meta":[],"categories":[88,1089,1088,847],"tags":[],"_links":{"self":[{"href":"http:\/\/www.paginas-del-diario-de-satan.com\/pdds\/index.php?rest_route=\/wp\/v2\/posts\/6232"}],"collection":[{"href":"http:\/\/www.paginas-del-diario-de-satan.com\/pdds\/index.php?rest_route=\/wp\/v2\/posts"}],"about":[{"href":"http:\/\/www.paginas-del-diario-de-satan.com\/pdds\/index.php?rest_route=\/wp\/v2\/types\/post"}],"author":[{"embeddable":true,"href":"http:\/\/www.paginas-del-diario-de-satan.com\/pdds\/index.php?rest_route=\/wp\/v2\/users\/1"}],"replies":[{"embeddable":true,"href":"http:\/\/www.paginas-del-diario-de-satan.com\/pdds\/index.php?rest_route=%2Fwp%2Fv2%2Fcomments&post=6232"}],"version-history":[{"count":9,"href":"http:\/\/www.paginas-del-diario-de-satan.com\/pdds\/index.php?rest_route=\/wp\/v2\/posts\/6232\/revisions"}],"predecessor-version":[{"id":6243,"href":"http:\/\/www.paginas-del-diario-de-satan.com\/pdds\/index.php?rest_route=\/wp\/v2\/posts\/6232\/revisions\/6243"}],"wp:attachment":[{"href":"http:\/\/www.paginas-del-diario-de-satan.com\/pdds\/index.php?rest_route=%2Fwp%2Fv2%2Fmedia&parent=6232"}],"wp:term":[{"taxonomy":"category","embeddable":true,"href":"http:\/\/www.paginas-del-diario-de-satan.com\/pdds\/index.php?rest_route=%2Fwp%2Fv2%2Fcategories&post=6232"},{"taxonomy":"post_tag","embeddable":true,"href":"http:\/\/www.paginas-del-diario-de-satan.com\/pdds\/index.php?rest_route=%2Fwp%2Fv2%2Ftags&post=6232"}],"curies":[{"name":"wp","href":"https:\/\/api.w.org\/{rel}","templated":true}]}}