{"id":86,"date":"2013-04-28T21:11:06","date_gmt":"2013-04-28T21:11:06","guid":{"rendered":"http:\/\/www.paginasdeldiariodesatan.com\/pdds\/?p=86"},"modified":"2013-05-21T02:05:12","modified_gmt":"2013-05-21T02:05:12","slug":"bafici-2013","status":"publish","type":"post","link":"http:\/\/www.paginas-del-diario-de-satan.com\/pdds\/?p=86","title":{"rendered":"BAFICI 2013"},"content":{"rendered":"<p>&nbsp;<\/p>\n<p><img loading=\"lazy\" id=\"il_fi\" alt=\"\" src=\"http:\/\/micropsia.otroscines.com\/wp-content\/uploads\/2012\/12\/berberian-Poster-BSS.jpeg\" width=\"444\" height=\"333\" \/><\/p>\n<p>El BAFICI (Buenos Aires Festival Internacional de Cine Independiente) estren\u00f3 este a\u00f1o nueva casa. Se traslad\u00f3 de las salas del Centro Comercial Abasto a las del Village Recoleta, salas de multicines que no suelen exhibir las pel\u00edculas que muestra el BAFICI, pero que son las \u00fanicas que ofrecen la posibilidad de reunir en un espacio \u00fanico diez o doce pantallas de exhibici\u00f3n.<\/p>\n<p>M\u00e1s all\u00e1 del debate sobre la sede del Festival en una zona exclusiva de Buenos Aires, se puede decir que en esta ocasi\u00f3n se sinti\u00f3 mucho menos, o no se sinti\u00f3, la tensi\u00f3n en las salas del complejo Hoyts del Abasto entre los responsables del Festival (y muchos asistentes al mismo) y los funcionarios y empleados de las salas.<\/p>\n<p>\u00a0De cualquier modo, y aunque esto no tenga soluci\u00f3n a corto plazo, no puede soslayarse la contradicci\u00f3n entre la raz\u00f3n de ser de un festival como el BAFICI (rescatar y dar a conocer el cine independiente y\/o marginal que se hace en el mundo) y la naturaleza de las salas dedicadas mayormente a la difusi\u00f3n del material del mainstream f\u00edlmico.<\/p>\n<p>Dejando de lado esa contradicci\u00f3n, el saldo que ofrece la edici\u00f3n n\u00famero quince del Festival es ampliamente satisfactorio, pese a que, al menos en las competencias, y sobre todo en la internacional, el nivel promedio de los films estuvo ligeramente por debajo de a\u00f1os anteriores.<\/p>\n<p>No es, necesariamente, una falencia de los programadores, sino que puede derivar de factores aleatorios, pues los niveles de calidad f\u00edlmica no son estables como los de los productos industriales (que tampoco lo son del todo, pero al menos tienen otros rangos de uso y aplicaciones) y hay a\u00f1os en que se pueden advertir \u201colas creativas\u201d m\u00e1s acusadas que en otros.<\/p>\n<p>Por otra parte, la enorme cantidad de festivales con secciones competitivas (aunque no siempre de car\u00e1cter exclusivo) hace cada vez m\u00e1s dif\u00edcil la elecci\u00f3n de t\u00edtulos que prefieren apuntar a festivales con mayores pergaminos y con mercados de comercializaci\u00f3n mejor implementados.<\/p>\n<p>La nueva direcci\u00f3n a cargo de Marcelo Panozzo, sin alterar el car\u00e1cter especializado del festival, hizo algunas modificaciones, reduciendo el volumen de secciones con pocos t\u00edtulos y aument\u00f3 la cantidad de pel\u00edculas en la secci\u00f3n Panorama (t\u00edtulos premiados en otros festivales o de especial inter\u00e9s) y reforz\u00f3 las retrospectivas, este a\u00f1o dedicadas al brasile\u00f1o Julio Bressane, al coreno Hong Sangsoo y al argentino Adolfo Aristarain.<\/p>\n<p>Entre las pel\u00edculas de la competencia oficial que gan\u00f3 la brit\u00e1nica &#8220;Berberian Sound Studio&#8221;, de Peter Strickland, ninguna, en mi opini\u00f3n, sobresali\u00f3 n\u00edtidamente, pero yo destacar\u00eda por encima de la favorecida, varias otras: la chilena &#8220;Yo soy mejor que vos&#8221;, de Che Sandoval, las norteamericanas &#8220;Exit Elena&#8221;, de Nathan Silver, y &#8220;I used to\u00a0 be dark&#8221;, de Matt Porterfield, la francesa &#8220;Ma belle gosse&#8221;, de Shalimar Preuss, la japonesa &#8220;El pueblo de las ballenas&#8221;, de Keijo Tsuruoka y la italiana &#8220;Su Re&#8221;, de Giovanni Columbu.<\/p>\n<p>\u00a0<img loading=\"lazy\" id=\"il_fi\" alt=\"\" src=\"http:\/\/www.telam.com.ar\/advf\/imagenes\/2013\/04\/516b27554dfa1_800x533.jpg\" width=\"444\" height=\"295\" \/><\/p>\n<p>En la competencia argentina, tanto &#8220;La Paz&#8221;, de Santiago Loza, como &#8220;P3nd3jo5&#8221; (&#8220;Pendejos&#8221;,\u00a0foto de arriba), de Ra\u00fal Perrone, fueron no s\u00f3lo las premiadas, sino las de mayor inter\u00e9s y val\u00eda. &#8220;La Paz&#8221;, con seguridad, se ver\u00e1 en el Festival de Lima y la cinta de Perrone, muy radical en una propuesta expresiva que desborda los l\u00edmites de lo narrativo (un poco a la manera de la m\u00fasica serial), puede ser presentado en alg\u00fan otro de los festivales locales.<\/p>\n<p>Ser\u00e1 materia de otro texto reflexionar sobre el sentido de los festivales en un contexto cada vez m\u00e1s condicionado por las pol\u00edticas que imponen las grandes compa\u00f1\u00edas y las multisalas por un lado, y la diversidad de formas de reproducir las pel\u00edculas en el espacio casero, por otro. Sin embargo, no cabe duda de que un festival como el BAFICI (y muchos otros, aunque no todos) sigue siendo una forma de resistencia contra la hegemon\u00eda cultural de las transnacionales del cine y un modo de llamar la atenci\u00f3n sobre obras y autores que podr\u00edan pasar inadvertidos.<\/p>\n<p>\u00a0<strong>Isaac Le\u00f3n Fr\u00edas<\/strong><\/p>\n<p>&nbsp;<\/p>\n","protected":false},"excerpt":{"rendered":"<p>&nbsp; El BAFICI (Buenos Aires Festival Internacional de Cine Independiente) estren\u00f3 este a\u00f1o nueva casa. Se traslad\u00f3 de las salas del Centro Comercial Abasto a las del Village Recoleta, salas de multicines que no suelen exhibir las pel\u00edculas que muestra el BAFICI, pero que son las \u00fanicas que ofrecen la posibilidad de reunir en un [&hellip;]<\/p>\n","protected":false},"author":1,"featured_media":0,"comment_status":"open","ping_status":"open","sticky":false,"template":"","format":"standard","meta":[],"categories":[6],"tags":[],"_links":{"self":[{"href":"http:\/\/www.paginas-del-diario-de-satan.com\/pdds\/index.php?rest_route=\/wp\/v2\/posts\/86"}],"collection":[{"href":"http:\/\/www.paginas-del-diario-de-satan.com\/pdds\/index.php?rest_route=\/wp\/v2\/posts"}],"about":[{"href":"http:\/\/www.paginas-del-diario-de-satan.com\/pdds\/index.php?rest_route=\/wp\/v2\/types\/post"}],"author":[{"embeddable":true,"href":"http:\/\/www.paginas-del-diario-de-satan.com\/pdds\/index.php?rest_route=\/wp\/v2\/users\/1"}],"replies":[{"embeddable":true,"href":"http:\/\/www.paginas-del-diario-de-satan.com\/pdds\/index.php?rest_route=%2Fwp%2Fv2%2Fcomments&post=86"}],"version-history":[{"count":3,"href":"http:\/\/www.paginas-del-diario-de-satan.com\/pdds\/index.php?rest_route=\/wp\/v2\/posts\/86\/revisions"}],"predecessor-version":[{"id":123,"href":"http:\/\/www.paginas-del-diario-de-satan.com\/pdds\/index.php?rest_route=\/wp\/v2\/posts\/86\/revisions\/123"}],"wp:attachment":[{"href":"http:\/\/www.paginas-del-diario-de-satan.com\/pdds\/index.php?rest_route=%2Fwp%2Fv2%2Fmedia&parent=86"}],"wp:term":[{"taxonomy":"category","embeddable":true,"href":"http:\/\/www.paginas-del-diario-de-satan.com\/pdds\/index.php?rest_route=%2Fwp%2Fv2%2Fcategories&post=86"},{"taxonomy":"post_tag","embeddable":true,"href":"http:\/\/www.paginas-del-diario-de-satan.com\/pdds\/index.php?rest_route=%2Fwp%2Fv2%2Ftags&post=86"}],"curies":[{"name":"wp","href":"https:\/\/api.w.org\/{rel}","templated":true}]}}