{"id":874,"date":"2014-08-02T23:54:05","date_gmt":"2014-08-02T23:54:05","guid":{"rendered":"http:\/\/www.paginasdeldiariodesatan.com\/pdds\/?p=874"},"modified":"2014-08-02T23:55:44","modified_gmt":"2014-08-02T23:55:44","slug":"festival-de-lima-mas-peliculas-atractivas","status":"publish","type":"post","link":"http:\/\/www.paginas-del-diario-de-satan.com\/pdds\/?p=874","title":{"rendered":"Festival de Lima: m\u00e1s pel\u00edculas atractivas"},"content":{"rendered":"<p><strong>Aqu\u00ed van\u00a0m\u00e1s rese\u00f1as de algunas pel\u00edculas atractivas que se pasar\u00e1n en el Festival de Lima.\u00a0\u00a0<\/strong><\/p>\n<p><img alt=\"\" src=\"http:\/\/ftv01.stbm.it\/imgbank\/GALLERYXL\/R201404\/pi_buio_di_mezzanotte_poster.jpg\" \/><\/p>\n<p>&#8220;Pi\u00f9 buio di mezzanotte&#8221;, de Sebastiano Riso, forma parte de la muestra de\u00a0pel\u00edculas\u00a0de la Semana de la cr\u00edtica del Festival de Cannes. Cuenta la historia de un adolescente de figura andr\u00f3gina que decide encontrar su identidad sexual en las calles de Catania.\u00a0Lo mejor de la pel\u00edcula es la larga deriva urbana que registra. El personaje se une a un grupo de travestidos y\u00a0personajes marginales y emprende un viaje al centro de la noche. La iluminaci\u00f3n hiperrealista y la c\u00e1mara que\u00a0 sigue a los personajes en largos tr\u00e1velin\u00a0dan cuenta, con acentos documentales, de un submundo que se impone por su fuerza vital. Menos interesantes resultan las tensas relaciones del muchacho con el padre que le busca imponer el modo &#8220;correcto&#8221; de ejercer su virilidad.<\/p>\n<p><img alt=\"\" src=\"http:\/\/www.cinemaldito.com\/wp-content\/uploads\/2013\/11\/The-Reunion.jpg\" \/><\/p>\n<p>&#8220;Reuni\u00f3n&#8221;, de la sueca Ann Odell, se ubica en las fronteras del documental y la ficci\u00f3n. Mejor, de la ficci\u00f3n documentalizada.<\/p>\n<p>La pel\u00edcula tiene dos tiempos. En el primero, la propia Odell pone en escena, con actores, la\u00a0reuni\u00f3n de ex alumnos de la\u00a0escuela\u00a0a la que asisti\u00f3. Es un reencuentro luego de veinte a\u00f1os de haber salido de ella.\u00a0 En medio del festejo, Odell hace las veces de invitada inc\u00f3moda record\u00e1ndole a sus compa\u00f1eros\u00a0el &#8220;bullying&#8221; a la que la sometieron en los a\u00f1os escolares. En el segundo tiempo, la cineasta confronta a sus &#8220;aut\u00e9nticos&#8221; compa\u00f1eros con la &#8220;ficci\u00f3n&#8221; que realiz\u00f3.<\/p>\n<p>&#8220;Reuni\u00f3n&#8221; juega con la impresi\u00f3n de realidad que provocan las grabaciones. Lo que parece ficci\u00f3n, bien podr\u00eda ser una recreaci\u00f3n hecha con los verdaderos compa\u00f1eros de Odell actuando un sicodrama, mientras que aquellos que fungen ser los ex alumnos\u00a0tiene el desempe\u00f1o de verdaderos actores. \u00bfQu\u00e9 tan cierto es todo? \u00bfCu\u00e1nto hay de performance? \u00bfQu\u00e9 podemos aceptar como documental y qu\u00e9 no? Son las preguntas que suscita esta pel\u00edcula.<\/p>\n<p><img loading=\"lazy\" alt=\"\" src=\"http:\/\/www.pagina12.com.ar\/fotos\/espectaculos\/20140216\/notas_e\/na31fo01.jpg\" width=\"341\" height=\"412\" \/><\/p>\n<p>&#8220;Ciencias naturales&#8221;, de Mat\u00edas Lucchesi, programada en la secci\u00f3n competitiva, es otra buena pel\u00edcula realizada en C\u00f3rdoba. Y otra historia\u00a0m\u00e1s de aprendizaje en el camino, sobre la carretera. Una formidable actuaci\u00f3n de Paula Hertzog (foto) es el centro de gravedad de la pel\u00edcula. Ella interpreta a una joven que quiere conocer a su padre, ese personaje esquivo del que su\u00a0madre no quiere hablar. En compa\u00f1\u00eda de una profesora parte en un viaje de descubrimiento. Se le revela un paisaje rural, un medio seco y \u00e1spero, conductas que no esperaba encontrar, hombres que evocan su pasado, y la complicidad con su acompa\u00f1ante.\u00a0M\u00e1s que eso,\u00a0encuentra su identidad y construye su biograf\u00eda.<\/p>\n<p>Lucchesi filma con l\u00edmpido clasicismo y consigue un potente efecto. Es uno de los t\u00edtulos que\u00a0no se deben perder.<\/p>\n<p>&nbsp;<\/p>\n<p><strong>Ricardo Bedoya<\/strong><\/p>\n","protected":false},"excerpt":{"rendered":"<p>Aqu\u00ed van\u00a0m\u00e1s rese\u00f1as de algunas pel\u00edculas atractivas que se pasar\u00e1n en el Festival de Lima.\u00a0\u00a0 &#8220;Pi\u00f9 buio di mezzanotte&#8221;, de Sebastiano Riso, forma parte de la muestra de\u00a0pel\u00edculas\u00a0de la Semana de la cr\u00edtica del Festival de Cannes. Cuenta la historia de un adolescente de figura andr\u00f3gina que decide encontrar su identidad sexual en las calles [&hellip;]<\/p>\n","protected":false},"author":1,"featured_media":0,"comment_status":"open","ping_status":"open","sticky":false,"template":"","format":"standard","meta":[],"categories":[105,85,101,14,39,71,102,8,103,24,6,104,106],"tags":[],"_links":{"self":[{"href":"http:\/\/www.paginas-del-diario-de-satan.com\/pdds\/index.php?rest_route=\/wp\/v2\/posts\/874"}],"collection":[{"href":"http:\/\/www.paginas-del-diario-de-satan.com\/pdds\/index.php?rest_route=\/wp\/v2\/posts"}],"about":[{"href":"http:\/\/www.paginas-del-diario-de-satan.com\/pdds\/index.php?rest_route=\/wp\/v2\/types\/post"}],"author":[{"embeddable":true,"href":"http:\/\/www.paginas-del-diario-de-satan.com\/pdds\/index.php?rest_route=\/wp\/v2\/users\/1"}],"replies":[{"embeddable":true,"href":"http:\/\/www.paginas-del-diario-de-satan.com\/pdds\/index.php?rest_route=%2Fwp%2Fv2%2Fcomments&post=874"}],"version-history":[{"count":4,"href":"http:\/\/www.paginas-del-diario-de-satan.com\/pdds\/index.php?rest_route=\/wp\/v2\/posts\/874\/revisions"}],"predecessor-version":[{"id":878,"href":"http:\/\/www.paginas-del-diario-de-satan.com\/pdds\/index.php?rest_route=\/wp\/v2\/posts\/874\/revisions\/878"}],"wp:attachment":[{"href":"http:\/\/www.paginas-del-diario-de-satan.com\/pdds\/index.php?rest_route=%2Fwp%2Fv2%2Fmedia&parent=874"}],"wp:term":[{"taxonomy":"category","embeddable":true,"href":"http:\/\/www.paginas-del-diario-de-satan.com\/pdds\/index.php?rest_route=%2Fwp%2Fv2%2Fcategories&post=874"},{"taxonomy":"post_tag","embeddable":true,"href":"http:\/\/www.paginas-del-diario-de-satan.com\/pdds\/index.php?rest_route=%2Fwp%2Fv2%2Ftags&post=874"}],"curies":[{"name":"wp","href":"https:\/\/api.w.org\/{rel}","templated":true}]}}