{"id":884,"date":"2014-08-05T13:52:22","date_gmt":"2014-08-05T13:52:22","guid":{"rendered":"http:\/\/www.paginasdeldiariodesatan.com\/pdds\/?p=884"},"modified":"2014-08-07T22:46:02","modified_gmt":"2014-08-07T22:46:02","slug":"manuel-martinez-carril-una-entrega-total-a-la-cinemateca","status":"publish","type":"post","link":"http:\/\/www.paginas-del-diario-de-satan.com\/pdds\/?p=884","title":{"rendered":"Manuel Mart\u00ednez Carril: una entrega total a la Cinemateca"},"content":{"rendered":"<p><img alt=\"\" src=\"http:\/\/img.espectador.com\/fotos\/noticia\/297105\/658\/297105_20140803115332_martinez.jpg\" \/><\/p>\n<p>&nbsp;<\/p>\n<p>Si hay un nombre que hizo de su vida una entrega sin condiciones al trabajo de una cinemateca, ese es el de Manuel Mart\u00ednez Carril, que acaba de fallecer en Montevideo a las 76 a\u00f1os. Mart\u00ednez Carril se inici\u00f3 muy joven como cr\u00edtico y miembro del Cine Club del Uruguay, uno de los dos m\u00e1s conspicuos cineclubes y no s\u00f3lo de Montevideo (el otro fue Cine Universitario del Uruguay), pues en ning\u00fan pa\u00eds sudamericano (salvo el cine club Gente de Cine, de menor duraci\u00f3n, y el cine club N\u00facleo, ambos de Buenos Aires), estas asociaciones tuvieron el prestigio y la permanencia que alcanzaron en Uruguay. Hasta que Mart\u00ednez Carril pas\u00f3 a conducir la Cinemateca Uruguaya, que ya ten\u00eda 20 a\u00f1os de vida, en los a\u00f1os 70 y la potenci\u00f3 de tal modo que, con sus varias salas de programaci\u00f3n diaria, su archivo f\u00edlmico, sus publicaciones y otras actividades, provoc\u00f3 la extinci\u00f3n de los otrora poderosos cine clubes.<\/p>\n<p>Cinemateca Uruguaya fue una asociaci\u00f3n privada a la que Mart\u00ednez se dedic\u00f3 por completo haciendo una labor de hombre orquesta que no se conoce en ninguna otra parte del mundo. No es que fuera el \u00fanico, pues hubo un buen equipo en las diferentes instancias de la instituci\u00f3n, pero \u00e9l, adem\u00e1s de activar la gesti\u00f3n, era la cabeza de la programaci\u00f3n, redactaba notas y comentarios de pel\u00edculas, le\u00eda subt\u00edtulos de pel\u00edculas silentes, compon\u00eda equipos de proyecci\u00f3n e incluso atornillaba butacas. Es decir, ni el mism\u00edsimo Henri Langlois, el fact\u00f3tum de la Cinemateca Francesa lleg\u00f3 a tanto, aunque se le conoce \u201cexcesos\u201d como llenar de latas de pel\u00edcula la ba\u00f1era de su casa, cosa que no hubiera hecho Manuel. Hay una pel\u00edcula de su compatriota Federico Veiroj, <i>La vida \u00fatil<\/i>, en la que Mart\u00ednez hace de s\u00ed mismo y en la que se le puede ver, ya en una etapa de declinaci\u00f3n a causa de su salud, en las m\u00faltiples funciones que conjug\u00f3 en su entrega a la Cinemateca.<\/p>\n<p>El aporte que hizo a la cultura cinematogr\u00e1fica fue sin duda enorme y Mart\u00ednez Carril es cronol\u00f3gicamente, despu\u00e9s del cr\u00edtico Homero Alsina Thevenet, la figura m\u00e1s valiosa de la cultura f\u00edlmica en su pa\u00eds. Pero fue, adem\u00e1s, un hombre que, sin buscar protagonismos ni cargos en asociaciones internacionales, como la Coordinadora Latinoamericana de Archivos de Im\u00e1genes en Movimiento (CLAIM), contribuy\u00f3 como nadie a promover el acercamiento y la uni\u00f3n entre todos los archivos y cinematecas de Am\u00e9rica Latina y apoy\u00f3 como pocos iniciativas y proyectos aqu\u00ed y all\u00e1 sin esperar reconocimientos.<\/p>\n<p>Como ha ocurrido con tantos otros dedicados al trabajo intelectual (y no s\u00f3lo intelectual, claro) la salud le pas\u00f3 factura. Ya desde hace algunos a\u00f1os su coraz\u00f3n estaba afectado\u00a0 por la adicci\u00f3n al tabaco y al caf\u00e9. Fumaba tres paquetes al d\u00eda y beb\u00eda al menos un litro de caf\u00e9. Yo no recuerdo haberlo visto nunca, en los cuarenta a\u00f1os y pico que lo conoc\u00eda, sin pasar de un cigarrillo a otro casi de inmediato.\u00a0 Pero, bueno, cada quien es due\u00f1o de sus adicciones y ellas no impidieron, sino que acompa\u00f1aron (aunque min\u00e1ndolo lentamente) la generosa, tenaz e indesmayable actividad de Manolo que, a\u00fan fuera de la conducci\u00f3n de la Cinemateca Uruguaya en los \u00faltimos a\u00f1os, segu\u00eda ligado a ella y bregaba por la recuperaci\u00f3n del material f\u00edlmico y la difusi\u00f3n no comercial del cine.<\/p>\n<p>\u00a1Cu\u00e1ntos Mart\u00ednez Carril nos har\u00edan falta en la regi\u00f3n para potenciar el alcance de las cinematecas y de la cultura cinematogr\u00e1fica!<\/p>\n<p><strong>Isaac Le\u00f3n\u00a0 Fr\u00edas<\/strong><\/p>\n<p>&nbsp;<\/p>\n<p>&nbsp;<\/p>\n","protected":false},"excerpt":{"rendered":"<p>&nbsp; Si hay un nombre que hizo de su vida una entrega sin condiciones al trabajo de una cinemateca, ese es el de Manuel Mart\u00ednez Carril, que acaba de fallecer en Montevideo a las 76 a\u00f1os. Mart\u00ednez Carril se inici\u00f3 muy joven como cr\u00edtico y miembro del Cine Club del Uruguay, uno de los dos [&hellip;]<\/p>\n","protected":false},"author":1,"featured_media":0,"comment_status":"open","ping_status":"open","sticky":false,"template":"","format":"standard","meta":[],"categories":[53,109,110],"tags":[],"_links":{"self":[{"href":"http:\/\/www.paginas-del-diario-de-satan.com\/pdds\/index.php?rest_route=\/wp\/v2\/posts\/884"}],"collection":[{"href":"http:\/\/www.paginas-del-diario-de-satan.com\/pdds\/index.php?rest_route=\/wp\/v2\/posts"}],"about":[{"href":"http:\/\/www.paginas-del-diario-de-satan.com\/pdds\/index.php?rest_route=\/wp\/v2\/types\/post"}],"author":[{"embeddable":true,"href":"http:\/\/www.paginas-del-diario-de-satan.com\/pdds\/index.php?rest_route=\/wp\/v2\/users\/1"}],"replies":[{"embeddable":true,"href":"http:\/\/www.paginas-del-diario-de-satan.com\/pdds\/index.php?rest_route=%2Fwp%2Fv2%2Fcomments&post=884"}],"version-history":[{"count":3,"href":"http:\/\/www.paginas-del-diario-de-satan.com\/pdds\/index.php?rest_route=\/wp\/v2\/posts\/884\/revisions"}],"predecessor-version":[{"id":890,"href":"http:\/\/www.paginas-del-diario-de-satan.com\/pdds\/index.php?rest_route=\/wp\/v2\/posts\/884\/revisions\/890"}],"wp:attachment":[{"href":"http:\/\/www.paginas-del-diario-de-satan.com\/pdds\/index.php?rest_route=%2Fwp%2Fv2%2Fmedia&parent=884"}],"wp:term":[{"taxonomy":"category","embeddable":true,"href":"http:\/\/www.paginas-del-diario-de-satan.com\/pdds\/index.php?rest_route=%2Fwp%2Fv2%2Fcategories&post=884"},{"taxonomy":"post_tag","embeddable":true,"href":"http:\/\/www.paginas-del-diario-de-satan.com\/pdds\/index.php?rest_route=%2Fwp%2Fv2%2Ftags&post=884"}],"curies":[{"name":"wp","href":"https:\/\/api.w.org\/{rel}","templated":true}]}}