{"id":2307,"date":"2016-01-06T12:40:10","date_gmt":"2016-01-06T12:40:10","guid":{"rendered":"http:\/\/www.paginasdeldiariodesatan.com\/pdds\/?p=2307"},"modified":"2016-01-06T12:49:43","modified_gmt":"2016-01-06T12:49:43","slug":"2307","status":"publish","type":"post","link":"https:\/\/www.paginas-del-diario-de-satan.com\/pdds\/?p=2307","title":{"rendered":"Sobre el post de ayer"},"content":{"rendered":"<p>Pido\u00a0disculpas por el post de ayer, que son\u00f3 a exabrupto.<\/p>\n<p>El blog est\u00e1 abierto a que se discuta de todo, pero la lecci\u00f3n aprendida es importante. Los debates deben basarse sobre asuntos\u00a0definidos\u00a0y bien expuestos. Nada de referencias oscuras ni alusiones\u00a0veladas. O generalizaciones abusivas.<\/p>\n<p><span style=\"color: #000000; font-family: Calibri; font-size: medium;\">Una opini\u00f3n sobre el asunto que, se dice ahora, fue el origen\u00a0del debate.\u00a0Por supuesto que hay que\u00a0combatir\u00a0la infiltraci\u00f3n de las empresas distribuidoras\u00a0en la cr\u00edtica de cine. <\/span><\/p>\n<p><span style=\"color: #000000; font-family: Calibri; font-size: medium;\">No es un dem\u00e9rito ser publicista de una empresa distribuidora, pero es inadmisible que teniendo esa condici\u00f3n alguien pretenda pasar como cr\u00edtico.\u00a0 <a href=\"http:\/\/www.paginasdeldiariodesatan.com\/pdds\/?p=1432\">Ya lo dijimos antes<\/a>,\u00a0sobre el caso Al Pacine.\u00a0 <\/span><\/p>\n<p><span style=\"color: #000000; font-family: Calibri; font-size: medium;\">APRECI,\u00a0si a\u00fan existe, debe sentar su posici\u00f3n sobre este asunto, pero yendo m\u00e1s all\u00e1 del caso individual: le toca se\u00f1alar\u00a0las\u00a0incompatibilidades entre la\u00a0<\/span><span style=\"color: #000000; font-family: Calibri; font-size: medium;\">cr\u00edtica y la\u00a0promoci\u00f3n\u00a0publicitaria.\u00a0<\/span><\/p>\n<p><strong>Ricardo Bedoya<\/strong><\/p>\n<p>&nbsp;<\/p>\n<p>&nbsp;<\/p>\n","protected":false},"excerpt":{"rendered":"<p>Pido\u00a0disculpas por el post de ayer, que son\u00f3 a exabrupto. El blog est\u00e1 abierto a que se discuta de todo, pero la lecci\u00f3n aprendida es importante. Los debates deben basarse sobre asuntos\u00a0definidos\u00a0y bien expuestos. Nada de referencias oscuras ni alusiones\u00a0veladas. O generalizaciones abusivas. Una opini\u00f3n sobre el asunto que, se dice ahora, fue el origen\u00a0del [&hellip;]<\/p>\n","protected":false},"author":1,"featured_media":0,"comment_status":"open","ping_status":"open","sticky":false,"template":"","format":"standard","meta":[],"categories":[38],"tags":[],"_links":{"self":[{"href":"https:\/\/www.paginas-del-diario-de-satan.com\/pdds\/index.php?rest_route=\/wp\/v2\/posts\/2307"}],"collection":[{"href":"https:\/\/www.paginas-del-diario-de-satan.com\/pdds\/index.php?rest_route=\/wp\/v2\/posts"}],"about":[{"href":"https:\/\/www.paginas-del-diario-de-satan.com\/pdds\/index.php?rest_route=\/wp\/v2\/types\/post"}],"author":[{"embeddable":true,"href":"https:\/\/www.paginas-del-diario-de-satan.com\/pdds\/index.php?rest_route=\/wp\/v2\/users\/1"}],"replies":[{"embeddable":true,"href":"https:\/\/www.paginas-del-diario-de-satan.com\/pdds\/index.php?rest_route=%2Fwp%2Fv2%2Fcomments&post=2307"}],"version-history":[{"count":3,"href":"https:\/\/www.paginas-del-diario-de-satan.com\/pdds\/index.php?rest_route=\/wp\/v2\/posts\/2307\/revisions"}],"predecessor-version":[{"id":2309,"href":"https:\/\/www.paginas-del-diario-de-satan.com\/pdds\/index.php?rest_route=\/wp\/v2\/posts\/2307\/revisions\/2309"}],"wp:attachment":[{"href":"https:\/\/www.paginas-del-diario-de-satan.com\/pdds\/index.php?rest_route=%2Fwp%2Fv2%2Fmedia&parent=2307"}],"wp:term":[{"taxonomy":"category","embeddable":true,"href":"https:\/\/www.paginas-del-diario-de-satan.com\/pdds\/index.php?rest_route=%2Fwp%2Fv2%2Fcategories&post=2307"},{"taxonomy":"post_tag","embeddable":true,"href":"https:\/\/www.paginas-del-diario-de-satan.com\/pdds\/index.php?rest_route=%2Fwp%2Fv2%2Ftags&post=2307"}],"curies":[{"name":"wp","href":"https:\/\/api.w.org\/{rel}","templated":true}]}}