{"id":2311,"date":"2016-01-07T13:08:37","date_gmt":"2016-01-07T13:08:37","guid":{"rendered":"http:\/\/www.paginasdeldiariodesatan.com\/pdds\/?p=2311"},"modified":"2016-01-07T13:08:37","modified_gmt":"2016-01-07T13:08:37","slug":"reflexiones-sobre-el-fracaso-de-un-debate-un-panorama-pantanoso","status":"publish","type":"post","link":"https:\/\/www.paginas-del-diario-de-satan.com\/pdds\/?p=2311","title":{"rendered":"Reflexiones sobre el fracaso de un debate: un panorama pantanoso"},"content":{"rendered":"<p><span style=\"color: #000000; font-family: Cambria; font-size: medium;\">Aunque Ricardo ha cerrado el debate que inici\u00e9 hace poco en el a\u00f1o nuevo, no quiero dejar de hacer algunas reflexiones sin \u00e1nimo de estar prendiendo peque\u00f1os fuegos que han quedado encendidos, aunque es inevitable, seguramente, que lo haga. M\u00f3nica Delgado ha dicho que este ha sido un debate inflado y Fernando V\u00edlchez mencion\u00f3 un debate fallido. Estoy de acuerdo y asumo mi responsabilidad al haberlo planteado. Pero, \u00bfpor qu\u00e9 se origin\u00f3?\u00a0 Por una suma de actitudes, expresiones y frases provenientes, sobre todo de M\u00f3nica y de John Campos G\u00f3mez.<\/span><\/p>\n<p><span style=\"color: #000000; font-family: Cambria; font-size: medium;\">No voy a teorizar aqu\u00ed sobre la inflaci\u00f3n del ego nuestro de cada d\u00eda que han tra\u00eddo consigo\u00a0 Twitter,\u00a0Facebook,\u00a0blogs y otras redes y dispositivos, <\/span><span style=\"color: #000000; font-family: Cambria; font-size: medium;\">pero en el caso puntual de John y de M\u00f3nica asistimos a una lamentable sobreexposici\u00f3n, especialmente a trav\u00e9s del Twitter, con frases sueltas, indirectas, alusiones veladas, bromas m\u00e1s bien pesadas, etc. Y, en el caso concreto del \u2018debate fallido\u2019, las alusiones de M\u00f3nica en el blog de John sin un destinatario claro han creado un tremendo malentendido. No es posible hacer una referencia lapidaria a la \u201ccr\u00edtica caduca\u201d as\u00ed en general. Una afirmaci\u00f3n de ese tipo debe ser clara: nombres y apellidos. Y lo mismo vale para el penoso texto que ha escrito Carlos Renter\u00eda, otra vez en el blog de Campos G\u00f3mez, comparando a los cr\u00edticos con perros.<\/span><\/p>\n<p><span style=\"color: #000000; font-family: Cambria; font-size: medium;\">Que se deje de usar met\u00e1foras zool\u00f3gicas, frases efectistas, generalizaciones, <\/span><span style=\"color: #000000; font-family: Cambria; font-size: medium;\">que se deje la media voz que cuestionaba Gonz\u00e1lez Prada. Claridad en la exposici\u00f3n y en el destinatario. Eso no excluye la broma y el humor, pero no el humor agraviante.<\/span><\/p>\n<p><span style=\"color: #000000; font-family: Cambria; font-size: medium;\">\u00a0<\/span><span style=\"color: #000000; font-family: Cambria; font-size: medium;\">Han tenido que pasar varios d\u00edas para que me entere de que lo que yac\u00eda en el origen de esas generalidades dichas por M\u00f3nica, y ahora lo que est\u00e1 en el insidioso texto de Renter\u00eda. Ellos, por lo visto, hacen referencia a esa seudocr\u00edtica <\/span><span style=\"color: #000000; font-family: Cambria; font-size: medium;\">(en el mejor de los casos) y a ese periodismo\u00a0atado a las grandes compa\u00f1\u00edas. Dir\u00e1n que ya lo han dicho antes, pero tal como vuelven a escribir sobre ese asunto parece que involucraran a todo el mundo, y M\u00f3nica no tiene la <\/span><span style=\"color: #000000; font-family: Cambria; font-size: medium;\">rapidez de reflejos para aclarar el asunto. Si el texto de Renter\u00eda le parece gracioso, estamos entonces ante un frente que le hace un flaco favor al cuestionamiento de esas operaciones publicitarias que supuestamente persiguen.<\/span><\/p>\n<p><span style=\"font-family: Cambria;\"><span style=\"font-size: medium;\"><span style=\"color: #000000;\">Por cierto, hay que ser muy firmes en se\u00f1alar y desenmascarar, cuando sea necesario, el aprovechamiento de los espacios period\u00edsticos en medios impresos e inform\u00e1ticos para\u00a0 prop\u00f3sitos de publicidad encubierta. Y aqu\u00ed, una vez m\u00e1s, hay que preguntar: \u00bfexiste la APRECI o vive en estado de letargo? \u00a0Algo dijo, casi un como un saludo a la bandera, cuando se denunci\u00f3 el caso de Al Pacine y luego nada de nada.\u00a0\u00a0\u00a0<\/span><\/span><\/span><\/p>\n<p><span style=\"color: #000000; font-family: Cambria; font-size: medium;\">\u00a0<\/span><span style=\"color: #000000; font-family: Cambria; font-size: medium;\">El panorama es realmente deplorable por un lado y por otro y la dificultad de plantear temas tan serios como de las posiciones frente a la cartelera y a la programaci\u00f3n alternativa, el estado actual del cine peruano o el involucramiento de publicistas en la cr\u00edtica, no puede tratarse por la interferencia de generalizaciones, eufemismos, supuestas bromas, <\/span><span style=\"color: #000000; font-family: Cambria; font-size: medium;\">peque\u00f1as rencillas, etc. Una vez m\u00e1s, fracasa la posibilidad de comprensi\u00f3n de asuntos que nos competen a todos los que estamos interesados en la marcha del cine peruano, de la funci\u00f3n cr\u00edtica y de la ampliaci\u00f3n de los espacios de exhibici\u00f3n cinematogr\u00e1fica.<\/span><\/p>\n<p><strong><span style=\"color: #000000; font-family: Cambria; font-size: medium;\">Isaac Le\u00f3n Fr\u00edas<\/span><\/strong><\/p>\n","protected":false},"excerpt":{"rendered":"<p>Aunque Ricardo ha cerrado el debate que inici\u00e9 hace poco en el a\u00f1o nuevo, no quiero dejar de hacer algunas reflexiones sin \u00e1nimo de estar prendiendo peque\u00f1os fuegos que han quedado encendidos, aunque es inevitable, seguramente, que lo haga. M\u00f3nica Delgado ha dicho que este ha sido un debate inflado y Fernando V\u00edlchez mencion\u00f3 un [&hellip;]<\/p>\n","protected":false},"author":1,"featured_media":0,"comment_status":"open","ping_status":"open","sticky":false,"template":"","format":"standard","meta":[],"categories":[38],"tags":[],"_links":{"self":[{"href":"https:\/\/www.paginas-del-diario-de-satan.com\/pdds\/index.php?rest_route=\/wp\/v2\/posts\/2311"}],"collection":[{"href":"https:\/\/www.paginas-del-diario-de-satan.com\/pdds\/index.php?rest_route=\/wp\/v2\/posts"}],"about":[{"href":"https:\/\/www.paginas-del-diario-de-satan.com\/pdds\/index.php?rest_route=\/wp\/v2\/types\/post"}],"author":[{"embeddable":true,"href":"https:\/\/www.paginas-del-diario-de-satan.com\/pdds\/index.php?rest_route=\/wp\/v2\/users\/1"}],"replies":[{"embeddable":true,"href":"https:\/\/www.paginas-del-diario-de-satan.com\/pdds\/index.php?rest_route=%2Fwp%2Fv2%2Fcomments&post=2311"}],"version-history":[{"count":2,"href":"https:\/\/www.paginas-del-diario-de-satan.com\/pdds\/index.php?rest_route=\/wp\/v2\/posts\/2311\/revisions"}],"predecessor-version":[{"id":2317,"href":"https:\/\/www.paginas-del-diario-de-satan.com\/pdds\/index.php?rest_route=\/wp\/v2\/posts\/2311\/revisions\/2317"}],"wp:attachment":[{"href":"https:\/\/www.paginas-del-diario-de-satan.com\/pdds\/index.php?rest_route=%2Fwp%2Fv2%2Fmedia&parent=2311"}],"wp:term":[{"taxonomy":"category","embeddable":true,"href":"https:\/\/www.paginas-del-diario-de-satan.com\/pdds\/index.php?rest_route=%2Fwp%2Fv2%2Fcategories&post=2311"},{"taxonomy":"post_tag","embeddable":true,"href":"https:\/\/www.paginas-del-diario-de-satan.com\/pdds\/index.php?rest_route=%2Fwp%2Fv2%2Ftags&post=2311"}],"curies":[{"name":"wp","href":"https:\/\/api.w.org\/{rel}","templated":true}]}}