{"id":2870,"date":"2016-05-28T00:05:14","date_gmt":"2016-05-28T00:05:14","guid":{"rendered":"http:\/\/www.paginasdeldiariodesatan.com\/pdds\/?p=2870"},"modified":"2016-05-28T00:05:14","modified_gmt":"2016-05-28T00:05:14","slug":"al-este-de-lima-la-montana-magica","status":"publish","type":"post","link":"https:\/\/www.paginas-del-diario-de-satan.com\/pdds\/?p=2870","title":{"rendered":"Al este de Lima: La monta\u00f1a m\u00e1gica"},"content":{"rendered":"<p><a href=\"http:\/\/www.alestedelima.com\/\">Empieza el Festival Al este de Lima<\/a> en una magn\u00edfica edici\u00f3n.<\/p>\n<p>Empezamos a comentar las pel\u00edculas programadas\u00a0con &#8220;La monta\u00f1a m\u00e1gica&#8221;, que es de las\u00a0indispensables de la competencia. Esta coproducci\u00f3n entre Rumania, Polonia y Francia, est\u00e1 dirigida por Anca Damian que recurre a muchas t\u00e9cnicas e animaci\u00f3n par narrar la biograf\u00eda de Adam Jacek Winker. Exiliado, pintor, monta\u00f1ista,\u00a0hombre comprometido con las luchas pol\u00edticas, militante antisovi\u00e9tico y, sobre todo, aventurero, Winker es el protagonista de esta historia de supervivencia. Mejor, de esta lecci\u00f3n sobre c\u00f3mo sobrevivir en las circunstancias m\u00e1s riesgosas y en los tiempos m\u00e1s terribles.<\/p>\n<p>De Polonia a Francia, y de ah\u00ed a Afganist\u00e1n, a luchar contra los\u00a0invasores sovi\u00e9ticos. La historia es dura, pero est\u00e1 narrada con una entonaci\u00f3n c\u00e1lida, a la vez entra\u00f1able e ingenua, con el estilo del padre que\u00a0mitifica su pasado para admiraci\u00f3n de una hija que lo escucha y lo celebra.\u00a0El material de archivo (fotos, pel\u00edculas) es intervenido con los recursos de la animaci\u00f3n:\u00a0colores sobreimpresos, texturas como de acuarela, cadenas de monta\u00f1as de papier-mach\u00e9, t\u00e9cnicas de tachado y veladuras sobre las im\u00e1genes, trazos de carboncillo, collage, entre otros. Esas\u00a0son las materias primas de este cuento de pasi\u00f3n y furia que recorre la iconograf\u00eda\u00a0esencial del cine para apoderarse\u00a0de\u00a0algunas de sus im\u00e1genes: las del &#8220;Acorazado Potemkin&#8221;, &#8220;El tercer hombre&#8221; o &#8220;Cenizas y diamantes&#8221;, que se transforman en graf\u00edas artesanales y en iconos emblem\u00e1ticos\u00a0de resistencia y lucha contra el poder.<\/p>\n<p>Im\u00e1genes que forman parte del repertorio de un teatr\u00edn artesanal o de\u00a0un retablo. Sobre el\u00a0escenario se representan las batallas del\u00a0siglo XX: las del &#8220;socialismo real&#8221;, la resistencia contra el imperialismo sovi\u00e9tico, la formaci\u00f3n de los nacionalismos, y la radicalizaci\u00f3n isl\u00e1mica. El corolario:\u00a0el 11 de setiembre de 2001.<\/p>\n<p>&nbsp;<\/p>\n<p><strong>Ricardo Bedoya<\/strong><\/p>\n<p>&nbsp;<\/p>\n","protected":false},"excerpt":{"rendered":"<p>Empieza el Festival Al este de Lima en una magn\u00edfica edici\u00f3n. Empezamos a comentar las pel\u00edculas programadas\u00a0con &#8220;La monta\u00f1a m\u00e1gica&#8221;, que es de las\u00a0indispensables de la competencia. Esta coproducci\u00f3n entre Rumania, Polonia y Francia, est\u00e1 dirigida por Anca Damian que recurre a muchas t\u00e9cnicas e animaci\u00f3n par narrar la biograf\u00eda de Adam Jacek Winker. Exiliado, [&hellip;]<\/p>\n","protected":false},"author":1,"featured_media":2871,"comment_status":"open","ping_status":"open","sticky":false,"template":"","format":"standard","meta":[],"categories":[287,559,17,560,495,9,6],"tags":[],"_links":{"self":[{"href":"https:\/\/www.paginas-del-diario-de-satan.com\/pdds\/index.php?rest_route=\/wp\/v2\/posts\/2870"}],"collection":[{"href":"https:\/\/www.paginas-del-diario-de-satan.com\/pdds\/index.php?rest_route=\/wp\/v2\/posts"}],"about":[{"href":"https:\/\/www.paginas-del-diario-de-satan.com\/pdds\/index.php?rest_route=\/wp\/v2\/types\/post"}],"author":[{"embeddable":true,"href":"https:\/\/www.paginas-del-diario-de-satan.com\/pdds\/index.php?rest_route=\/wp\/v2\/users\/1"}],"replies":[{"embeddable":true,"href":"https:\/\/www.paginas-del-diario-de-satan.com\/pdds\/index.php?rest_route=%2Fwp%2Fv2%2Fcomments&post=2870"}],"version-history":[{"count":1,"href":"https:\/\/www.paginas-del-diario-de-satan.com\/pdds\/index.php?rest_route=\/wp\/v2\/posts\/2870\/revisions"}],"predecessor-version":[{"id":2872,"href":"https:\/\/www.paginas-del-diario-de-satan.com\/pdds\/index.php?rest_route=\/wp\/v2\/posts\/2870\/revisions\/2872"}],"wp:featuredmedia":[{"embeddable":true,"href":"https:\/\/www.paginas-del-diario-de-satan.com\/pdds\/index.php?rest_route=\/wp\/v2\/media\/2871"}],"wp:attachment":[{"href":"https:\/\/www.paginas-del-diario-de-satan.com\/pdds\/index.php?rest_route=%2Fwp%2Fv2%2Fmedia&parent=2870"}],"wp:term":[{"taxonomy":"category","embeddable":true,"href":"https:\/\/www.paginas-del-diario-de-satan.com\/pdds\/index.php?rest_route=%2Fwp%2Fv2%2Fcategories&post=2870"},{"taxonomy":"post_tag","embeddable":true,"href":"https:\/\/www.paginas-del-diario-de-satan.com\/pdds\/index.php?rest_route=%2Fwp%2Fv2%2Ftags&post=2870"}],"curies":[{"name":"wp","href":"https:\/\/api.w.org\/{rel}","templated":true}]}}