{"id":3200,"date":"2016-08-18T15:24:44","date_gmt":"2016-08-18T15:24:44","guid":{"rendered":"http:\/\/www.paginasdeldiariodesatan.com\/pdds\/?p=3200"},"modified":"2016-08-18T15:24:44","modified_gmt":"2016-08-18T15:24:44","slug":"festival-de-cine-de-lima-los-problemas-de-cineplanet","status":"publish","type":"post","link":"https:\/\/www.paginas-del-diario-de-satan.com\/pdds\/?p=3200","title":{"rendered":"Festival de cine de Lima: los problemas de Cineplanet"},"content":{"rendered":"<p><strong>Alberto Castro env\u00eda esta carta sobre el Festival de Lima y las carencias de Cineplanet.<\/strong><\/p>\n<p>Hola Ricardo,<\/p>\n<p>Le\u00ed tu balance sobre el festival, un resumen bastante preciso.<\/p>\n<p>Pero creo que falt\u00f3 apuntar algo m\u00e1s en lo negativo: la calidad de las proyecciones en la cadena Cineplanet. Las im\u00e1genes lavadas, poco luminosas, con manchas blancas; con un p\u00e9simo y hueco sonido, sin consistencia.<\/p>\n<p>Gracias a Cineplanet hemos visto la mitad (o menos) de &#8220;Epitafio&#8221;, ya que se pierde su complejidad visual y sonora en tan desastrosas proyecciones. Solo por mencionar un ejemplo.<\/p>\n<p>La cadena Cineplanet (en realidad, todas las cadenas en algunas salas, pero Cineplanet en forma sistem\u00e1tica) proyecta mal sus pel\u00edculas comerciales siempre y a la gente parece poco importarle. Pero el festival deber\u00eda cersiorarse de que sus proyecciones reciban un trato adecuado. Es m\u00e1s, es hora que piensen en quebrar de una vez esa alianza tan da\u00f1ina y que busquen una cadena o espacios a los que les importen m\u00e1s las pel\u00edculas.<\/p>\n<p>Hay mucho que decir del tema (en la semana del festival me quej\u00e9 con gerentes de dos locales y recib\u00ed indignantes respuestas) y sent\u00ed la necesidad de coment\u00e1rtelo.<\/p>\n<p>Un abrazo.<\/p>\n<p><strong>Alberto Castro<\/strong><\/p>\n","protected":false},"excerpt":{"rendered":"<p>Alberto Castro env\u00eda esta carta sobre el Festival de Lima y las carencias de Cineplanet. Hola Ricardo, Le\u00ed tu balance sobre el festival, un resumen bastante preciso. Pero creo que falt\u00f3 apuntar algo m\u00e1s en lo negativo: la calidad de las proyecciones en la cadena Cineplanet. Las im\u00e1genes lavadas, poco luminosas, con manchas blancas; con [&hellip;]<\/p>\n","protected":false},"author":1,"featured_media":0,"comment_status":"open","ping_status":"open","sticky":false,"template":"","format":"standard","meta":[],"categories":[24,6],"tags":[],"_links":{"self":[{"href":"https:\/\/www.paginas-del-diario-de-satan.com\/pdds\/index.php?rest_route=\/wp\/v2\/posts\/3200"}],"collection":[{"href":"https:\/\/www.paginas-del-diario-de-satan.com\/pdds\/index.php?rest_route=\/wp\/v2\/posts"}],"about":[{"href":"https:\/\/www.paginas-del-diario-de-satan.com\/pdds\/index.php?rest_route=\/wp\/v2\/types\/post"}],"author":[{"embeddable":true,"href":"https:\/\/www.paginas-del-diario-de-satan.com\/pdds\/index.php?rest_route=\/wp\/v2\/users\/1"}],"replies":[{"embeddable":true,"href":"https:\/\/www.paginas-del-diario-de-satan.com\/pdds\/index.php?rest_route=%2Fwp%2Fv2%2Fcomments&post=3200"}],"version-history":[{"count":1,"href":"https:\/\/www.paginas-del-diario-de-satan.com\/pdds\/index.php?rest_route=\/wp\/v2\/posts\/3200\/revisions"}],"predecessor-version":[{"id":3201,"href":"https:\/\/www.paginas-del-diario-de-satan.com\/pdds\/index.php?rest_route=\/wp\/v2\/posts\/3200\/revisions\/3201"}],"wp:attachment":[{"href":"https:\/\/www.paginas-del-diario-de-satan.com\/pdds\/index.php?rest_route=%2Fwp%2Fv2%2Fmedia&parent=3200"}],"wp:term":[{"taxonomy":"category","embeddable":true,"href":"https:\/\/www.paginas-del-diario-de-satan.com\/pdds\/index.php?rest_route=%2Fwp%2Fv2%2Fcategories&post=3200"},{"taxonomy":"post_tag","embeddable":true,"href":"https:\/\/www.paginas-del-diario-de-satan.com\/pdds\/index.php?rest_route=%2Fwp%2Fv2%2Ftags&post=3200"}],"curies":[{"name":"wp","href":"https:\/\/api.w.org\/{rel}","templated":true}]}}