{"id":4288,"date":"2017-08-05T16:51:19","date_gmt":"2017-08-05T16:51:19","guid":{"rendered":"http:\/\/www.paginasdeldiariodesatan.com\/pdds\/?p=4288"},"modified":"2017-08-05T16:53:09","modified_gmt":"2017-08-05T16:53:09","slug":"festival-de-lima-2017-gabriel-y-la-montana","status":"publish","type":"post","link":"https:\/\/www.paginas-del-diario-de-satan.com\/pdds\/?p=4288","title":{"rendered":"Festival de Lima 2017: Gabriel y la monta\u00f1a, por Enrique Silva Orrego"},"content":{"rendered":"<p>Una de las pel\u00edculas m\u00e1s destacadas del Festival de Lima es la brasile\u00f1a &#8220;Gabriel y la monta\u00f1a&#8221;.<\/p>\n<p>Se trata del segundo largometraje de ficci\u00f3n de Fellipe Gamarano Barbosa, coproducido con Francia, basado en hechos reales ocurridos en 2009. Narra la cr\u00f3nica de un viaje hacia la muerte. La reconstrucci\u00f3n del largo periplo efectuado por Gabriel (Joao Pedro Zappa) a trav\u00e9s de territorio africano, dividido en cuatro cap\u00edtulos correspondientes a los lugares que recorri\u00f3: Kenia, Tanzania, Zambia y Malawi.<\/p>\n<p>Al inicio el realizador revela el deceso de Gabriel tras extraviarse en una monta\u00f1a de dif\u00edcil acceso. Luego se concentra en el desarrollo de la aventura de exploraci\u00f3n y aprendizaje que este emprendi\u00f3 con el entusiasmo de un so\u00f1ador, sin ning\u00fan af\u00e1n tur\u00edstico. Un encuentro con la naturaleza despojado de todo efectismo, un diario de viaje en el que prevalece la interacci\u00f3n del protagonista con diversa gente, entre gu\u00edas y lugare\u00f1os. Que descubre, igualmente, que la relaci\u00f3n con su novia (Caroline Abras), quien se une a \u00e9l en Tanzania y lo acompa\u00f1a hasta Zambia, importa tanto como la propia experiencia del conocimiento.<\/p>\n<p>El estilo semi documental se impone en los momentos que Gabriel dialoga con los africanos, se nutre de su cultura, abraza su amistad. Asimismo, en el registro del paisaje como una fuerte presencia fisica. La incorporaci\u00f3n de testimonios reconstruidos de varias personas con quienes mantuvo contacto durante el extenso recorrido contribuye a completar el perfil de la narraci\u00f3n. Hay una cierta sensaci\u00f3n de alargamiento al llegar al episodio final, de pretender abarcar m\u00e1s de lo necesario. Sin embargo, el desenlace en la agreste geograf\u00eda de la elevada monta\u00f1a lo justifica.<\/p>\n<div dir=\"auto\"><strong>Enrique Silva Orrego<\/strong><\/div>\n","protected":false},"excerpt":{"rendered":"<p>Una de las pel\u00edculas m\u00e1s destacadas del Festival de Lima es la brasile\u00f1a &#8220;Gabriel y la monta\u00f1a&#8221;. Se trata del segundo largometraje de ficci\u00f3n de Fellipe Gamarano Barbosa, coproducido con Francia, basado en hechos reales ocurridos en 2009. Narra la cr\u00f3nica de un viaje hacia la muerte. La reconstrucci\u00f3n del largo periplo efectuado por Gabriel [&hellip;]<\/p>\n","protected":false},"author":1,"featured_media":4289,"comment_status":"open","ping_status":"open","sticky":false,"template":"","format":"standard","meta":[],"categories":[27,786,24,6],"tags":[],"_links":{"self":[{"href":"https:\/\/www.paginas-del-diario-de-satan.com\/pdds\/index.php?rest_route=\/wp\/v2\/posts\/4288"}],"collection":[{"href":"https:\/\/www.paginas-del-diario-de-satan.com\/pdds\/index.php?rest_route=\/wp\/v2\/posts"}],"about":[{"href":"https:\/\/www.paginas-del-diario-de-satan.com\/pdds\/index.php?rest_route=\/wp\/v2\/types\/post"}],"author":[{"embeddable":true,"href":"https:\/\/www.paginas-del-diario-de-satan.com\/pdds\/index.php?rest_route=\/wp\/v2\/users\/1"}],"replies":[{"embeddable":true,"href":"https:\/\/www.paginas-del-diario-de-satan.com\/pdds\/index.php?rest_route=%2Fwp%2Fv2%2Fcomments&post=4288"}],"version-history":[{"count":3,"href":"https:\/\/www.paginas-del-diario-de-satan.com\/pdds\/index.php?rest_route=\/wp\/v2\/posts\/4288\/revisions"}],"predecessor-version":[{"id":4291,"href":"https:\/\/www.paginas-del-diario-de-satan.com\/pdds\/index.php?rest_route=\/wp\/v2\/posts\/4288\/revisions\/4291"}],"wp:featuredmedia":[{"embeddable":true,"href":"https:\/\/www.paginas-del-diario-de-satan.com\/pdds\/index.php?rest_route=\/wp\/v2\/media\/4289"}],"wp:attachment":[{"href":"https:\/\/www.paginas-del-diario-de-satan.com\/pdds\/index.php?rest_route=%2Fwp%2Fv2%2Fmedia&parent=4288"}],"wp:term":[{"taxonomy":"category","embeddable":true,"href":"https:\/\/www.paginas-del-diario-de-satan.com\/pdds\/index.php?rest_route=%2Fwp%2Fv2%2Fcategories&post=4288"},{"taxonomy":"post_tag","embeddable":true,"href":"https:\/\/www.paginas-del-diario-de-satan.com\/pdds\/index.php?rest_route=%2Fwp%2Fv2%2Ftags&post=4288"}],"curies":[{"name":"wp","href":"https:\/\/api.w.org\/{rel}","templated":true}]}}