{"id":467,"date":"2013-11-28T11:25:15","date_gmt":"2013-11-28T11:25:15","guid":{"rendered":"http:\/\/www.paginasdeldiariodesatan.com\/pdds\/?p=467"},"modified":"2013-11-28T11:25:15","modified_gmt":"2013-11-28T11:25:15","slug":"desde-el-lado-del-corazon","status":"publish","type":"post","link":"https:\/\/www.paginas-del-diario-de-satan.com\/pdds\/?p=467","title":{"rendered":"Desde el lado del coraz\u00f3n"},"content":{"rendered":"<p>A diferencia de lo que ocurre en varios pa\u00edses vecinos , es infrecuente ver entre nosotros documentales que evoquen o registren hechos del pasado, incluyendo materiales de archivo. Aqu\u00ed los materiales de archivo se encuentran a cuentagotas y, por poner un ejemplo, el film <i>Imaginando a Mina, <\/i>sobre el c\u00e9lebre boxeador Mauro Mina, dirigido por Alfredo B\u00e9jar, \u00a0se surti\u00f3 de im\u00e1genes f\u00edlmicas de peleas encontradas en archivos norteamericanos y no hubo una sola que se hallara en el Per\u00fa con peleas locales de Mina<\/p>\n<p>De entrada, hay que destacar en <i>Desde el lado del coraz\u00f3n <\/i>\u00a0el aprovechamiento de im\u00e1genes filmadas en los a\u00f1os 60 y 70, escasas en lo que corresponde al primer periodo de Bela\u00fande y a los primeros a\u00f1os del gobierno de Velasco Alvarado; un poco m\u00e1s abundantes en los a\u00f1os posteriores, en parte debido a las propias filmaciones de Francisco Adrianz\u00e9n.\u00a0 Constituye, entonces, un enorme vac\u00edo la carencia o la exig\u00fcidad de im\u00e1genes\u00a0 f\u00edlmicas (o de video, cuando empez\u00f3 a utilizarse) sobre la historia pol\u00edtica o social del Per\u00fa hasta 1980 y, a\u00fan cuando en este documental hay un volumen relativamente considerable frente a lo poco que se ha visto antes, la impresi\u00f3n de insuficiencia no deja de sentirse.<\/p>\n<p>A\u00fan as\u00ed,\u00a0no se le puede regatear el m\u00e9rito de una tarea que se enfrenta en desventaja debido a las carencias se\u00f1aladas. A prop\u00f3sito, hay un documental sobre el ochenio de Manuel Odr\u00eda, a cargo de Mario Pozzi-Scott, \u00a0hecho con secuencias de noticiarios de la \u00e9poca, que esperamos est\u00e9 pronto terminado y que, igual que el de Adrianz\u00e9n, puede estimular a que se siga investigando en la historia de los hechos que han marcado la vida del Per\u00fa en el siglo XX.<\/p>\n<p><i>Desde el lado del coraz\u00f3n <\/i>privilegia el testimonio personal y deja como complemento las im\u00e1genes alusivas a los personajes o a las marchas y manifestaciones pol\u00edticas. Es la voz de varios de los m\u00e1s representativos dirigentes de la izquierda peruana de las a\u00f1os que cubre el film (incluyendo a los fallecidos Carlos Iv\u00e1n Degregori y Javier Diez Canseco), la que ofrece el recuento y la reflexi\u00f3n sobre esos tiempos turbulentos.<\/p>\n<p>Desde el t\u00edtulo se pone en evidencia la perspectiva que asume el director: a partir de lo dicho por el Che Guevara en el sentido de que la sangre es roja y el coraz\u00f3n est\u00e1 ubicado al lado izquierdo,\u00a0 se privilegia una mirada sentimental en la que, a\u00fan cuando las referencias apunten a las circunstancias de la \u00e9poca, el tono en que se dicen las cosas favorece el car\u00e1cter personal y emotivo del testimonio. En algunos casos, y con claras acentuaciones musicales, sobre todo hacia el final, se hace m\u00e1s notorio ese lado sentimental y la impresi\u00f3n de toda una generaci\u00f3n ( y m\u00e1s ) que entreg\u00f3 sus vidas a una causa pol\u00edtica vivida casi como una experiencia de apostolado religioso.<\/p>\n<p>Ah\u00ed est\u00e1, sin duda, el valor testimonial de la pel\u00edcula, pero al mismo tiempo la limitaci\u00f3n que muestra, pues a\u00fan cuando se mencionan por momentos los dogmatismos ideol\u00f3gicos tan fuertemente presentes en la izquierda peruana de esos a\u00f1os, la autocr\u00edtica se diluye un poco en la mirada c\u00e1lida y afectuosa que\u00a0<i>Desde el lado del coraz\u00f3n <\/i>trasmite y en la exaltaci\u00f3n de la lucha sacrificada de\u00a0cuadros que participaron activamente en las brega pol\u00edtica, pero cuya\u00a0responsabilidad (para bien o para mal) se ve bastante atenuada por la complicidad que el realizador establece con sus entrevistados.<\/p>\n<p><strong>\u00a0Isaac Le\u00f3n Fr\u00edas<\/strong><\/p>\n","protected":false},"excerpt":{"rendered":"<p>A diferencia de lo que ocurre en varios pa\u00edses vecinos , es infrecuente ver entre nosotros documentales que evoquen o registren hechos del pasado, incluyendo materiales de archivo. Aqu\u00ed los materiales de archivo se encuentran a cuentagotas y, por poner un ejemplo, el film Imaginando a Mina, sobre el c\u00e9lebre boxeador Mauro Mina, dirigido por [&hellip;]<\/p>\n","protected":false},"author":1,"featured_media":0,"comment_status":"open","ping_status":"open","sticky":false,"template":"","format":"standard","meta":[],"categories":[8,3,13,11,6,20],"tags":[],"_links":{"self":[{"href":"https:\/\/www.paginas-del-diario-de-satan.com\/pdds\/index.php?rest_route=\/wp\/v2\/posts\/467"}],"collection":[{"href":"https:\/\/www.paginas-del-diario-de-satan.com\/pdds\/index.php?rest_route=\/wp\/v2\/posts"}],"about":[{"href":"https:\/\/www.paginas-del-diario-de-satan.com\/pdds\/index.php?rest_route=\/wp\/v2\/types\/post"}],"author":[{"embeddable":true,"href":"https:\/\/www.paginas-del-diario-de-satan.com\/pdds\/index.php?rest_route=\/wp\/v2\/users\/1"}],"replies":[{"embeddable":true,"href":"https:\/\/www.paginas-del-diario-de-satan.com\/pdds\/index.php?rest_route=%2Fwp%2Fv2%2Fcomments&post=467"}],"version-history":[{"count":1,"href":"https:\/\/www.paginas-del-diario-de-satan.com\/pdds\/index.php?rest_route=\/wp\/v2\/posts\/467\/revisions"}],"predecessor-version":[{"id":468,"href":"https:\/\/www.paginas-del-diario-de-satan.com\/pdds\/index.php?rest_route=\/wp\/v2\/posts\/467\/revisions\/468"}],"wp:attachment":[{"href":"https:\/\/www.paginas-del-diario-de-satan.com\/pdds\/index.php?rest_route=%2Fwp%2Fv2%2Fmedia&parent=467"}],"wp:term":[{"taxonomy":"category","embeddable":true,"href":"https:\/\/www.paginas-del-diario-de-satan.com\/pdds\/index.php?rest_route=%2Fwp%2Fv2%2Fcategories&post=467"},{"taxonomy":"post_tag","embeddable":true,"href":"https:\/\/www.paginas-del-diario-de-satan.com\/pdds\/index.php?rest_route=%2Fwp%2Fv2%2Ftags&post=467"}],"curies":[{"name":"wp","href":"https:\/\/api.w.org\/{rel}","templated":true}]}}