{"id":471,"date":"2013-12-03T01:54:18","date_gmt":"2013-12-03T01:54:18","guid":{"rendered":"http:\/\/www.paginasdeldiariodesatan.com\/pdds\/?p=471"},"modified":"2013-12-05T02:04:52","modified_gmt":"2013-12-05T02:04:52","slug":"cuando-el-cine-era-una-fiesta-un-libro-de-nelson-garcia-miranda","status":"publish","type":"post","link":"https:\/\/www.paginas-del-diario-de-satan.com\/pdds\/?p=471","title":{"rendered":"Cuando el cine era una fiesta: un libro de Nelson Garc\u00eda Miranda"},"content":{"rendered":"<p>La historiograf\u00eda sobre el cine en el Per\u00fa cuenta con un nuevo y valioso aporte: el libro<i> Cuando el cine era una fiesta. La producci\u00f3n de la ley N\u00ba 19327.<\/i>\u00a0 Un largo\u00a0y minucioso trabajo de investigaci\u00f3n elaborado sin apoyos institucionales por Nelson Garc\u00eda Miranda , quien fuera activo realizador de cortos durante el periodo de vigencia de esa ley, y antes cr\u00edtico de la revista <i>Hablemos de Cine.<\/i><\/p>\n<p>Nelson Garc\u00eda Miranda ha publicado un volumen que ofrece datos filmogr\u00e1ficos sobre todo lo que se produjo entre 1973 y 1992, lo que abarca largometrajes, noticieros y cortos. El libro ha sido editado con el apoyo del grupo Chaski \u2013 est\u00e1 dedicado a la memoria de Stefan Kaspar, fallecido hace pocas semanas- y, sobre todo, de la historiadora Violeta Nu\u00f1ez, quien estuvo hace unos d\u00edas en Lima, donde adem\u00e1s de este libro, present\u00f3 el \u00faltimo que ella ha escrito, <i>El cine en Lima 1897-1929. <\/i>La edici\u00f3n del libro de Garc\u00eda, justamente, figura a cargo de Nu\u00f1ez, quien vive y contin\u00faa su actividad profesional en la ciudad de Los Angeles desde hace algunos a\u00f1os.<\/p>\n<p>La publicaci\u00f3n ofrece una amplia documentaci\u00f3n que no se agota en este libro,\u00a0pues se prolongar\u00e1 en otros, esperamos que pronto, luego de la larga espera que\u00a0ha significado para el autor la salida de este volumen. Pero ya de por s\u00ed, lo que aqu\u00ed se registra va a servir de material de base indispensable para cualquier\u00a0investigaci\u00f3n posterior, monograf\u00eda o tesis universitarias, reportajes period\u00edsticos o, sin m\u00e1s, la informaci\u00f3n con que profesionales y empresarios pueden contar acerca del periodo de la ley 19327 en estos tiempos en que se activa la producci\u00f3n cinematogr\u00e1fica en nuestro medio.<\/p>\n<p>Este registro de una etapa relativamente cercana en el tiempo y sobre la que se ha escrito bastante en t\u00e9rminos de evaluaci\u00f3n y comentario, llena uno de esos vac\u00edos cuya magnitud uno descubre de manera m\u00e1s clara cuando se confronta la informaci\u00f3n de la que antes se carec\u00eda. Porque, sin duda, lo primero que deber\u00eda tenerse siempre (y no se tiene por las dificultades de registro, por desidia o negligencia) es la base informativa, cuando m\u00e1s exhaustiva mejor que, si no evitar, puede al menos hacer disminuir las afirmaciones hechas a base de supuestos o de datos inexactos.<\/p>\n<p>Por cierto, el libro tiene l\u00edmites muy claros. Cuenta con una amplia introducci\u00f3n que hace un recorrido por los hechos principales de esos a\u00f1os, pero luego se ajusta a su prop\u00f3sito: consignar la filmograf\u00eda del periodo. No se intenta comentar ni hacer un balance interpretativo o valorativo. Incluso, Nelson Garc\u00eda, lejos ya de la pr\u00e1ctica cr\u00edtica que ejerci\u00f3 antes de iniciarse en la direcci\u00f3n, establece en el t\u00edtulo la identificaci\u00f3n con ese proceso del que fue uno de los personajes: de all\u00ed el \u00e9nfasis celebratorio. Garc\u00eda trasmite una cierta nostalgia por la etapa que le permiti\u00f3 convertirse en cineasta y en la que hizo muchos cortos, etapa que por cierto no se va a repetir, pues tanto las condiciones del pa\u00eds como de la pr\u00e1ctica cinematogr\u00e1fica no son, definitivamente, las mismas. \u00a0No hay, por tanto, una mirada cr\u00edtica y tampoco tendr\u00eda que haberla, pues ese no fue el objetivo del acopio que el autor realiz\u00f3 ni tampoco lo es ahora del libro que \u00a0acoge las fichas.<\/p>\n<p>Lo importante es que, finalmente, se puede contar con una base de datos que, sin ser cien por ciento completa (muy dif\u00edcilmente podr\u00eda serlo), entrega el mapa casi completo de un recorrido al que se le puede ir agregando poco a poco algunos puntos faltantes. El mismo Nelson Garc\u00eda sigue en ese empe\u00f1o y no cabe duda de que m\u00e1s adelante el material ser\u00e1 subido a la Internet de una u otra manera y all\u00ed los agregados ser\u00e1n m\u00e1s f\u00e1cilmente incorporables.<\/p>\n<p><strong>Isaac Le\u00f3n Fr\u00edas<\/strong><\/p>\n<p>&nbsp;<\/p>\n","protected":false},"excerpt":{"rendered":"<p>La historiograf\u00eda sobre el cine en el Per\u00fa cuenta con un nuevo y valioso aporte: el libro Cuando el cine era una fiesta. La producci\u00f3n de la ley N\u00ba 19327.\u00a0 Un largo\u00a0y minucioso trabajo de investigaci\u00f3n elaborado sin apoyos institucionales por Nelson Garc\u00eda Miranda , quien fuera activo realizador de cortos durante el periodo de [&hellip;]<\/p>\n","protected":false},"author":1,"featured_media":0,"comment_status":"open","ping_status":"open","sticky":false,"template":"","format":"standard","meta":[],"categories":[3,7,22],"tags":[],"_links":{"self":[{"href":"https:\/\/www.paginas-del-diario-de-satan.com\/pdds\/index.php?rest_route=\/wp\/v2\/posts\/471"}],"collection":[{"href":"https:\/\/www.paginas-del-diario-de-satan.com\/pdds\/index.php?rest_route=\/wp\/v2\/posts"}],"about":[{"href":"https:\/\/www.paginas-del-diario-de-satan.com\/pdds\/index.php?rest_route=\/wp\/v2\/types\/post"}],"author":[{"embeddable":true,"href":"https:\/\/www.paginas-del-diario-de-satan.com\/pdds\/index.php?rest_route=\/wp\/v2\/users\/1"}],"replies":[{"embeddable":true,"href":"https:\/\/www.paginas-del-diario-de-satan.com\/pdds\/index.php?rest_route=%2Fwp%2Fv2%2Fcomments&post=471"}],"version-history":[{"count":2,"href":"https:\/\/www.paginas-del-diario-de-satan.com\/pdds\/index.php?rest_route=\/wp\/v2\/posts\/471\/revisions"}],"predecessor-version":[{"id":473,"href":"https:\/\/www.paginas-del-diario-de-satan.com\/pdds\/index.php?rest_route=\/wp\/v2\/posts\/471\/revisions\/473"}],"wp:attachment":[{"href":"https:\/\/www.paginas-del-diario-de-satan.com\/pdds\/index.php?rest_route=%2Fwp%2Fv2%2Fmedia&parent=471"}],"wp:term":[{"taxonomy":"category","embeddable":true,"href":"https:\/\/www.paginas-del-diario-de-satan.com\/pdds\/index.php?rest_route=%2Fwp%2Fv2%2Fcategories&post=471"},{"taxonomy":"post_tag","embeddable":true,"href":"https:\/\/www.paginas-del-diario-de-satan.com\/pdds\/index.php?rest_route=%2Fwp%2Fv2%2Ftags&post=471"}],"curies":[{"name":"wp","href":"https:\/\/api.w.org\/{rel}","templated":true}]}}