{"id":475,"date":"2013-12-11T13:22:58","date_gmt":"2013-12-11T13:22:58","guid":{"rendered":"http:\/\/www.paginasdeldiariodesatan.com\/pdds\/?p=475"},"modified":"2013-12-11T13:25:18","modified_gmt":"2013-12-11T13:25:18","slug":"apuntes-y-mejores-estrenos-de-2013-para-monica-delgado","status":"publish","type":"post","link":"https:\/\/www.paginas-del-diario-de-satan.com\/pdds\/?p=475","title":{"rendered":"Apuntes sobre los mejores estrenos de 2013: M\u00f3nica Delgado"},"content":{"rendered":"<table width=\"100%\" border=\"1\" cellpadding=\"6\">\n<tbody>\n<tr>\n<td valign=\"top\" bgcolor=\"white\" width=\"100%\" height=\"300\">\n<div dir=\"ltr\">\n<div dir=\"ltr\"><strong>M\u00f3nica Delgado env\u00eda sus mejores del a\u00f1o 2013 y comentarios sobre lo que ocurri\u00f3 en los meses pasados.\u00a0<\/strong><\/div>\n<div dir=\"ltr\"><\/div>\n<div dir=\"ltr\"><\/div>\n<div dir=\"ltr\">\u00a0 \u00a0 \u00a0 \u00a0 \u00a0 \u00a0 \u00a0 \u00a0 \u00a0 \u00a0 \u00a0 \u00a0 \u00a0 \u00a0 \u00a0 \u00a0 \u00a0 \u00a0 \u00a0 \u00a0 \u00a0 \u00a0 \u00a0 \u00a0 \u00a0 \u00a0 \u00a0 \u00a0 <img alt=\"\" src=\"http:\/\/www.hollywoodreporter.com\/sites\/default\/files\/2012\/08\/the_master_paul_thomas_anderson18.jpeg\" \/><\/div>\n<div dir=\"ltr\"><\/div>\n<div dir=\"ltr\"><\/div>\n<div dir=\"ltr\">&#8220;No es que haya sido un a\u00f1o diferente en la cartelera comercial, incluso entre los mejores estrenos del a\u00f1o aparece un blockbuster, sin embargo se han podido estrenar pel\u00edculas que llegaron con fama de festivales, aunque el problema siempre ser\u00e1 el retraso con el que llegan a Per\u00fa en comparaci\u00f3n a otros pa\u00edses de la regi\u00f3n.<\/div>\n<div dir=\"ltr\"><\/div>\n<div dir=\"ltr\">Este a\u00f1o fue sin duda significativo por los nuevos visos del cine peruano, debido a la figuraci\u00f3n como alternativa dentro de la misma cartelera, que ten\u00eda acostumbrado al p\u00fablico a no ver con optimismo alg\u00fan filme peruano, e incluso latinoamericano, si es que no ten\u00eda el lenguaje y ritmo de exhibici\u00f3n impuesto por las majors. Es as\u00ed que\u00a0<b>Asu mare<\/b>, protagonizada por Carlos Alc\u00e1ntara, produjo un fen\u00f3meno ins\u00f3lito en el cine nacional, no solo al invisibilizar el papel del cineasta (que incluso resulta anecd\u00f3tico), sino al imponer un estilo de humor televisivo por encima de cualquier canon cinematogr\u00e1fico local, que acompa\u00f1ado de algunos motivos del g\u00e9nero c\u00f3mico, abrieron paso a un mercado con resultados econ\u00f3micos millonarios (ya se espera la secuela y algunas pel\u00edculas de similar factura).<\/div>\n<div dir=\"ltr\"><\/div>\n<div dir=\"ltr\">El estreno de\u00a0<b>Cementerio General<\/b>\u00a0de Dorian Fern\u00e1ndez &#8211; Moris mantuvo la atenci\u00f3n del p\u00fablico que estaba a\u00fan entusiasmado por el revuelo de\u00a0<b>Asu mare<\/b>. El cine peruano no solo hac\u00eda re\u00edr sino tambi\u00e9n gritar. El tema es que si bien\u00a0<b>Asu mare\u00a0<\/b>se bas\u00f3 en un estudio de impacto y\u00a0<i>focus group<\/i>\u00a0sobre su trama, el caso de\u00a0<b>Cementerio<\/b>&#8230; tuvo un proceso inverso, basado en un estudio basado en lograr solamente un trailer efectivo, que hiciera que las entradas se agotaran d\u00edas antes del estreno. Sin embargo, el resultado de la pel\u00edcula dejaba de lado las expectativas por encontrar un film de terror redondo, menos ingenuo, a diferencia de\u00a0<b>Asu Mare<\/b>\u00a0que por lo menos resultaba un producto con una fotograf\u00eda cuidada, con una puesta en escena epis\u00f3dica, de sketch, basada en el mon\u00f3logo de Alc\u00e1ntara, sin m\u00e1s pretensiones que divertir a costa de un humor con color local. Precisamente ambos estrenos sirvieron de buen pr\u00f3logo, en cuanto a recepci\u00f3n del p\u00fablico, para las siguientes pel\u00edculas que ingresaron a cartelera como\u00a0<b><a href=\"https:\/\/oliva.ulima.edu.pe\/exchweb\/bin\/redir.asp?URL=http:\/\/www.unacriticapordia.com\/2013\/10\/el-evangelio-de-la-carne-de-eduardo.html\" target=\"_blank\"><span style=\"color: #009eb8;\">El evangelio de la Carne<\/span><\/a><\/b>\u00a0o\u00a0<b><a href=\"https:\/\/oliva.ulima.edu.pe\/exchweb\/bin\/redir.asp?URL=http:\/\/www.unacriticapordia.com\/2013\/11\/rocanrol-68-de-gonzalo-benavente-secco.html\" target=\"_blank\"><span style=\"color: #009eb8;\">Rocanrol 68<\/span><\/a><\/b>, mostrando el inter\u00e9s del espectador por ver un nuevo cine nacional, m\u00e1s cercano y m\u00e1s atento a \u00a0sus gustos. Contexto que no goz\u00f3 una pel\u00edcula como\u00a0<a href=\"https:\/\/oliva.ulima.edu.pe\/exchweb\/bin\/redir.asp?URL=http:\/\/blog.desistfilm.com\/2012\/11\/19\/cobertura-27-festival-mar-del-plata-el-limpiador-de-adrian-saba-ii-spa\/\" target=\"_blank\"><span style=\"color: #009eb8;\">El limpiador<\/span><\/a>, debido a su estreno a comienzos del a\u00f1o, por tratarse tambi\u00e9n de una propuesta distinta y de &#8220;corte independiente&#8221;.<\/div>\n<div dir=\"ltr\"><\/div>\n<div dir=\"ltr\">En cuanto a la calidad, la cartelera de 2013 present\u00f3 pel\u00edculas nacionales de diverso calibre, sin embargo, debido a su apuesta expresiva,\u00a0<b>El limpiador<\/b>\u00a0de Adri\u00e1n Saba resulta el mejor estreno nacional peruano del a\u00f1o, de la mano con\u00a0<b>El evangelio de la carne<\/b>\u00a0de Eduardo Mendoza, que logr\u00f3 mostrar otro tipo de posibilidades para el melodrama y para absorber todo un imaginario local en pos de un relato coral y abierto.Un suceso importante, el estreno comercial de\u00a0<strong>El espacio entre las cosas<\/strong>, pel\u00edcula de corte experimental de Ra\u00fal del Busto, que debido a la obtenci\u00f3n de un premio en un concurso de distribuci\u00f3n, tuvo que estrenarla en una cadena de multicines, provocando un maltrato pero tambi\u00e9n reflexiones sobre el escaso circuito de exhibici\u00f3n para pel\u00edculas de este tipo.<\/div>\n<div dir=\"ltr\"><\/div>\n<div dir=\"ltr\">Un suceso penoso: la muerte de Stefan Kaspar, fundador del grupo Chaski, quien se encontraba en plena actividad con su proyecto de microcines, y que supuso tambi\u00e9n un llamado de atenci\u00f3n al Ministerio de Cultura, debido a la p\u00e9rdida de una personalidad importante para el impulso de una cine fuera de los circuitos convencionales, promoci\u00f3n que no cont\u00f3 con apoyo estatal. Por otro lado, el tema del proyecto de la Ley de cine no ha tenido avances y los concursos de largometrajes y cortos para este a\u00f1o se hicieron en con apuros en la segunda mitad, y no se han considerado cambios para hacer los procesos m\u00e1s transparentes (como el de limitar la participaci\u00f3n de obras que ya han participado anteriormente o que tienen ya varios a\u00f1os desde su fecha de producci\u00f3n).<\/div>\n<div dir=\"ltr\"><\/div>\n<div dir=\"ltr\">El 2013 tambi\u00e9n fue a\u00f1o para la afirmaci\u00f3n de tres festivales: FIACID, Lima Independiente y Transcinema, espacios que permitieron que nuevos p\u00fablicos se acerquen a nuevas pel\u00edculas, y que ubicaron tambi\u00e9n al pa\u00eds de dentro de una panorama de distribuci\u00f3n y exhibici\u00f3n festivalera sin antecedentes. La llegada de Apichatpong Weerasethakul al Per\u00fa marc\u00f3 un hito.<\/div>\n<div dir=\"ltr\"><\/div>\n<div dir=\"ltr\">Un acierto en este a\u00f1o tambi\u00e9n fue la reposici\u00f3n de varias pel\u00edculas, mostradas en ciclos, que impuls\u00f3 la cadena UVK, tanto para las pel\u00edculas de Alfred Hitchcock, como las de Brian de Palma y Stanley Kubrick, que en su mayor\u00eda gozaron de salas llenas. Este modo de exhibir cl\u00e1sicos tambi\u00e9n propici\u00f3 ver en proyecci\u00f3n impecable\u00a0<b>El juego de la muerte<\/b>\u00a0con Bruce Lee y el especial de terror por Halloween.<\/div>\n<div dir=\"ltr\">A continuaci\u00f3n, mi lista de las mejores pel\u00edculas estrenadas tanto por v\u00eda comercial y por v\u00eda alternativa (festivales y salas de cine arte).<b>Mejores pel\u00edculas estrenadas en cartelera peruana<\/b>1.\u00a0<b><a href=\"https:\/\/oliva.ulima.edu.pe\/exchweb\/bin\/redir.asp?URL=http:\/\/www.unacriticapordia.com\/2013\/02\/oscar-2013-master-de-paul-thomas.html\" target=\"_blank\"><span style=\"color: #009eb8;\">The Master<\/span><\/a><\/b>\u00a0de Paul Thomas Anderson<br \/>\n2.\u00a0<b>Antes de la medianoche<\/b>\u00a0de Richard Linklater<br \/>\n3.\u00a0<b>Cosm\u00f3polis<\/b>\u00a0de David Cronenberg<br \/>\n4.\u00a0<b>La noche m\u00e1s oscura<\/b>\u00a0de Kathryn Bigelow<br \/>\n5.\u00a0<b><a href=\"https:\/\/oliva.ulima.edu.pe\/exchweb\/bin\/redir.asp?URL=http:\/\/www.unacriticapordia.com\/2013\/02\/lincoln-de-steven-spielberg.html\" target=\"_blank\"><span style=\"color: #009eb8;\">Lincoln<\/span><\/a><\/b>\u00a0de Steven Spielberg<br \/>\n6.\u00a0<b>Las hierbas salvajes\u00a0<\/b>de Alain Resnais<br \/>\n7.\u00a0<b><a href=\"https:\/\/oliva.ulima.edu.pe\/exchweb\/bin\/redir.asp?URL=http:\/\/www.unacriticapordia.com\/2013\/11\/gravity-de-alfonso-cuaron.html\" target=\"_blank\"><span style=\"color: #009eb8;\">Gravedad<\/span><\/a><\/b>\u00a0de Alfonso Cuar\u00f3n<br \/>\n8.\u00a0<b><a href=\"https:\/\/oliva.ulima.edu.pe\/exchweb\/bin\/redir.asp?URL=http:\/\/www.unacriticapordia.com\/2013\/02\/amour-de-michael-haneke.html\" target=\"_blank\"><span style=\"color: #009eb8;\">Amor<\/span><\/a>\u00a0<\/b>de Michael Haneke<br \/>\n9.\u00a0<b><a href=\"https:\/\/oliva.ulima.edu.pe\/exchweb\/bin\/redir.asp?URL=http:\/\/www.unacriticapordia.com\/2013\/08\/el-conjuro-de-james-wan.html\" target=\"_blank\"><span style=\"color: #009eb8;\">El conjuro<\/span><\/a><\/b>\u00a0de James Wan<br \/>\n10.\u00a0<b>Titanes del Pac\u00edfico<\/b>\u00a0de Guillermo del Toro<\/p>\n<p>Dos decepciones de la cartelera:\u00a0<b><a href=\"https:\/\/oliva.ulima.edu.pe\/exchweb\/bin\/redir.asp?URL=http:\/\/www.unacriticapordia.com\/2013\/08\/spring-breakers-de-harmony-korine.html\" target=\"_blank\"><span style=\"color: #009eb8;\">Spring breakers<\/span><\/a><\/b>\u00a0de Harmony Korine y\u00a0<b>Los amantes pasajeros<\/b>\u00a0de Pedro Almod\u00f3var.<\/p>\n<\/div>\n<div dir=\"ltr\"><\/div>\n<div dir=\"ltr\"><\/div>\n<div dir=\"ltr\"><img alt=\"\" src=\"http:\/\/media.tiff.net\/contents\/stills\/leviathan_01.jpg\" \/><\/div>\n<div dir=\"ltr\"><\/div>\n<div dir=\"ltr\"><\/div>\n<div dir=\"ltr\"><b>Diez estrenos de exhibici\u00f3n en circuito alternativo (festivales, salas de cine arte, cineclubes):<\/b>1.\u00a0<b>Leviathan<\/b>\u00a0de Lucien Castaing-Taylor y Verena Paravel<br \/>\n<b>2. Stories we tell\u00a0<\/b>de Sarah Polley<br \/>\n<b>3. Los tres desastres<\/b>, episodio de Jean Luc-Godard en 3&#215;3<br \/>\n<b>4.\u00a0Copia certificada<\/b>\u00a0de Abbas Kiarostami<\/div>\n<div dir=\"ltr\">5.\u00a0<b>P3nd3j05<\/b>\u00a0de Ra\u00fal Perrone<\/div>\n<div dir=\"ltr\"><b>6. Arraianos\u00a0<\/b>de Eloy Enciso<\/div>\n<div dir=\"ltr\"><b>7. Los posibles\u00a0<\/b>de Santiago Mitre y Juan Onofri Barbato<br \/>\n<b>8. La jaula de oro<\/b>\u00a0de \u00a0Diego Quemada Diez<br \/>\n9.\u00a0<b>Viola<\/b>\u00a0de Mat\u00edas Pi\u00f1eiro<br \/>\n10.\u00a0<b>Salvo<\/b>\u00a0de Antonio Piazza y Fabio Grassadonia<br \/>\n11.\u00a0<b>La noche de enfrente<\/b>\u00a0de Ra\u00fal Ruiz<br \/>\n12.\u00a0<b>Yo soy mejor que vos<\/b>\u00a0de Che Sandoval<br \/>\n13.\u00a0<b>Vikingland\u00a0<\/b>de Xurxo Chirro<br \/>\n14.\u00a0<b>El sonido alrededor<\/b>\u00a0de Kleber Mendon\u00e7a Filho<br \/>\n<b>15.\u00a0<\/b><b>The act of Killing\u00a0<\/b>de Joshua Oppenheimer<\/div>\n<div dir=\"ltr\"><\/div>\n<div dir=\"ltr\"><a href=\"https:\/\/oliva.ulima.edu.pe\/exchweb\/bin\/redir.asp?URL=http:\/\/www.unacriticapordia.com\/2013\/12\/peru-apuntes-y-mejores-estrenos-2013.HTML\" target=\"_blank\">http:\/\/www.unacriticapordia.com\/2013\/12\/peru-apuntes-y-mejores-estrenos-2013.HTML<\/a><\/div>\n<div dir=\"ltr\"><\/div>\n<div dir=\"ltr\"><\/div>\n<div dir=\"ltr\"><strong>M\u00f3nica Delgado<\/strong><\/div>\n<div dir=\"ltr\"><\/div>\n<div dir=\"ltr\"><\/div>\n<\/div>\n<\/td>\n<\/tr>\n<\/tbody>\n<\/table>\n","protected":false},"excerpt":{"rendered":"<p>M\u00f3nica Delgado env\u00eda sus mejores del a\u00f1o 2013 y comentarios sobre lo que ocurri\u00f3 en los meses pasados.\u00a0 \u00a0 \u00a0 \u00a0 \u00a0 \u00a0 \u00a0 \u00a0 \u00a0 \u00a0 \u00a0 \u00a0 \u00a0 \u00a0 \u00a0 \u00a0 \u00a0 \u00a0 \u00a0 \u00a0 \u00a0 \u00a0 \u00a0 \u00a0 \u00a0 \u00a0 \u00a0 \u00a0 \u00a0 &#8220;No es que haya sido un a\u00f1o diferente en [&hellip;]<\/p>\n","protected":false},"author":1,"featured_media":0,"comment_status":"open","ping_status":"open","sticky":false,"template":"","format":"standard","meta":[],"categories":[14,3,38,6],"tags":[],"_links":{"self":[{"href":"https:\/\/www.paginas-del-diario-de-satan.com\/pdds\/index.php?rest_route=\/wp\/v2\/posts\/475"}],"collection":[{"href":"https:\/\/www.paginas-del-diario-de-satan.com\/pdds\/index.php?rest_route=\/wp\/v2\/posts"}],"about":[{"href":"https:\/\/www.paginas-del-diario-de-satan.com\/pdds\/index.php?rest_route=\/wp\/v2\/types\/post"}],"author":[{"embeddable":true,"href":"https:\/\/www.paginas-del-diario-de-satan.com\/pdds\/index.php?rest_route=\/wp\/v2\/users\/1"}],"replies":[{"embeddable":true,"href":"https:\/\/www.paginas-del-diario-de-satan.com\/pdds\/index.php?rest_route=%2Fwp%2Fv2%2Fcomments&post=475"}],"version-history":[{"count":3,"href":"https:\/\/www.paginas-del-diario-de-satan.com\/pdds\/index.php?rest_route=\/wp\/v2\/posts\/475\/revisions"}],"predecessor-version":[{"id":478,"href":"https:\/\/www.paginas-del-diario-de-satan.com\/pdds\/index.php?rest_route=\/wp\/v2\/posts\/475\/revisions\/478"}],"wp:attachment":[{"href":"https:\/\/www.paginas-del-diario-de-satan.com\/pdds\/index.php?rest_route=%2Fwp%2Fv2%2Fmedia&parent=475"}],"wp:term":[{"taxonomy":"category","embeddable":true,"href":"https:\/\/www.paginas-del-diario-de-satan.com\/pdds\/index.php?rest_route=%2Fwp%2Fv2%2Fcategories&post=475"},{"taxonomy":"post_tag","embeddable":true,"href":"https:\/\/www.paginas-del-diario-de-satan.com\/pdds\/index.php?rest_route=%2Fwp%2Fv2%2Ftags&post=475"}],"curies":[{"name":"wp","href":"https:\/\/api.w.org\/{rel}","templated":true}]}}