{"id":5866,"date":"2019-06-23T18:54:15","date_gmt":"2019-06-23T18:54:15","guid":{"rendered":"http:\/\/www.paginas-del-diario-de-satan.com\/pdds\/?p=5866"},"modified":"2019-06-23T18:54:15","modified_gmt":"2019-06-23T18:54:15","slug":"jorge-jellinek-uno-mas-de-los-nuestros-que-se-va-por-isaac-leon-frias","status":"publish","type":"post","link":"https:\/\/www.paginas-del-diario-de-satan.com\/pdds\/?p=5866","title":{"rendered":"Jorge Jellinek: uno m\u00e1s de los nuestros que se va, por Isaac Le\u00f3n Fr\u00edas"},"content":{"rendered":"<p><img alt=\"Resultado de imagen para jellinek la vida \u00c3\u00batil\" src=\"http:\/\/media.biobiochile.cl\/wp-content\/uploads\/2012\/09\/La-Vida-%C3%BAtil.jpg\" \/><\/p>\n<p>&nbsp;<\/p>\n<h3><strong><span style=\"color: #000000; font-family: Calibri;\">Otra noticia que uno recibe como un inesperado sopapo: la partida no avisada del gran amigo y colega uruguayo Jorge <\/span><span style=\"color: #000000; font-family: Calibri;\">Jellinek (1957-2019). <\/span><\/strong><\/h3>\n<h3><strong><span style=\"color: #000000; font-family: Calibri;\">Jorge fue m\u00e1s que un cr\u00edtico, pues desde la Cinemateca Uruguaya (en tiempos de Manuel Mart\u00ednez Carril), <\/span><span style=\"color: #000000; font-family: Calibri;\">desde el Festival de Punta del Este y desde otros espacios, contribuy\u00f3 a la difusi\u00f3n del cine latinoamericano y de todo el cine del mundo que ofrec\u00eda una mirada creativa, desde las manifestaciones m\u00e1s radicales y vanguardistas hasta aquellas <\/span><\/strong><strong><span style=\"color: #000000; font-family: Calibri;\">de raigambre popular como pueden ser las producciones de Pixar. De visi\u00f3n amplia, Jorge perteneci\u00f3 a una generaci\u00f3n que hizo de la cultura cinematogr\u00e1fica un modo de vida y que nunca se cerr\u00f3 en una concepci\u00f3n estrecha y limitada de lo art\u00edstico, como ocurr\u00eda en generaciones precedentes en el \u00e1mbito rioplatense.<\/span><\/strong><\/h3>\n<p>&nbsp;<\/p>\n<p><img alt=\"Resultado de imagen para jellinek la vida \u00c3\u00batil\" src=\"https:\/\/images.squarespace-cdn.com\/content\/v1\/56a2e12069492eb24c37ab6a\/1561229848021-R07E3TZ4J8K2EST4EU2P\/ke17ZwdGBToddI8pDm48kJpCoM2C6N8s0DPKwx69y9d7gQa3H78H3Y0txjaiv_0fDoOvxcdMmMKkDsyUqMSsMWxHk725yiiHCCLfrh8O1z5QPOohDIaIeljMHgDF5CVlOqpeNLcJ80NK65_fV7S1UZvIuTEFrN1TwCWu-u18u8yTLE_b04axdZDYa6NCZTvjirjcSQbdINryqaTbdKsomw\/hiAUsefulLife3.jpg\" \/><\/p>\n<h3><strong><span style=\"color: #000000; font-family: Calibri;\">Adem\u00e1s, Jorge quedar\u00e1 para siempre en las im\u00e1genes f\u00edlmicas, pues de manera sorpresiva se convirti\u00f3 en el protagonista de <i>La<\/i> <i>vida \u00fatil<\/i> (2010), un largometraje de Federico Veiroj, que es un homenaje a la Cinemateca Uruguaya y a su m\u00edtico director de varias d\u00e9cadas, Manolo Mart\u00ednez Carril. Y un homenaje, tambi\u00e9n, y ahora m\u00e1s que nunca, a su protagonista, un so\u00f1ador y a la vez un firme defensor de esos templos no religiosos que son los archivos de im\u00e1genes en movimiento y de las salas que las exhiben. Casi, casi un retrato de quien era Jorge en la vida real (como tambi\u00e9n, y a\u00fan m\u00e1s, lo es de Mart\u00ednez Carril), el personaje de la ficci\u00f3n, tambi\u00e9n y no casualmente llamado Jorge, se permite s\u00ed algunas licencias que seguramente nunca se imagin\u00f3 Jellinek, como ejecutar pasos de baile en una escalera. Se un\u00edan as\u00ed los datos de una existencia de origen real con otros extra\u00eddos de la imaginer\u00eda cin\u00e9fila, del musical, la fantas\u00eda y el romance.<\/span><\/strong><\/h3>\n<h3><strong><span style=\"color: #000000; font-family: Calibri;\">Para el Festival de Lima, Jorge Jellinek fue un visitante asiduo. Vino como miembro del jurado de la cr\u00edtica, como protagonista de <i>La vida \u00fatil<\/i>, como director del Festival de Punta del Este o, como \u00e9l dec\u00eda, como simple cin\u00e9filo y amigo del Festival, de muchos de nosotros y de Lima, ciudad que le era muy familiar. <\/span><\/strong><\/h3>\n<h3><strong><span style=\"color: #000000; font-family: Calibri;\">La de Jorge es una de esas p\u00e9rdidas irreparables para Uruguay y tambi\u00e9n para Argentina, otro pa\u00eds a cuyo espacio cultural cinematogr\u00e1fico estaba muy unido, y sin duda para nosotros que sentiremos \u00a0la falta de su compa\u00f1\u00eda siempre cordial, locuaz, generosa y bien dispuesta en los d\u00edas de las primeras quincenas de agosto, y en mi caso invariablemente durante los festivales de Mar del Plata y Buenos Aires (BAFICI) a los que asist\u00eda con entusiasmo. <\/span><\/strong><\/h3>\n<h3><strong><span style=\"color: #000000; font-family: Calibri;\">Isaac Le\u00f3n Fr\u00edas<\/span><\/strong><\/h3>\n","protected":false},"excerpt":{"rendered":"<p>&nbsp; Otra noticia que uno recibe como un inesperado sopapo: la partida no avisada del gran amigo y colega uruguayo Jorge Jellinek (1957-2019). Jorge fue m\u00e1s que un cr\u00edtico, pues desde la Cinemateca Uruguaya (en tiempos de Manuel Mart\u00ednez Carril), desde el Festival de Punta del Este y desde otros espacios, contribuy\u00f3 a la difusi\u00f3n [&hellip;]<\/p>\n","protected":false},"author":1,"featured_media":0,"comment_status":"open","ping_status":"open","sticky":false,"template":"","format":"standard","meta":[],"categories":[124,1043],"tags":[],"_links":{"self":[{"href":"https:\/\/www.paginas-del-diario-de-satan.com\/pdds\/index.php?rest_route=\/wp\/v2\/posts\/5866"}],"collection":[{"href":"https:\/\/www.paginas-del-diario-de-satan.com\/pdds\/index.php?rest_route=\/wp\/v2\/posts"}],"about":[{"href":"https:\/\/www.paginas-del-diario-de-satan.com\/pdds\/index.php?rest_route=\/wp\/v2\/types\/post"}],"author":[{"embeddable":true,"href":"https:\/\/www.paginas-del-diario-de-satan.com\/pdds\/index.php?rest_route=\/wp\/v2\/users\/1"}],"replies":[{"embeddable":true,"href":"https:\/\/www.paginas-del-diario-de-satan.com\/pdds\/index.php?rest_route=%2Fwp%2Fv2%2Fcomments&post=5866"}],"version-history":[{"count":1,"href":"https:\/\/www.paginas-del-diario-de-satan.com\/pdds\/index.php?rest_route=\/wp\/v2\/posts\/5866\/revisions"}],"predecessor-version":[{"id":5867,"href":"https:\/\/www.paginas-del-diario-de-satan.com\/pdds\/index.php?rest_route=\/wp\/v2\/posts\/5866\/revisions\/5867"}],"wp:attachment":[{"href":"https:\/\/www.paginas-del-diario-de-satan.com\/pdds\/index.php?rest_route=%2Fwp%2Fv2%2Fmedia&parent=5866"}],"wp:term":[{"taxonomy":"category","embeddable":true,"href":"https:\/\/www.paginas-del-diario-de-satan.com\/pdds\/index.php?rest_route=%2Fwp%2Fv2%2Fcategories&post=5866"},{"taxonomy":"post_tag","embeddable":true,"href":"https:\/\/www.paginas-del-diario-de-satan.com\/pdds\/index.php?rest_route=%2Fwp%2Fv2%2Ftags&post=5866"}],"curies":[{"name":"wp","href":"https:\/\/api.w.org\/{rel}","templated":true}]}}