{"id":5992,"date":"2019-09-08T16:25:37","date_gmt":"2019-09-08T16:25:37","guid":{"rendered":"http:\/\/www.paginas-del-diario-de-satan.com\/pdds\/?p=5992"},"modified":"2019-09-09T00:45:11","modified_gmt":"2019-09-09T00:45:11","slug":"norte","status":"publish","type":"post","link":"https:\/\/www.paginas-del-diario-de-satan.com\/pdds\/?p=5992","title":{"rendered":"Norte"},"content":{"rendered":"<p><img alt=\"Resultado de imagen para norte fabrizio aguilar\" src=\"https:\/\/s3.amazonaws.com\/imagenespantv\/noticia\/2019\/06\/orig-1561870672942.jpg\" \/><\/p>\n<p>&nbsp;<\/p>\n<p><span style=\"color: #000000; font-family: Calibri; font-size: medium;\">L\u00e1stima que \u201cNorte\u201d haya sido estrenada en una forma tan desairada, sin publicidad ni mayor informaci\u00f3n. Sin duda, es una de las mejores pel\u00edculas peruanas de este a\u00f1o y lo m\u00e1s logrado del director Fabrizio Aguilar.<\/span><\/p>\n<p><span style=\"color: #000000; font-family: Calibri; font-size: medium;\">Es una pel\u00edcula concentrada en lo dram\u00e1tico, el\u00edptica en la exposici\u00f3n, atenta al desempe\u00f1o de los actores; de ritmo quedo; distante de cualquier afectaci\u00f3n estil\u00edstica. <\/span><\/p>\n<p><span style=\"color: #000000; font-family: Calibri; font-size: medium;\">Ce\u00f1ida al retrato de Alejo (R\u00f3mulo Assereto) un joven arque\u00f3logo peruano (R\u00f3mulo Assereto) que regresa a Canad\u00e1 para una entrevista de trabajo y se reencuentra con su familia, la pel\u00edcula extiende distintas l\u00edneas narrativas que desarrolla sin enfatizar alguna\u00a0en particular , trat\u00e1ndolas con discreci\u00f3n y pudor en la exhibici\u00f3n de los sentimientos. <\/span><\/p>\n<p><span style=\"color: #000000; font-family: Calibri; font-size: medium;\">El conflicto con el padre; la relaci\u00f3n con el hermano de opiniones \u201cmuy lime\u00f1as\u201d; el peso del pasado y las culpas que se arrastran;\u00a0una inesperada atracci\u00f3n amorosa;\u00a0la relaci\u00f3n con las expectativas de la familia de Alejo que se encuentra en el Per\u00fa;\u00a0el recuerdo de la madre muerta,; la preparaci\u00f3n de la puesta en escena de una obra teatral. Esas situaciones dan origen a una trama de afectos contradictorios que Aguilar maneja sin cargar las tintas, apostando a la alusi\u00f3n, y encontrando soluciones visuales a las ideas que propone: la secuencia del di\u00e1logo en la \u201czona liberada\u201d \u2013mejor, la \u201czona de fumadores\u201d- con la luz que se apaga y se vuelve a prender; los cortes bruscos de montaje (jump cuts)\u00a0sobre Alejo caminando por el pasillo o corriendo por las calles congeladas en alternancia con las im\u00e1genes de su encuentro con el personaje de Jessica Allen; el tr\u00e1velin inicial con la nieve que empieza a caer con fuerza; las im\u00e1genes de las habitaciones vac\u00edas. \u00a0El montaje de Roberto Benavides aporta precisi\u00f3n y nitidez a la sucesi\u00f3n de esas im\u00e1genes de tensi\u00f3n y desolaci\u00f3n que acompa\u00f1an\u00a0el tr\u00e1nsito sobresaltado de Alejo.<\/span><\/p>\n<p><span style=\"color: #000000; font-family: Calibri; font-size: medium;\">Y halla un estilo visual neto: movimientos de c\u00e1mara ce\u00f1idos a los desplazamientos de los actores; fotograf\u00eda (un notable trabajo de Jos\u00e9 Luis Salom\u00f3n M\u00e9ndez) de colores p\u00e1lidos que plasman la expresi\u00f3n de la emoci\u00f3n de Alejo: la sensaci\u00f3n del estar aterido, pasmado, pero a la vez cargado de furia interna. <\/span><\/p>\n<p><span style=\"color: #000000; font-family: Calibri; font-size: medium;\">Pero el logro central de Aguilar est\u00e1 el tratamiento decantado de la dimensi\u00f3n alusiva y simb\u00f3lica que surge de las situaciones, sin necesidad de convertir a la pel\u00edcula en un discurso ni en una alegor\u00eda. <\/span><\/p>\n<p><span style=\"color: #000000; font-family: Calibri; font-size: medium;\">Es lo que ocurre con la resonancia\u00a0del pasado -y su vigencia- al que remite el trabajo de Alejo y sus excavaciones arqueol\u00f3gicas. Concepto que se asocia\u00a0a las evocaciones\u00a0que suscitan\u00a0la llamada\u00a0\u201czona liberada\u201d de la casa y\u00a0la condici\u00f3n migrante de la familia. Y con\u00a0el juego de espejos que se establece entre la situaci\u00f3n central de la pel\u00edcula y la condici\u00f3n de padre e hijo -las tensiones entre Willy y Biff- en \u201cMuerte de un viajante\u201d, de Arthur Miller. Tambi\u00e9n, con\u00a0la\u00a0idea que subyace en toda la acci\u00f3n: que no importa donde est\u00e9n, los peruanos llevan, como parte de su equipaje, divisiones, prejuicios y rencores profundos. Una noci\u00f3n\u00a0que tambi\u00e9n encontramos en \u201cLa bronca\u201d, de Daniel y Diego Vega. <\/span><\/p>\n<p><span style=\"font-family: Calibri;\"><span style=\"font-size: medium;\"><span style=\"color: #000000;\">Acaso por su origen teatral (la obra Newmarket\u201d de Jorge Castro), o por un prurito de claridad, o por la necesidad de redondear la situaci\u00f3n, el cl\u00edmax no est\u00e1 a la altura de lo anterior. El di\u00e1logo final entre los dos personajes centrales (no se puede decir m\u00e1s) tiene una resoluci\u00f3n ilustrativa y m\u00e1s bien convencional en su tratamiento cinematogr\u00e1fico. \u00a0<\/span><\/span><\/span><\/p>\n<p><span style=\"font-family: Calibri;\"><span style=\"font-size: medium;\"><span style=\"color: #000000;\">A pesar de eso, \u201cNorte\u201d es una pel\u00edcula personal y madura, ajena a cualquier aspaviento\u00a0de estilo. \u00a0<\/span><\/span><\/span><\/p>\n<p><span style=\"font-family: Calibri;\"><span style=\"font-size: medium;\"><span style=\"color: #000000;\">\u00a0<strong>Ricardo Bedoya<\/strong> <\/span><\/span><\/span><\/p>\n","protected":false},"excerpt":{"rendered":"<p>&nbsp; L\u00e1stima que \u201cNorte\u201d haya sido estrenada en una forma tan desairada, sin publicidad ni mayor informaci\u00f3n. Sin duda, es una de las mejores pel\u00edculas peruanas de este a\u00f1o y lo m\u00e1s logrado del director Fabrizio Aguilar. Es una pel\u00edcula concentrada en lo dram\u00e1tico, el\u00edptica en la exposici\u00f3n, atenta al desempe\u00f1o de los actores; de [&hellip;]<\/p>\n","protected":false},"author":1,"featured_media":0,"comment_status":"open","ping_status":"open","sticky":false,"template":"","format":"standard","meta":[],"categories":[200,3,11,1064],"tags":[],"_links":{"self":[{"href":"https:\/\/www.paginas-del-diario-de-satan.com\/pdds\/index.php?rest_route=\/wp\/v2\/posts\/5992"}],"collection":[{"href":"https:\/\/www.paginas-del-diario-de-satan.com\/pdds\/index.php?rest_route=\/wp\/v2\/posts"}],"about":[{"href":"https:\/\/www.paginas-del-diario-de-satan.com\/pdds\/index.php?rest_route=\/wp\/v2\/types\/post"}],"author":[{"embeddable":true,"href":"https:\/\/www.paginas-del-diario-de-satan.com\/pdds\/index.php?rest_route=\/wp\/v2\/users\/1"}],"replies":[{"embeddable":true,"href":"https:\/\/www.paginas-del-diario-de-satan.com\/pdds\/index.php?rest_route=%2Fwp%2Fv2%2Fcomments&post=5992"}],"version-history":[{"count":4,"href":"https:\/\/www.paginas-del-diario-de-satan.com\/pdds\/index.php?rest_route=\/wp\/v2\/posts\/5992\/revisions"}],"predecessor-version":[{"id":5994,"href":"https:\/\/www.paginas-del-diario-de-satan.com\/pdds\/index.php?rest_route=\/wp\/v2\/posts\/5992\/revisions\/5994"}],"wp:attachment":[{"href":"https:\/\/www.paginas-del-diario-de-satan.com\/pdds\/index.php?rest_route=%2Fwp%2Fv2%2Fmedia&parent=5992"}],"wp:term":[{"taxonomy":"category","embeddable":true,"href":"https:\/\/www.paginas-del-diario-de-satan.com\/pdds\/index.php?rest_route=%2Fwp%2Fv2%2Fcategories&post=5992"},{"taxonomy":"post_tag","embeddable":true,"href":"https:\/\/www.paginas-del-diario-de-satan.com\/pdds\/index.php?rest_route=%2Fwp%2Fv2%2Ftags&post=5992"}],"curies":[{"name":"wp","href":"https:\/\/api.w.org\/{rel}","templated":true}]}}